{"id":104808,"date":"2017-07-13T06:27:33","date_gmt":"2017-07-13T09:27:33","guid":{"rendered":"http:\/\/senoticias.com.br\/se\/?p=104808"},"modified":"2017-07-13T15:10:08","modified_gmt":"2017-07-13T18:10:08","slug":"seis-suspeitos-sao-presos-na-manha-desta-quinta-em-itabaiana","status":"publish","type":"post","link":"https:\/\/senoticias.com.br\/se\/seis-suspeitos-sao-presos-na-manha-desta-quinta-em-itabaiana\/","title":{"rendered":"Pol\u00edcia Civil deflagra Opera\u00e7\u00e3o em Itabaiana"},"content":{"rendered":"<p style=\"text-align: justify;\">No in\u00edcio da manh\u00e3 de hoje, 13, a equipe da Delegacia Regional de Itabaiana efetuou o cumprimento do mandado de pris\u00e3o tempor\u00e1ria de Wendel Santos de Almeida, 23 anos, natural de Itabaiana, Carlos Ant\u00f4nio Santos, conhecido como Coconha, Rosilene Silva de Menezes, 36 anos, natural de Itabaiana, e Maria Aparecida da Silva, 38 anos, tamb\u00e9m conhecida como P\u00eau, todos por homic\u00eddio e apreens\u00e3o de um adolescente de 17 anos, pelo cometimento de ato infracional an\u00e1logo ao crime de homic\u00eddio.<\/p>\n<div id=\"attachment_98723\" style=\"width: 609px\" class=\"wp-caption aligncenter\"><img loading=\"lazy\" decoding=\"async\" aria-describedby=\"caption-attachment-98723\" class=\"size-full wp-image-98723\" src=\"http:\/\/senoticias.com.br\/se\/wp-content\/uploads\/2016\/12\/Fabio-Santana-delegado-SE-Noticias-e1481625934879.jpeg\" alt=\"Opera\u00e7\u00e3o \u00e9 coordenada pelo Delegado F\u00e1bio Santana da Delegacia Regional de Itabaiana \" width=\"599\" height=\"447\" \/><p id=\"caption-attachment-98723\" class=\"wp-caption-text\">Opera\u00e7\u00e3o \u00e9 coordenada pelo Delegado F\u00e1bio Santana da Delegacia Regional de Itabaiana(foto: arquivo\/SSP\/SE)<\/p><\/div>\n<p style=\"text-align: justify;\">As investiga\u00e7\u00f5es dos policiais do Departamento de Homic\u00eddios e Prote\u00e7\u00e3o \u00e0 Pessoa (DHPP) duraram cerca de dois meses e culminaram com a pris\u00e3o do grupo e apreens\u00e3o do adolescente como envolvidos no homic\u00eddio de Joseano Alves dos Santos, conhecido como Nandinho.<\/p>\n<p style=\"text-align: justify;\">Consta do Inqu\u00e9rito Policial que, na manh\u00e3 do dia 05 de maio, a v\u00edtima, Joseano Alves dos Santos, conhecido como Nandinho, estava na Rua Francisco Santos, Bairro A\u00e7ude Velho em Itabaiana, quando foi abordado por dois homens em uma motocicleta os quais acabaram efetuando v\u00e1rios disparos de arma de fogo contra a v\u00edtima.<\/p>\n<p>&nbsp;<\/p>\n<p style=\"text-align: justify;\">As investiga\u00e7\u00f5es apontaram que o crime foi organizado pelas irm\u00e3s Rosilene e Maria Aparecida, em companhia de Jo\u00e3o Leno Melo Cunha, Wendell, Carlos Ant\u00f4nio e o adolescente, culminando na morte de Joseano. O crime foi motivado devido as agress\u00f5es e amea\u00e7as de morte sofridas por Rosilene que buscava o div\u00f3rcio.<\/p>\n<p style=\"text-align: justify;\">Na opera\u00e7\u00e3o foram encontradas armas de fogo e drogas com r\u00e9us oportunidade em que foram lavrados autos de pris\u00e3o em flagrante por porte ilegal de arma e tr\u00e1fico de drogas. Ainda durante a a\u00e7\u00e3o, foi preso Lucas de Jesus Santos, de 21 anos, por roubo e um adolescente acusado por ato infracional an\u00e1logo ao mesmo crime. A dupla foi encaminhada \u00e0 Delegacia Regional.<\/p>\n<p style=\"text-align: justify;\"><img loading=\"lazy\" decoding=\"async\" class=\"aligncenter size-full wp-image-104544\" src=\"http:\/\/senoticias.com.br\/se\/wp-content\/uploads\/2017\/07\/Logo-fone-1-2-1-2-4-6.jpg\" alt=\"Logo-fone-1-2-1-2-4-6\" width=\"599\" height=\"78\" srcset=\"https:\/\/senoticias.com.br\/se\/wp-content\/uploads\/2017\/07\/Logo-fone-1-2-1-2-4-6.jpg 599w, https:\/\/senoticias.com.br\/se\/wp-content\/uploads\/2017\/07\/Logo-fone-1-2-1-2-4-6-300x39.jpg 300w\" sizes=\"(max-width: 599px) 100vw, 599px\" \/><\/p>\n<p style=\"text-align: justify;\"><em><strong>Acompanhe tamb\u00e9m o SE Not\u00edcias no\u00a0<a href=\"https:\/\/twitter.com\/Senoticias\" target=\"_blank\">Twitter<\/a>,\u00a0<a href=\"https:\/\/www.facebook.com\/senoticias1\" target=\"_blank\">Facebook<\/a>\u00a0e no\u00a0<a href=\"https:\/\/www.instagram.com\/senoticias\/\" target=\"_blank\">Instagram<\/a><\/strong><\/em><\/p>\n<p style=\"text-align: justify;\"><em>Informa\u00e7\u00f5es da SSP\/SE<\/em><\/p>\n","protected":false},"excerpt":{"rendered":"<p>No in\u00edcio da manh\u00e3 de hoje, 13, a equipe da Delegacia Regional de Itabaiana efetuou o cumprimento do mandado de pris\u00e3o tempor\u00e1ria de Wendel Santos de Almeida, 23 anos, natural de Itabaiana, Carlos Ant\u00f4nio Santos, conhecido como Coconha, Rosilene Silva de Menezes, 36 anos, natural de Itabaiana, e Maria Aparecida da Silva, 38 anos, tamb\u00e9m [&hellip;]<\/p>\n","protected":false},"author":2,"featured_media":98723,"comment_status":"closed","ping_status":"closed","sticky":false,"template":"","format":"standard","meta":{"footnotes":""},"categories":[15,7],"tags":[2815,1736,236,4464,4674],"class_list":{"0":"post-104808","1":"post","2":"type-post","3":"status-publish","4":"format-standard","5":"has-post-thumbnail","7":"category-destaques","8":"category-policia","9":"tag-delegado","10":"tag-fabio-santana","11":"tag-itabaiana","12":"tag-presos","13":"tag-seis-suspeitos"},"_links":{"self":[{"href":"https:\/\/senoticias.com.br\/se\/wp-json\/wp\/v2\/posts\/104808"}],"collection":[{"href":"https:\/\/senoticias.com.br\/se\/wp-json\/wp\/v2\/posts"}],"about":[{"href":"https:\/\/senoticias.com.br\/se\/wp-json\/wp\/v2\/types\/post"}],"author":[{"embeddable":true,"href":"https:\/\/senoticias.com.br\/se\/wp-json\/wp\/v2\/users\/2"}],"replies":[{"embeddable":true,"href":"https:\/\/senoticias.com.br\/se\/wp-json\/wp\/v2\/comments?post=104808"}],"version-history":[{"count":0,"href":"https:\/\/senoticias.com.br\/se\/wp-json\/wp\/v2\/posts\/104808\/revisions"}],"wp:featuredmedia":[{"embeddable":true,"href":"https:\/\/senoticias.com.br\/se\/wp-json\/wp\/v2\/media\/98723"}],"wp:attachment":[{"href":"https:\/\/senoticias.com.br\/se\/wp-json\/wp\/v2\/media?parent=104808"}],"wp:term":[{"taxonomy":"category","embeddable":true,"href":"https:\/\/senoticias.com.br\/se\/wp-json\/wp\/v2\/categories?post=104808"},{"taxonomy":"post_tag","embeddable":true,"href":"https:\/\/senoticias.com.br\/se\/wp-json\/wp\/v2\/tags?post=104808"}],"curies":[{"name":"wp","href":"https:\/\/api.w.org\/{rel}","templated":true}]}}