{"id":104805,"date":"2017-07-12T21:04:38","date_gmt":"2017-07-13T00:04:38","guid":{"rendered":"http:\/\/senoticias.com.br\/se\/?p=104805"},"modified":"2017-07-12T21:09:23","modified_gmt":"2017-07-13T00:09:23","slug":"prefeito-de-santo-amaro-das-brotas-decide-tomar-medidas-drasticas-para-amenizar-rombo-nas-contas-deixado-pela-gestao-anterior","status":"publish","type":"post","link":"https:\/\/senoticias.com.br\/se\/prefeito-de-santo-amaro-das-brotas-decide-tomar-medidas-drasticas-para-amenizar-rombo-nas-contas-deixado-pela-gestao-anterior\/","title":{"rendered":"Santo Amaro: prefeito decide tomar medidas dr\u00e1sticas para amenizar rombo nas contas"},"content":{"rendered":"<p style=\"text-align: justify;\">Ao completar seis meses de mandato, Dadau Santos anunciou em reuni\u00e3o com todo o funcionalismo e secret\u00e1rios que os problemas herdados chegam ao montante de pouco mais de R$ 23 milh\u00f5es de reais e se espalharam atrav\u00e9s de d\u00edvidas com a\u00e7\u00f5es trabalhistas, INSS, previd\u00eancia social, fornecedores, prestadores de servi\u00e7o e at\u00e9 com o famoso &#8220;restos a pagar&#8221;.<\/p>\n<div id=\"attachment_104806\" style=\"width: 609px\" class=\"wp-caption aligncenter\"><img loading=\"lazy\" decoding=\"async\" aria-describedby=\"caption-attachment-104806\" class=\"size-full wp-image-104806\" src=\"http:\/\/senoticias.com.br\/se\/wp-content\/uploads\/2017\/07\/prefeito-de-santo-amaro-senoticias-e1499904351574.jpeg\" alt=\"Prefeito de Santo Amaro das Brotas, decide tomar medidas dr\u00e1sticas para amenizar rombo nas contas deixado pela gest\u00e3o anterior\" width=\"599\" height=\"449\" \/><p id=\"caption-attachment-104806\" class=\"wp-caption-text\">Prefeito de Santo Amaro das Brotas, decide tomar medidas dr\u00e1sticas para amenizar rombo nas contas deixado pela gest\u00e3o anterior (foto: ascom\/PMSA)<\/p><\/div>\n<p style=\"text-align: justify;\">A grave situa\u00e7\u00e3o obrigou uma decis\u00e3o dr\u00e1stica. Para conter a sangria, o Prefeito Dadau Santos, decidiu cortar na pele e anunciou que secretarias e gratifica\u00e7\u00f5es ser\u00e3o extintas, cc&#8217;s demitidos e sal\u00e1rios diminu\u00eddos.<\/p>\n<p style=\"text-align: justify;\">A medida serve de freio de arruma\u00e7\u00e3o j\u00e1 que a atual gest\u00e3o encontrou o patrim\u00f4nio p\u00fablico completamente dilapidado. Apesar da grave crise, o Prefeito fez quest\u00e3o de ressaltar que todos os esfor\u00e7os est\u00e3o sendo realizados para amenizar os impactos e garantir o funcionamento da m\u00e1quina p\u00fablica de forma correta e promissora.<\/p>\n<p style=\"text-align: justify;\">&#8220;A esperan\u00e7a ainda n\u00e3o acabou, n\u00f3s vamos continuar lutando em busca de emenda parlamentares em Bras\u00edlia, vamos viabilizar a cobran\u00e7a dos impostos e lutar pelo aumento dos royalties para a amenizar este sofrimento. Vontade e desejo de trabalhar forte n\u00e3o nos falta&#8221;, completou Dadau.<\/p>\n<p style=\"text-align: justify;\">Por fim, o Prefeito pediu a compreens\u00e3o do povo santamarense e reafirmou o seu compromisso em melhorar a cada dia a qualidade de vida de todos e da cidade.<\/p>\n<p style=\"text-align: justify;\"><img loading=\"lazy\" decoding=\"async\" class=\"aligncenter size-full wp-image-104544\" src=\"http:\/\/senoticias.com.br\/se\/wp-content\/uploads\/2017\/07\/Logo-fone-1-2-1-2-4-6.jpg\" alt=\"Logo-fone-1-2-1-2-4-6\" width=\"599\" height=\"78\" srcset=\"https:\/\/senoticias.com.br\/se\/wp-content\/uploads\/2017\/07\/Logo-fone-1-2-1-2-4-6.jpg 599w, https:\/\/senoticias.com.br\/se\/wp-content\/uploads\/2017\/07\/Logo-fone-1-2-1-2-4-6-300x39.jpg 300w\" sizes=\"(max-width: 599px) 100vw, 599px\" \/><\/p>\n<p style=\"text-align: justify;\"><em><strong>Acompanhe tamb\u00e9m o SE Not\u00edcias no\u00a0<a href=\"https:\/\/twitter.com\/Senoticias\" target=\"_blank\">Twitter<\/a>,\u00a0<a href=\"https:\/\/www.facebook.com\/senoticias1\" target=\"_blank\">Facebook<\/a>\u00a0e no\u00a0<a href=\"https:\/\/www.instagram.com\/senoticias\/\" target=\"_blank\">Instagram<\/a><\/strong><\/em><\/p>\n<p style=\"text-align: justify;\"><em>por Assessoria de Imprensa<\/em><\/p>\n","protected":false},"excerpt":{"rendered":"<p>Ao completar seis meses de mandato, Dadau Santos anunciou em reuni\u00e3o com todo o funcionalismo e secret\u00e1rios que os problemas herdados chegam ao montante de pouco mais de R$ 23 milh\u00f5es de reais e se espalharam atrav\u00e9s de d\u00edvidas com a\u00e7\u00f5es trabalhistas, INSS, previd\u00eancia social, fornecedores, prestadores de servi\u00e7o e at\u00e9 com o famoso &#8220;restos [&hellip;]<\/p>\n","protected":false},"author":2,"featured_media":104806,"comment_status":"closed","ping_status":"closed","sticky":false,"template":"","format":"standard","meta":{"footnotes":""},"categories":[38],"tags":[4671,314,4672,4673],"class_list":{"0":"post-104805","1":"post","2":"type-post","3":"status-publish","4":"format-standard","5":"has-post-thumbnail","7":"category-municipios","8":"tag-dadau","9":"tag-prefeito","10":"tag-prefeito-dadau","11":"tag-santo-amaro-das-brotas"},"_links":{"self":[{"href":"https:\/\/senoticias.com.br\/se\/wp-json\/wp\/v2\/posts\/104805"}],"collection":[{"href":"https:\/\/senoticias.com.br\/se\/wp-json\/wp\/v2\/posts"}],"about":[{"href":"https:\/\/senoticias.com.br\/se\/wp-json\/wp\/v2\/types\/post"}],"author":[{"embeddable":true,"href":"https:\/\/senoticias.com.br\/se\/wp-json\/wp\/v2\/users\/2"}],"replies":[{"embeddable":true,"href":"https:\/\/senoticias.com.br\/se\/wp-json\/wp\/v2\/comments?post=104805"}],"version-history":[{"count":0,"href":"https:\/\/senoticias.com.br\/se\/wp-json\/wp\/v2\/posts\/104805\/revisions"}],"wp:featuredmedia":[{"embeddable":true,"href":"https:\/\/senoticias.com.br\/se\/wp-json\/wp\/v2\/media\/104806"}],"wp:attachment":[{"href":"https:\/\/senoticias.com.br\/se\/wp-json\/wp\/v2\/media?parent=104805"}],"wp:term":[{"taxonomy":"category","embeddable":true,"href":"https:\/\/senoticias.com.br\/se\/wp-json\/wp\/v2\/categories?post=104805"},{"taxonomy":"post_tag","embeddable":true,"href":"https:\/\/senoticias.com.br\/se\/wp-json\/wp\/v2\/tags?post=104805"}],"curies":[{"name":"wp","href":"https:\/\/api.w.org\/{rel}","templated":true}]}}