{"id":104796,"date":"2017-07-12T17:32:41","date_gmt":"2017-07-12T20:32:41","guid":{"rendered":"http:\/\/senoticias.com.br\/se\/?p=104796"},"modified":"2017-07-13T15:04:19","modified_gmt":"2017-07-13T18:04:19","slug":"biblioteca-publica-oferece-cursos-gratuitos-de-ingles-basico-braille-e-informatica","status":"publish","type":"post","link":"https:\/\/senoticias.com.br\/se\/biblioteca-publica-oferece-cursos-gratuitos-de-ingles-basico-braille-e-informatica\/","title":{"rendered":"Biblioteca P\u00fablica oferece cursos gratuitos de ingl\u00eas b\u00e1sico, braille e inform\u00e1tica"},"content":{"rendered":"<p style=\"text-align: justify;\">No m\u00eas de julho, a Biblioteca P\u00fablica Epif\u00e2nio D\u00f3ria (BPED) realiza uma s\u00e9rie de cursos e oficinas gratuitas com o objetivo de capacitar as pessoas ao mercado de trabalho e aproxim\u00e1-las cada vez mais do espa\u00e7o da Biblioteca. Um dos carros-chefe do projeto \u00e9 o curso intensivo de Ingl\u00eas B\u00e1sico, promovido pelo Programa Conecta Biblioteca, realizado pela ONG Recode e Caravan Studios, e aderido pelo Governo de Sergipe.<\/p>\n<p style=\"text-align: justify;\">O curso ter\u00e1 cinco meses de dura\u00e7\u00e3o e os alunos ter\u00e3o aulas da l\u00edngua duas vezes na semana, no per\u00edodo matutino. A professora Dora Costa explica que o curso, apesar de obter curta dura\u00e7\u00e3o, ter\u00e1 uma mescla entre conversa\u00e7\u00e3o e escrita. \u201cTemos uma proposta de ensinar um ingl\u00eas elementar, ou seja, fazer com que os alunos saiam daqui falando ingl\u00eas de maneira fluente e sem muitas dificuldades\u201d, afirmou.<\/p>\n<div id=\"attachment_104797\" style=\"width: 609px\" class=\"wp-caption aligncenter\"><img loading=\"lazy\" decoding=\"async\" aria-describedby=\"caption-attachment-104797\" class=\"size-full wp-image-104797\" src=\"http:\/\/senoticias.com.br\/se\/wp-content\/uploads\/2017\/07\/ccd695529fc7c07865f50d7de9e21ab1-e1499891443619.jpg\" alt=\"Biblioteca P\u00fablica inicia curso de Ingl\u00eas B\u00e1sico gratuito \/ Foto: Ascom\/Secult\" width=\"599\" height=\"399\" \/><p id=\"caption-attachment-104797\" class=\"wp-caption-text\">Biblioteca P\u00fablica inicia curso de Ingl\u00eas B\u00e1sico gratuito \/ Foto: Ascom\/Secult<\/p><\/div>\n<p style=\"text-align: justify;\">Dora ressalta que a did\u00e1tica do curso \u00e9 humanizada, respeitando as individualidades de cada estudante. \u201cA turma conta com alunos de diversas idades. Espero nesses cinco meses repassar o m\u00e1ximo de conhecimento para que eles saiam com uma boa bagagem para o mercado de trabalho\u201d, salientou.<\/p>\n<p style=\"text-align: justify;\">A estudante de direito Paula Morgana afirma que o curso de l\u00edngua inglesa da Biblioteca ir\u00e1 somar em seu curr\u00edculo. \u201cEm tempos de crise econ\u00f4mica, as pessoas t\u00eam dificuldade de pagar cursos de ingl\u00eas e a correria di\u00e1ria tamb\u00e9m n\u00e3o nos permite que fa\u00e7amos esses tipos de cursos. \u00c9 uma oportunidade de ouro para mim que sou estudante e penso no futuro\u201d, enfatizou.<\/p>\n<p style=\"text-align: justify;\">O Conecta Biblioteca tem patroc\u00ednio da Funda\u00e7\u00e3o Bill &amp; Melinda Gates e apoio do Sistema Nacional de Bibliotecas P\u00fablicas (SNBP) e da Diretoria do Livro, Leitura, Literatura e Bibliotecas (DLLLB), do Minist\u00e9rio da Cultura. Al\u00e9m do Ingl\u00eas B\u00e1sico a BPED est\u00e1 oferecendo ainda cursos de capacita\u00e7\u00e3o gratuitos de soroban, inform\u00e1tica e Braille. Interessados em participar dos cursos de julho j\u00e1 podem fazer suas inscri\u00e7\u00f5es na BPED, localizada na Rua Dr. Leonardo leite, s\/n. Bairro 13 de Julho. CEP: 49020 \u2013 150. Aracaju\/SE. Mais informa\u00e7\u00f5es podem ser obtidas pelo telefone (79) 3179-1907.<\/p>\n<p style=\"text-align: justify;\"><strong>CRONOGRAMA DAS ATIVIDADES:<\/strong><\/p>\n<p><strong>Curso de Ingl\u00eas<\/strong><br \/>\nSegunda e Quarta \u2013 09:00 \u00e1s 09:50<br \/>\n15 Vagas \u2013 dura\u00e7\u00e3o de 5 meses<br \/>\nInicio das aulas: 03\/07\/2017<\/p>\n<p><strong>Curso de Soroban (\u00e1baco)<\/strong><br \/>\nSegunda \u00e0 Sexta \u2013 14h \u00e0s 17h<br \/>\n20 Vagas<br \/>\nDura\u00e7\u00e3o do curso: 10 \u00e0 21\/07\/2017<\/p>\n<p><strong>Curso de Braille<\/strong><br \/>\nTurma 1: Ter\u00e7as-feiras, de 8 \u00e0s 12h (01\/08 \u00e0 26\/09\/2017)<br \/>\nTurma 2: Segundas e quartas-feiras, 14h \u00e0s 17h (07\/08 \u00e0 13\/09\/2017)<br \/>\n20 Vagas \u2013 Per\u00edodo de pr\u00e9-inscri\u00e7\u00e3o: 26\/06 \u00e0 07\/07\/2017<\/p>\n<p><strong>Curso de Inform\u00e1tica B\u00e1sica<\/strong><br \/>\nIn\u00edcio: 03\/07\/2017<br \/>\n1\u00aa turma: Quinta-feira, 10 \u00e0s 12h \/ 10 vagas<\/p>\n<p><strong>Curso de Inform\u00e1tica Avan\u00e7ada<\/strong><br \/>\n1\u00aa Turma: Segunda-feira, 08 \u00e0s 10h \/ 10 Vagas<br \/>\n2\u00aa Turma: Segunda-feira, 10 \u00e0s 10h \/ 10 Vagas<br \/>\n3\u00aa Turma: Ter\u00e7a-feira, 08 \u00e0s 10h \/ 10 Vagas<br \/>\nDura\u00e7\u00e3o de 02 meses<\/p>\n<p>&nbsp;<\/p>\n<p><img loading=\"lazy\" decoding=\"async\" class=\"aligncenter size-full wp-image-104544\" src=\"http:\/\/senoticias.com.br\/se\/wp-content\/uploads\/2017\/07\/Logo-fone-1-2-1-2-4-6.jpg\" alt=\"Logo-fone-1-2-1-2-4-6\" width=\"599\" height=\"78\" srcset=\"https:\/\/senoticias.com.br\/se\/wp-content\/uploads\/2017\/07\/Logo-fone-1-2-1-2-4-6.jpg 599w, https:\/\/senoticias.com.br\/se\/wp-content\/uploads\/2017\/07\/Logo-fone-1-2-1-2-4-6-300x39.jpg 300w\" sizes=\"(max-width: 599px) 100vw, 599px\" \/><\/p>\n<p><em><strong>Acompanhe tamb\u00e9m o SE Not\u00edcias no\u00a0<a href=\"https:\/\/twitter.com\/Senoticias\" target=\"_blank\">Twitter<\/a>,\u00a0<a href=\"https:\/\/www.facebook.com\/senoticias1\" target=\"_blank\">Facebook<\/a>\u00a0e no\u00a0<a href=\"https:\/\/www.instagram.com\/senoticias\/\" target=\"_blank\">Instagram<\/a><\/strong><\/em><\/p>\n<p><em>Por ASN<\/em><\/p>\n","protected":false},"excerpt":{"rendered":"<p>No m\u00eas de julho, a Biblioteca P\u00fablica Epif\u00e2nio D\u00f3ria (BPED) realiza uma s\u00e9rie de cursos e oficinas gratuitas com o objetivo de capacitar as pessoas ao mercado de trabalho e aproxim\u00e1-las cada vez mais do espa\u00e7o da Biblioteca. Um dos carros-chefe do projeto \u00e9 o curso intensivo de Ingl\u00eas B\u00e1sico, promovido pelo Programa Conecta Biblioteca, [&hellip;]<\/p>\n","protected":false},"author":2,"featured_media":0,"comment_status":"closed","ping_status":"closed","sticky":false,"template":"","format":"standard","meta":{"footnotes":""},"categories":[10,45],"tags":[4664,3022,4663,4662,4665],"class_list":{"0":"post-104796","1":"post","2":"type-post","3":"status-publish","4":"format-standard","6":"category-empregos","7":"category-tecnologia","8":"tag-braille","9":"tag-cursos","10":"tag-informatica","11":"tag-ingles","12":"tag-soroban"},"_links":{"self":[{"href":"https:\/\/senoticias.com.br\/se\/wp-json\/wp\/v2\/posts\/104796"}],"collection":[{"href":"https:\/\/senoticias.com.br\/se\/wp-json\/wp\/v2\/posts"}],"about":[{"href":"https:\/\/senoticias.com.br\/se\/wp-json\/wp\/v2\/types\/post"}],"author":[{"embeddable":true,"href":"https:\/\/senoticias.com.br\/se\/wp-json\/wp\/v2\/users\/2"}],"replies":[{"embeddable":true,"href":"https:\/\/senoticias.com.br\/se\/wp-json\/wp\/v2\/comments?post=104796"}],"version-history":[{"count":0,"href":"https:\/\/senoticias.com.br\/se\/wp-json\/wp\/v2\/posts\/104796\/revisions"}],"wp:attachment":[{"href":"https:\/\/senoticias.com.br\/se\/wp-json\/wp\/v2\/media?parent=104796"}],"wp:term":[{"taxonomy":"category","embeddable":true,"href":"https:\/\/senoticias.com.br\/se\/wp-json\/wp\/v2\/categories?post=104796"},{"taxonomy":"post_tag","embeddable":true,"href":"https:\/\/senoticias.com.br\/se\/wp-json\/wp\/v2\/tags?post=104796"}],"curies":[{"name":"wp","href":"https:\/\/api.w.org\/{rel}","templated":true}]}}