{"id":104712,"date":"2017-07-10T14:37:40","date_gmt":"2017-07-10T17:37:40","guid":{"rendered":"http:\/\/senoticias.com.br\/se\/?p=104712"},"modified":"2017-07-10T17:06:21","modified_gmt":"2017-07-10T20:06:21","slug":"onibus-e-alvo-de-vandalismo-em-socorro","status":"publish","type":"post","link":"https:\/\/senoticias.com.br\/se\/onibus-e-alvo-de-vandalismo-em-socorro\/","title":{"rendered":"\u00d4nibus \u00e9 alvo de vandalismo em S\u00e3o Crist\u00f3v\u00e3o"},"content":{"rendered":"<p style=\"text-align: justify;\">Na noite da \u00faltima sexta-feira, 7 de julho, um \u00f4nibus do transporte p\u00fablico coletivo da linha 712 &#8211; Quissam\u00e3\/Mercado foi alvo de vandalismo. Moradores e usu\u00e1rios alegavam m\u00e1s condi\u00e7\u00f5es do servi\u00e7o e da via. Segundo eles, o transporte n\u00e3o cumpre todo o trajeto no povoado. O \u00f4nibus teve o\u00a0parabrisas e janelas quebrados e os pneus furados.<\/p>\n<p style=\"text-align: justify;\">Em nota, o Sindicato\u00a0das Empresas de Transportes de Passageiros do Munic\u00edpio de Aracaju (Setransp) culpou a chuva e os alagamentos pelos desvios no trajeto e lamentou o ocorrido. &#8220;Em per\u00edodo chuvosos, como o atual, \u00e9 comum diariamente \u00f4nibus atolarem, ou desviaram o percurso devido aos alagamentos. No entanto, o setor do transporte lamenta qualquer tipo de vandalismo contra os \u00f4nibus, ressaltando que o maior prejudicado \u00e9 o pr\u00f3prio passageiro com a retirada tempor\u00e1ria do ve\u00edculo da linha para reparos&#8221;.<\/p>\n<div id=\"attachment_104713\" style=\"width: 609px\" class=\"wp-caption aligncenter\"><img loading=\"lazy\" decoding=\"async\" aria-describedby=\"caption-attachment-104713\" class=\"size-full wp-image-104713\" src=\"http:\/\/senoticias.com.br\/se\/wp-content\/uploads\/2017\/07\/onibus-SENOTICIAS-e1499708204381.jpeg\" alt=\"Foto cedida pelo Setransp.\" width=\"599\" height=\"337\" \/><p id=\"caption-attachment-104713\" class=\"wp-caption-text\">Foto cedida pelo Setransp.<\/p><\/div>\n<p style=\"text-align: justify;\">A SMTT de Aracaju, que administra o servi\u00e7o, tamb\u00e9m lamentou o ocorrido e afirmou que entrar\u00e1 em contato com a comunidade. &#8220;O ideal \u00e9 sempre nos procurar para registrar a den\u00fancia ou entrar em contato pela Ouvidoria, no telefone 3238-4646. A depreda\u00e7\u00e3o dos \u00f4nibus nunca \u00e9 a solu\u00e7\u00e3o para os problemas referentes ao transporte p\u00fablico. Entraremos em contato com lideran\u00e7as comunit\u00e1rias do Povoado Quissam\u00e3 e registraremos suas principais queixas. Em seguida, conversaremos com as empresas de \u00f4nibus para pensar um solu\u00e7\u00e3o vi\u00e1vel para todos&#8221;, o \u00f3rg\u00e3o explicou por meio da assessoria de comunica\u00e7\u00e3o.<\/p>\n<p><strong>Estat\u00edsticas<\/strong><\/p>\n<p style=\"text-align: justify;\">De acordo com o Setransp, as linhas que mais sofrem com o vandalismo atendem aos bairros:\u00a0Santa Maria, Lamar\u00e3o e Conjunto Jo\u00e3o Alves, em Nossa Senhora do Socorro. Segundo o sindicato, os atos de vandalismo crescem durante as festas de Carnaval e S\u00e3o Jo\u00e3o, principalmente pr\u00f3ximo aos locais das festas.<\/p>\n<p style=\"text-align: justify;\">Nos finais de semana, principalmente no turno da noite, os Terminais s\u00e3o os principais alvos do vandalismo.<\/p>\n<p style=\"text-align: justify;\">\n<p><img loading=\"lazy\" decoding=\"async\" class=\"size-full wp-image-104544 aligncenter\" src=\"http:\/\/senoticias.com.br\/se\/wp-content\/uploads\/2017\/07\/Logo-fone-1-2-1-2-4-6.jpg\" alt=\"Logo-fone-1-2-1-2-4-6\" width=\"599\" height=\"78\" srcset=\"https:\/\/senoticias.com.br\/se\/wp-content\/uploads\/2017\/07\/Logo-fone-1-2-1-2-4-6.jpg 599w, https:\/\/senoticias.com.br\/se\/wp-content\/uploads\/2017\/07\/Logo-fone-1-2-1-2-4-6-300x39.jpg 300w\" sizes=\"(max-width: 599px) 100vw, 599px\" \/><\/p>\n<p><em><strong>Acompanhe tamb\u00e9m o SE Not\u00edcias no\u00a0<a href=\"https:\/\/twitter.com\/Senoticias\" target=\"_blank\">Twitter<\/a>,\u00a0<a href=\"https:\/\/www.facebook.com\/senoticias1\" target=\"_blank\">Facebook<\/a>\u00a0e no\u00a0<a href=\"https:\/\/www.instagram.com\/senoticias\/\" target=\"_blank\">Instagram<\/a><\/strong><\/em><\/p>\n<p><em>por Reda\u00e7\u00e3o do Se Not\u00edcias<\/em><\/p>\n<p style=\"text-align: center;\">\n","protected":false},"excerpt":{"rendered":"<p>Na noite da \u00faltima sexta-feira, 7 de julho, um \u00f4nibus do transporte p\u00fablico coletivo da linha 712 &#8211; Quissam\u00e3\/Mercado foi alvo de vandalismo. Moradores e usu\u00e1rios alegavam m\u00e1s condi\u00e7\u00f5es do servi\u00e7o e da via. Segundo eles, o transporte n\u00e3o cumpre todo o trajeto no povoado. O \u00f4nibus teve o\u00a0parabrisas e janelas quebrados e os pneus [&hellip;]<\/p>\n","protected":false},"author":2,"featured_media":0,"comment_status":"closed","ping_status":"closed","sticky":false,"template":"","format":"standard","meta":{"footnotes":""},"categories":[38],"tags":[4601,2875,4602,3246,2979],"class_list":{"0":"post-104712","1":"post","2":"type-post","3":"status-publish","4":"format-standard","6":"category-municipios","7":"tag-4601","8":"tag-onibus","9":"tag-quissama","10":"tag-setransp","11":"tag-smtt"},"_links":{"self":[{"href":"https:\/\/senoticias.com.br\/se\/wp-json\/wp\/v2\/posts\/104712"}],"collection":[{"href":"https:\/\/senoticias.com.br\/se\/wp-json\/wp\/v2\/posts"}],"about":[{"href":"https:\/\/senoticias.com.br\/se\/wp-json\/wp\/v2\/types\/post"}],"author":[{"embeddable":true,"href":"https:\/\/senoticias.com.br\/se\/wp-json\/wp\/v2\/users\/2"}],"replies":[{"embeddable":true,"href":"https:\/\/senoticias.com.br\/se\/wp-json\/wp\/v2\/comments?post=104712"}],"version-history":[{"count":0,"href":"https:\/\/senoticias.com.br\/se\/wp-json\/wp\/v2\/posts\/104712\/revisions"}],"wp:attachment":[{"href":"https:\/\/senoticias.com.br\/se\/wp-json\/wp\/v2\/media?parent=104712"}],"wp:term":[{"taxonomy":"category","embeddable":true,"href":"https:\/\/senoticias.com.br\/se\/wp-json\/wp\/v2\/categories?post=104712"},{"taxonomy":"post_tag","embeddable":true,"href":"https:\/\/senoticias.com.br\/se\/wp-json\/wp\/v2\/tags?post=104712"}],"curies":[{"name":"wp","href":"https:\/\/api.w.org\/{rel}","templated":true}]}}