{"id":104673,"date":"2017-07-07T19:13:30","date_gmt":"2017-07-07T22:13:30","guid":{"rendered":"http:\/\/senoticias.com.br\/se\/?p=104673"},"modified":"2017-07-09T15:25:28","modified_gmt":"2017-07-09T18:25:28","slug":"policia-civil-recupera-em-itabaiana-carga-de-botijoes-de-gas-roubada-na-bahia","status":"publish","type":"post","link":"https:\/\/senoticias.com.br\/se\/policia-civil-recupera-em-itabaiana-carga-de-botijoes-de-gas-roubada-na-bahia\/","title":{"rendered":"Pol\u00edcia Civil recupera em Itabaiana carga de botij\u00f5es de g\u00e1s roubada na Bahia"},"content":{"rendered":"<p style=\"text-align: justify;\">Na manh\u00e3 desta quinta-feira, 06, policiais civis lotados na Delegacia Regional de Itabaiana recuperaram uma carga de botij\u00f5es de g\u00e1s que havia sido roubada nesta quarta-feira, 05, na cidade baiana de\u00a0Feira de Santana.<\/p>\n<div id=\"attachment_104674\" style=\"width: 609px\" class=\"wp-caption aligncenter\"><img loading=\"lazy\" decoding=\"async\" aria-describedby=\"caption-attachment-104674\" class=\"size-full wp-image-104674\" src=\"http:\/\/senoticias.com.br\/se\/wp-content\/uploads\/2017\/07\/Botijao-roubados-snoticias-e1499465471687.jpeg\" alt=\"Carga foi roubada em Feira de Santana na Bahia\" width=\"599\" height=\"337\" \/><p id=\"caption-attachment-104674\" class=\"wp-caption-text\">Carga foi roubada em Feira de Santana na Bahia. (Foto: Pol\u00edcia Civil)<\/p><\/div>\n<p style=\"text-align: justify;\">De acordo com informa\u00e7\u00f5es dos delegados F\u00e1bio Santana, Cledson Ferreira e Lauana Guedes, respons\u00e1veis pela coordena\u00e7\u00e3o do caso, dois indiv\u00edduos armados abordaram o motorista do caminh\u00e3o e subtra\u00edram o ve\u00edculo e a referida carga. O motorista do caminh\u00e3o foi deixado pelos criminosos ap\u00f3s o crime na cidade de Jeremoabo, no interior da Bahia.<\/p>\n<p style=\"text-align: justify;\">Ainda segundo os delegados, o valor do caminh\u00e3o e da sua carga valem R$ 200.000,00 e R$ 150.000,00, respectivamente. No in\u00edcio do dia de hoje foram iniciadas as primeiras dilig\u00eancias e os\u00a0policiais recuperam o caminh\u00e3o em um posto de combust\u00edvel localizado na cidade de Itabaiana.<\/p>\n<p style=\"text-align: justify;\">As investiga\u00e7\u00f5es sobre os envolvidos no roubo\u00a0ao caminh\u00e3o ser\u00e3o conduzidas pelo\u00a0Centro de Opera\u00e7\u00f5es Policiais Especiais da Pol\u00edcia Civil\u00a0(Cope).<\/p>\n<p style=\"text-align: justify;\"><img loading=\"lazy\" decoding=\"async\" class=\"aligncenter size-full wp-image-104544\" src=\"http:\/\/senoticias.com.br\/se\/wp-content\/uploads\/2017\/07\/Logo-fone-1-2-1-2-4-6.jpg\" alt=\"Logo-fone-1-2-1-2-4-6\" width=\"599\" height=\"78\" srcset=\"https:\/\/senoticias.com.br\/se\/wp-content\/uploads\/2017\/07\/Logo-fone-1-2-1-2-4-6.jpg 599w, https:\/\/senoticias.com.br\/se\/wp-content\/uploads\/2017\/07\/Logo-fone-1-2-1-2-4-6-300x39.jpg 300w\" sizes=\"(max-width: 599px) 100vw, 599px\" \/><\/p>\n<p style=\"text-align: justify;\"><em><strong>Acompanhe tamb\u00e9m o SE Not\u00edcias no\u00a0<a href=\"https:\/\/twitter.com\/Senoticias\" target=\"_blank\">Twitter<\/a>,\u00a0<a href=\"https:\/\/www.facebook.com\/senoticias1\" target=\"_blank\">Facebook<\/a>\u00a0e no\u00a0<a href=\"https:\/\/www.instagram.com\/senoticias\/\" target=\"_blank\">Instagram<\/a><\/strong><\/em><\/p>\n<p style=\"text-align: justify;\"><em>Ascom\/SSP\/SE<\/em><\/p>\n","protected":false},"excerpt":{"rendered":"<p>Na manh\u00e3 desta quinta-feira, 06, policiais civis lotados na Delegacia Regional de Itabaiana recuperaram uma carga de botij\u00f5es de g\u00e1s que havia sido roubada nesta quarta-feira, 05, na cidade baiana de\u00a0Feira de Santana. De acordo com informa\u00e7\u00f5es dos delegados F\u00e1bio Santana, Cledson Ferreira e Lauana Guedes, respons\u00e1veis pela coordena\u00e7\u00e3o do caso, dois indiv\u00edduos armados abordaram [&hellip;]<\/p>\n","protected":false},"author":2,"featured_media":104674,"comment_status":"closed","ping_status":"closed","sticky":false,"template":"","format":"standard","meta":{"footnotes":""},"categories":[15,7],"tags":[4569,236,78],"class_list":{"0":"post-104673","1":"post","2":"type-post","3":"status-publish","4":"format-standard","5":"has-post-thumbnail","7":"category-destaques","8":"category-policia","9":"tag-gas-roubada-na-bahia","10":"tag-itabaiana","11":"tag-policia-civil"},"_links":{"self":[{"href":"https:\/\/senoticias.com.br\/se\/wp-json\/wp\/v2\/posts\/104673"}],"collection":[{"href":"https:\/\/senoticias.com.br\/se\/wp-json\/wp\/v2\/posts"}],"about":[{"href":"https:\/\/senoticias.com.br\/se\/wp-json\/wp\/v2\/types\/post"}],"author":[{"embeddable":true,"href":"https:\/\/senoticias.com.br\/se\/wp-json\/wp\/v2\/users\/2"}],"replies":[{"embeddable":true,"href":"https:\/\/senoticias.com.br\/se\/wp-json\/wp\/v2\/comments?post=104673"}],"version-history":[{"count":0,"href":"https:\/\/senoticias.com.br\/se\/wp-json\/wp\/v2\/posts\/104673\/revisions"}],"wp:featuredmedia":[{"embeddable":true,"href":"https:\/\/senoticias.com.br\/se\/wp-json\/wp\/v2\/media\/104674"}],"wp:attachment":[{"href":"https:\/\/senoticias.com.br\/se\/wp-json\/wp\/v2\/media?parent=104673"}],"wp:term":[{"taxonomy":"category","embeddable":true,"href":"https:\/\/senoticias.com.br\/se\/wp-json\/wp\/v2\/categories?post=104673"},{"taxonomy":"post_tag","embeddable":true,"href":"https:\/\/senoticias.com.br\/se\/wp-json\/wp\/v2\/tags?post=104673"}],"curies":[{"name":"wp","href":"https:\/\/api.w.org\/{rel}","templated":true}]}}