{"id":104654,"date":"2017-07-07T07:48:03","date_gmt":"2017-07-07T10:48:03","guid":{"rendered":"http:\/\/senoticias.com.br\/se\/?p=104654"},"modified":"2017-07-07T07:48:35","modified_gmt":"2017-07-07T10:48:35","slug":"veja-a-programacao-completa-do-153-aniversario-de-nossa-senhora-do-socorro","status":"publish","type":"post","link":"https:\/\/senoticias.com.br\/se\/veja-a-programacao-completa-do-153-aniversario-de-nossa-senhora-do-socorro\/","title":{"rendered":"Veja a programa\u00e7\u00e3o completa do 153\u00ba anivers\u00e1rio de Nossa Senhora do Socorro"},"content":{"rendered":"<p style=\"text-align: justify;\">Com mais de 170 mil habitantes e uma \u00e1rea de mais de 155km\u00b2, o munic\u00edpio de Nossa Senhora do Socorro, antes conhecido por ser cidade dormit\u00f3rio, atualmente \u00e9 considerado uma grande metr\u00f3pole, possuindo uma forte economia com seu com\u00e9rcio crescente e importantes f\u00e1bricas instaladas na regi\u00e3o.<\/p>\n<div id=\"attachment_104655\" style=\"width: 609px\" class=\"wp-caption aligncenter\"><img loading=\"lazy\" decoding=\"async\" aria-describedby=\"caption-attachment-104655\" class=\"size-full wp-image-104655\" src=\"http:\/\/senoticias.com.br\/se\/wp-content\/uploads\/2017\/07\/Socorro-senoticias-e1499424331857.jpeg\" alt=\"Nossa Senhora do Socorro pelos seus 153 anos de hist\u00f3ria, cultura e religiosidade!\" width=\"599\" height=\"599\" \/><p id=\"caption-attachment-104655\" class=\"wp-caption-text\">Nossa Senhora do Socorro comemora 153 anos nesta sexta-feira<\/p><\/div>\n<p style=\"text-align: justify;\">Sua origem, tamb\u00e9m peculiar a muitas outras regi\u00f5es do Brasil, tem como tra\u00e7o marcante a miscigena\u00e7\u00e3o das ra\u00e7as, a qual \u00e9 percept\u00edvel atualmente com a mistura de caracter\u00edsticas diferenciadas de sua popula\u00e7\u00e3o. Mas muito embora sejam distintos pela etnia, os socorrenses t\u00eam suas importantes semelhan\u00e7as, dentre elas \u00e9 poss\u00edvel destacar a garra e a f\u00e9.<\/p>\n<p style=\"text-align: justify;\">E falando nisso, n\u00e3o se pode falar de Socorro sem falar sobre sua religiosidade. Forte neste aspecto, a religi\u00e3o \u00e9 marcante no munic\u00edpio o qual, desde o s\u00e9culo XVIII quando ainda era chamado de Vila de Nossa Senhora do Socorro do Tomar da Cotinguiba, tinha como monumento simb\u00f3lico uma capela, que em 1864 se tornou a ent\u00e3o conhecida igreja Matriz.<\/p>\n<p style=\"text-align: justify;\">Outro aspecto que merece destaque pelo seu fortalecimento ao longo dos anos \u00e9 a economia local, a qual \u00e9 marcada pela atua\u00e7\u00e3o forte nos tr\u00eas setores. Em seus povoados e em alguns conjuntos, a predomin\u00e2ncia \u00e9 dos criadores de camar\u00e3o e peixes; catadores de crust\u00e1ceos; pesca; agricultura, em especial o milho verde; horticulturas; bovinocultura de leite e corte, al\u00e9m da cria\u00e7\u00e3o de equinos.<\/p>\n<p style=\"text-align: justify;\">J\u00e1 em outros conjuntos do munic\u00edpio, a exemplo do Jo\u00e3o Alves e Marcos Freire, o com\u00e9rcio e as ind\u00fastrias s\u00e3o destaques na economia, gerando renda e empregos para muitos cidad\u00e3os socorrenses. Andando por aqui, pode-se encontrar de tudo, desde pequenas lojinhas \u00e0s grandes redes de supermercados e f\u00e1bricas. Tem at\u00e9 um shopping. Legal, n\u00e3o \u00e9?<\/p>\n<p style=\"text-align: justify;\">Mas al\u00e9m do Shopping Pr\u00eamio, localizado no Marcos Freire I, podemos encontrar outros pontos tur\u00edsticos famosos em Socorro. Como a Prainha do Porto Grande e a Orlinha no S\u00e3o Braz. Outros atrativos para turistas e para os pr\u00f3prios socorrenses s\u00e3o os festejos culturais, tanto no Carnaval com apresenta\u00e7\u00f5es locais de reisado e samba de coco, quanto no S\u00e3o Jo\u00e3o, com quadrilhas juninas e o famoso Forr\u00f3 Siri, a maior festa de S\u00e3o Pedro do estado.<\/p>\n<p style=\"text-align: justify;\">Foi dessa forma que, ao longo dos anos, Socorro foi se desenvolvendo em seus mais diversos aspectos e atualmente se tornou uma das cidades mais importantes do Estado. Com seus 153 anos de hist\u00f3ria, cultura e religiosidade, completados na sexta-feira, 07 de julho, Nossa Senhora do Socorro ainda \u00e9 uma jovem cidade que ainda ter\u00e1 muitos anos para comemorar seu progresso cont\u00ednuo e imprescind\u00edvel, abra\u00e7ando a todos e acolhendo quem desejar passar ou morar nesta simples e bela cidade.<\/p>\n<p style=\"text-align: justify;\">\u00c9 com imensa satisfa\u00e7\u00e3o que a Prefeitura de Nossa Senhora do Socorro convida toda imprensa sergipana para participar dos eventos em comemora\u00e7\u00e3o ao 153\u00b0 anivers\u00e1rio do munic\u00edpio. Os eventos ser\u00e3o realizados na pr\u00f3xima sexta-feira, 07 de julho, quando a Prefeitura realizar\u00e1 diversas atividades gratuitas e atrativas para todos os socorrenses.<\/p>\n<p style=\"text-align: justify;\"><strong>Confira a programa\u00e7\u00e3o:<\/strong><\/p>\n<p>5h &#8211; Alvorada;<br \/>\n7h &#8211; In\u00edcio da corrida \u201c1\u00aa Volta de Socorro\u201d (sa\u00edda do Shopping Pr\u00eamio at\u00e9 a sede do munic\u00edpio);<br \/>\n9h15 &#8211; Ato solene na pra\u00e7a Get\u00falio Vargas;<br \/>\n10h &#8211; Missa Solene em homenagem ao munic\u00edpio;<br \/>\n11h &#8211; Parab\u00e9ns da cidade na Pra\u00e7a Get\u00falio Vargas;<br \/>\n16h &#8211; Passeio Cicl\u00edstico (sa\u00edda do Sesi at\u00e9 a Arena de Eventos);<br \/>\n18h &#8211; Culto ecum\u00eanico (Arena de Eventos);<br \/>\n21h &#8211; Show com Anderson Freire (Arena de Eventos)<\/p>\n<p style=\"text-align: justify;\"><img loading=\"lazy\" decoding=\"async\" class=\"aligncenter size-full wp-image-104544\" src=\"http:\/\/senoticias.com.br\/se\/wp-content\/uploads\/2017\/07\/Logo-fone-1-2-1-2-4-6.jpg\" alt=\"Logo-fone-1-2-1-2-4-6\" width=\"599\" height=\"78\" srcset=\"https:\/\/senoticias.com.br\/se\/wp-content\/uploads\/2017\/07\/Logo-fone-1-2-1-2-4-6.jpg 599w, https:\/\/senoticias.com.br\/se\/wp-content\/uploads\/2017\/07\/Logo-fone-1-2-1-2-4-6-300x39.jpg 300w\" sizes=\"(max-width: 599px) 100vw, 599px\" \/><\/p>\n<p style=\"text-align: justify;\"><em><strong>Acompanhe tamb\u00e9m o SE not\u00edcias no\u00a0<a href=\"https:\/\/twitter.com\/Senoticias\" target=\"_blank\">Twitter<\/a>,\u00a0<a href=\"https:\/\/www.facebook.com\/senoticias1\" target=\"_blank\">Facebook<\/a>\u00a0e no\u00a0<a href=\"https:\/\/www.instagram.com\/senoticias\/\" target=\"_blank\">Instagram<\/a><\/strong><\/em><\/p>\n<p style=\"text-align: justify;\"><em>Da Secom Socorro<\/em><\/p>\n","protected":false},"excerpt":{"rendered":"<p>Com mais de 170 mil habitantes e uma \u00e1rea de mais de 155km\u00b2, o munic\u00edpio de Nossa Senhora do Socorro, antes conhecido por ser cidade dormit\u00f3rio, atualmente \u00e9 considerado uma grande metr\u00f3pole, possuindo uma forte economia com seu com\u00e9rcio crescente e importantes f\u00e1bricas instaladas na regi\u00e3o. Sua origem, tamb\u00e9m peculiar a muitas outras regi\u00f5es do [&hellip;]<\/p>\n","protected":false},"author":2,"featured_media":104655,"comment_status":"closed","ping_status":"closed","sticky":false,"template":"","format":"standard","meta":{"footnotes":""},"categories":[6],"tags":[4557,2650,3026],"class_list":{"0":"post-104654","1":"post","2":"type-post","3":"status-publish","4":"format-standard","5":"has-post-thumbnail","7":"category-politica","8":"tag-153-aniversario","9":"tag-nossa-senhora-do-socorro","10":"tag-programacao"},"_links":{"self":[{"href":"https:\/\/senoticias.com.br\/se\/wp-json\/wp\/v2\/posts\/104654"}],"collection":[{"href":"https:\/\/senoticias.com.br\/se\/wp-json\/wp\/v2\/posts"}],"about":[{"href":"https:\/\/senoticias.com.br\/se\/wp-json\/wp\/v2\/types\/post"}],"author":[{"embeddable":true,"href":"https:\/\/senoticias.com.br\/se\/wp-json\/wp\/v2\/users\/2"}],"replies":[{"embeddable":true,"href":"https:\/\/senoticias.com.br\/se\/wp-json\/wp\/v2\/comments?post=104654"}],"version-history":[{"count":0,"href":"https:\/\/senoticias.com.br\/se\/wp-json\/wp\/v2\/posts\/104654\/revisions"}],"wp:featuredmedia":[{"embeddable":true,"href":"https:\/\/senoticias.com.br\/se\/wp-json\/wp\/v2\/media\/104655"}],"wp:attachment":[{"href":"https:\/\/senoticias.com.br\/se\/wp-json\/wp\/v2\/media?parent=104654"}],"wp:term":[{"taxonomy":"category","embeddable":true,"href":"https:\/\/senoticias.com.br\/se\/wp-json\/wp\/v2\/categories?post=104654"},{"taxonomy":"post_tag","embeddable":true,"href":"https:\/\/senoticias.com.br\/se\/wp-json\/wp\/v2\/tags?post=104654"}],"curies":[{"name":"wp","href":"https:\/\/api.w.org\/{rel}","templated":true}]}}