{"id":104652,"date":"2017-07-07T07:04:23","date_gmt":"2017-07-07T10:04:23","guid":{"rendered":"http:\/\/senoticias.com.br\/se\/?p=104652"},"modified":"2017-07-07T18:51:16","modified_gmt":"2017-07-07T21:51:16","slug":"botafogo-vence-o-nacional-uru-e-fica-a-um-empate-das-quartas-de-final","status":"publish","type":"post","link":"https:\/\/senoticias.com.br\/se\/botafogo-vence-o-nacional-uru-e-fica-a-um-empate-das-quartas-de-final\/","title":{"rendered":"Botafogo vence o Nacional-URU e fica a um empate das quartas de final"},"content":{"rendered":"<p style=\"text-align: justify;\">Madura, quase perfeita taticamente e cir\u00fargica. Assim podemos definir a atua\u00e7\u00e3o do Botafogo na vit\u00f3ria por 1 a 0 diante do Nacional-URU, na noite desta quinta-feira, no Est\u00e1dio Parque Central, em Montevid\u00e9u, pelo jogo de ida das oitavas da Libertadores. Sem ser muito amea\u00e7ado, o Alvinegro aproveitou a chance que teve com Jo\u00e3o Paulo e volta para o Brasil precisando de apenas um empate para avan\u00e7ar de fase.<\/p>\n<div id=\"attachment_104653\" style=\"width: 609px\" class=\"wp-caption aligncenter\"><img loading=\"lazy\" decoding=\"async\" aria-describedby=\"caption-attachment-104653\" class=\"size-full wp-image-104653\" src=\"http:\/\/senoticias.com.br\/se\/wp-content\/uploads\/2017\/07\/Botafogo-SENOTICIAS-e1499421703167.jpg\" alt=\"Com um gol de Jo\u00e3o Paulo no primeiro tempo, Alvinegro supera os uruguaios e precisa de um empate no Est\u00e1dio Nilton Santos para avan\u00e7as \u00e0s quarta de final da Ta\u00e7a Libertadores\" width=\"599\" height=\"337\" \/><p id=\"caption-attachment-104653\" class=\"wp-caption-text\">Com um gol de Jo\u00e3o Paulo no primeiro tempo, Alvinegro supera os uruguaios e precisa de um empate no Est\u00e1dio Nilton Santos para avan\u00e7as \u00e0s quarta de final da Ta\u00e7a Libertadores (foto: Globo Esporte)<\/p><\/div>\n<p style=\"text-align: justify;\">O jogo da volta ser\u00e1 realizado apenas no dia 10 de agosto, no Est\u00e1dio Nilton Santos. At\u00e9 l\u00e1, o t\u00e9cnico Jair Ventura espera contar com refor\u00e7os, como Valencia, que est\u00e1 muito perto do clube.<\/p>\n<p style=\"text-align: justify;\">O Botafogo come\u00e7ou o jogo sem um armador. Ao deixar Camilo no banco, Jair Ventura mostrou que iria buscar fortalecer a marca\u00e7\u00e3o no meio e aproveitar um contra-ataque para surpreender. O in\u00edcio do jogo foi truncado, com poucas chances de gols e com os uruguaios pressionando, mas sem assustar. Aos 28 minutos, os jogadores no Nacional reclamaram de um toque de m\u00e3o do lateral Victor Luis, que levantou muito os bra\u00e7os para tirar um cruzamento. O \u00e1rbitro ignorou o lance.<\/p>\n<p style=\"text-align: justify;\">Como na maioria dos jogos da Libertadores, o Botafogo se mostrou muito seguro em campo, principalmente na marca\u00e7\u00e3o. Aos 37, na primeira grande chance que teve, n\u00e3o falhou. Pimp\u00e3o recebeu lan\u00e7amento pela esquerda e achou Bruno Silva na \u00e1rea. O volante bateu errado, mas a bola sobrou para Jo\u00e3o Paulo que tocou por cima do goleiro e abriu o placar.<\/p>\n<p style=\"text-align: justify;\">O Botafogo voltou para o segundo tempo aproveitando o placar. Enquanto o Nacional-URU saia ao ataque, o alvinegro buscava os contra-ataques e tocava melhor a bola. Um dos melhores jogadores em campo, Jo\u00e3o Paulo pediu para sair e teve Camilo como substituto. Jair ainda colocou Guilherme no lugar de Pimp\u00e3o, que correu muito para ajudar na marca\u00e7\u00e3o.<\/p>\n<p style=\"text-align: justify;\">A press\u00e3o do Nacional-URU foi intensa at\u00e9 o final. O Botafogo se segurou como pode at\u00e9 os 49 minutos e conseguiu a importante vit\u00f3ria no Parque Central. Ap\u00f3s o jogo, o elenco foi comemorar o resultado com os torcedores, que apoiaram o time do in\u00edcio ao fim.<\/p>\n<p style=\"text-align: justify;\"><img loading=\"lazy\" decoding=\"async\" class=\"aligncenter size-full wp-image-104544\" src=\"http:\/\/senoticias.com.br\/se\/wp-content\/uploads\/2017\/07\/Logo-fone-1-2-1-2-4-6.jpg\" alt=\"Logo-fone-1-2-1-2-4-6\" width=\"599\" height=\"78\" srcset=\"https:\/\/senoticias.com.br\/se\/wp-content\/uploads\/2017\/07\/Logo-fone-1-2-1-2-4-6.jpg 599w, https:\/\/senoticias.com.br\/se\/wp-content\/uploads\/2017\/07\/Logo-fone-1-2-1-2-4-6-300x39.jpg 300w\" sizes=\"(max-width: 599px) 100vw, 599px\" \/><\/p>\n<p style=\"text-align: justify;\"><em><strong>Acompanhe tamb\u00e9m o SE not\u00edcias no\u00a0<a href=\"https:\/\/twitter.com\/Senoticias\" target=\"_blank\">Twitter<\/a>,\u00a0<a href=\"https:\/\/www.facebook.com\/senoticias1\" target=\"_blank\">Facebook<\/a>\u00a0e no\u00a0<a href=\"https:\/\/www.instagram.com\/senoticias\/\" target=\"_blank\">Instagram<\/a><\/strong><\/em><\/p>\n<p style=\"text-align: justify;\"><em>Reda\u00e7\u00e3o <a href=\"http:\/\/globoesporte.globo.com\/rj\/futebol\/libertadores\/jogo\/06-07-2017\/nacional-do-uruguai-botafogo\/\">Globo Esporte<\/a><\/em><\/p>\n<p>&nbsp;<\/p>\n","protected":false},"excerpt":{"rendered":"<p>Madura, quase perfeita taticamente e cir\u00fargica. Assim podemos definir a atua\u00e7\u00e3o do Botafogo na vit\u00f3ria por 1 a 0 diante do Nacional-URU, na noite desta quinta-feira, no Est\u00e1dio Parque Central, em Montevid\u00e9u, pelo jogo de ida das oitavas da Libertadores. Sem ser muito amea\u00e7ado, o Alvinegro aproveitou a chance que teve com Jo\u00e3o Paulo e [&hellip;]<\/p>\n","protected":false},"author":2,"featured_media":104653,"comment_status":"closed","ping_status":"closed","sticky":false,"template":"","format":"standard","meta":{"footnotes":""},"categories":[26],"tags":[434,4555,4556],"class_list":{"0":"post-104652","1":"post","2":"type-post","3":"status-publish","4":"format-standard","5":"has-post-thumbnail","7":"category-esportes","8":"tag-botafogo","9":"tag-nacional-uru","10":"tag-quartas-de-final"},"_links":{"self":[{"href":"https:\/\/senoticias.com.br\/se\/wp-json\/wp\/v2\/posts\/104652"}],"collection":[{"href":"https:\/\/senoticias.com.br\/se\/wp-json\/wp\/v2\/posts"}],"about":[{"href":"https:\/\/senoticias.com.br\/se\/wp-json\/wp\/v2\/types\/post"}],"author":[{"embeddable":true,"href":"https:\/\/senoticias.com.br\/se\/wp-json\/wp\/v2\/users\/2"}],"replies":[{"embeddable":true,"href":"https:\/\/senoticias.com.br\/se\/wp-json\/wp\/v2\/comments?post=104652"}],"version-history":[{"count":0,"href":"https:\/\/senoticias.com.br\/se\/wp-json\/wp\/v2\/posts\/104652\/revisions"}],"wp:featuredmedia":[{"embeddable":true,"href":"https:\/\/senoticias.com.br\/se\/wp-json\/wp\/v2\/media\/104653"}],"wp:attachment":[{"href":"https:\/\/senoticias.com.br\/se\/wp-json\/wp\/v2\/media?parent=104652"}],"wp:term":[{"taxonomy":"category","embeddable":true,"href":"https:\/\/senoticias.com.br\/se\/wp-json\/wp\/v2\/categories?post=104652"},{"taxonomy":"post_tag","embeddable":true,"href":"https:\/\/senoticias.com.br\/se\/wp-json\/wp\/v2\/tags?post=104652"}],"curies":[{"name":"wp","href":"https:\/\/api.w.org\/{rel}","templated":true}]}}