{"id":104647,"date":"2017-07-07T05:33:23","date_gmt":"2017-07-07T08:33:23","guid":{"rendered":"http:\/\/senoticias.com.br\/se\/?p=104647"},"modified":"2017-07-08T15:34:34","modified_gmt":"2017-07-08T18:34:34","slug":"marcio-macedo-e-eleito-vice-presidente-nacional-do-pt","status":"publish","type":"post","link":"https:\/\/senoticias.com.br\/se\/marcio-macedo-e-eleito-vice-presidente-nacional-do-pt\/","title":{"rendered":"M\u00e1rcio Mac\u00eado \u00e9 eleito vice-presidente nacional do PT"},"content":{"rendered":"<p style=\"text-align: justify;\">O ex-deputado federal M\u00e1rcio Mac\u00eado foi eleito, nesta quinta-feira (6), vice-presidente nacional do Partido dos Trabalhadores. A escolha pelo nome dele se deu na primeira reuni\u00e3o do Diret\u00f3rio Nacional da sigla, um dia ap\u00f3s a senadora Gleisi Hoffmann ser empossada presidente do partido. Caber\u00e1 a M\u00e1rcio auxiliar a nova presidente na coordena\u00e7\u00e3o pol\u00edtica do PT e na prepara\u00e7\u00e3o da legenda para o processo eleitoral de 2018.<\/p>\n<div id=\"attachment_104648\" style=\"width: 609px\" class=\"wp-caption aligncenter\"><img loading=\"lazy\" decoding=\"async\" aria-describedby=\"caption-attachment-104648\" class=\"size-full wp-image-104648\" src=\"http:\/\/senoticias.com.br\/se\/wp-content\/uploads\/2017\/07\/Marcio-Macedo-SENOTICIAS-e1499416693871.jpg\" alt=\"nesta quinta-feira (6), durante a primeira reuni\u00e3o do novo Diret\u00f3rio Nacional do Partido dos Trabalhadores\" width=\"599\" height=\"338\" \/><p id=\"caption-attachment-104648\" class=\"wp-caption-text\">M\u00e1rcio Macedo foi eleito vice-presidente nesta quinta-feira (6), durante a primeira reuni\u00e3o do novo Diret\u00f3rio Nacional do Partido dos Trabalhadores. (Foto: Lula Marques\/Ag\u00eancia PT)<\/p><\/div>\n<p style=\"text-align: justify;\">\u201cA presidenta Gleisi e o presidente Lula me convidaram para ajudar na coordena\u00e7\u00e3o pol\u00edtica do partido e na prepara\u00e7\u00e3o do PT no processo eleitoral de 2018, al\u00e9m da constru\u00e7\u00e3o do di\u00e1logo para forma\u00e7\u00e3o dos palanques para as pr\u00f3ximas elei\u00e7\u00f5es. Iremos trabalhar juntos na reestrutura\u00e7\u00e3o partid\u00e1ria do PT\u201d, afirmou o novo vice-presidente.<\/p>\n<p style=\"text-align: justify;\">Em seu discurso na reuni\u00e3o, M\u00e1rcio agradeceu o apoio recebido pela unanimidade do partido quando foi escolhido para ser secret\u00e1rio nacional de Finan\u00e7as. \u201cEnfrentamos a crise, reequilibrarmos o partido e deixamos o PT saud\u00e1vel, do ponto de vista financeiro, para o pr\u00f3ximo processo eleitoral. Estou feliz, com o cora\u00e7\u00e3o em paz e com o sentimento de miss\u00e3o cumprida. Aceito agora a nova miss\u00e3o e estou pronto para o trabalho\u201d, disse.<\/p>\n<p style=\"text-align: justify;\">Ao comentar o momento pol\u00edtico atual do pa\u00eds, o ex-deputado destacou que o \u201cPT tem a miss\u00e3o de enfrentar o governo usurpador de Michel Temer\u201d. \u201cEle tem que sair, mas defendo que no p\u00f3s-Temer, tem que haver elei\u00e7\u00f5es diretas. Isto nos diferencia de outros grupos que tamb\u00e9m defendem a deposi\u00e7\u00e3o do presidente. A gente acredita que s\u00f3 atrav\u00e9s de elei\u00e7\u00f5es diretas ser\u00e1 poss\u00edvel restabelecer a normalidade democr\u00e1tica no Brasil\u201d, afirmou.<\/p>\n<p style=\"text-align: justify;\"><img loading=\"lazy\" decoding=\"async\" class=\"aligncenter size-full wp-image-104544\" src=\"http:\/\/senoticias.com.br\/se\/wp-content\/uploads\/2017\/07\/Logo-fone-1-2-1-2-4-6.jpg\" alt=\"Logo-fone-1-2-1-2-4-6\" width=\"599\" height=\"78\" srcset=\"https:\/\/senoticias.com.br\/se\/wp-content\/uploads\/2017\/07\/Logo-fone-1-2-1-2-4-6.jpg 599w, https:\/\/senoticias.com.br\/se\/wp-content\/uploads\/2017\/07\/Logo-fone-1-2-1-2-4-6-300x39.jpg 300w\" sizes=\"(max-width: 599px) 100vw, 599px\" \/><\/p>\n<p style=\"text-align: justify;\"><em><strong>Acompanhe tamb\u00e9m o SE not\u00edcias no\u00a0<a href=\"https:\/\/twitter.com\/Senoticias\" target=\"_blank\">Twitter<\/a>,\u00a0<a href=\"https:\/\/www.facebook.com\/senoticias1\" target=\"_blank\">Facebook<\/a>\u00a0e no\u00a0<a href=\"https:\/\/www.instagram.com\/senoticias\/\" target=\"_blank\">Instagram<\/a><\/strong><\/em><\/p>\n<p style=\"text-align: justify;\"><em>Da Assessoria de Imprensa<\/em><\/p>\n","protected":false},"excerpt":{"rendered":"<p>O ex-deputado federal M\u00e1rcio Mac\u00eado foi eleito, nesta quinta-feira (6), vice-presidente nacional do Partido dos Trabalhadores. A escolha pelo nome dele se deu na primeira reuni\u00e3o do Diret\u00f3rio Nacional da sigla, um dia ap\u00f3s a senadora Gleisi Hoffmann ser empossada presidente do partido. Caber\u00e1 a M\u00e1rcio auxiliar a nova presidente na coordena\u00e7\u00e3o pol\u00edtica do PT [&hellip;]<\/p>\n","protected":false},"author":2,"featured_media":104648,"comment_status":"closed","ping_status":"closed","sticky":false,"template":"","format":"standard","meta":{"footnotes":""},"categories":[15,6],"tags":[2332,4551],"class_list":{"0":"post-104647","1":"post","2":"type-post","3":"status-publish","4":"format-standard","5":"has-post-thumbnail","7":"category-destaques","8":"category-politica","9":"tag-marcio-macedo","10":"tag-vice-presidente-nacional-do-pt"},"_links":{"self":[{"href":"https:\/\/senoticias.com.br\/se\/wp-json\/wp\/v2\/posts\/104647"}],"collection":[{"href":"https:\/\/senoticias.com.br\/se\/wp-json\/wp\/v2\/posts"}],"about":[{"href":"https:\/\/senoticias.com.br\/se\/wp-json\/wp\/v2\/types\/post"}],"author":[{"embeddable":true,"href":"https:\/\/senoticias.com.br\/se\/wp-json\/wp\/v2\/users\/2"}],"replies":[{"embeddable":true,"href":"https:\/\/senoticias.com.br\/se\/wp-json\/wp\/v2\/comments?post=104647"}],"version-history":[{"count":0,"href":"https:\/\/senoticias.com.br\/se\/wp-json\/wp\/v2\/posts\/104647\/revisions"}],"wp:featuredmedia":[{"embeddable":true,"href":"https:\/\/senoticias.com.br\/se\/wp-json\/wp\/v2\/media\/104648"}],"wp:attachment":[{"href":"https:\/\/senoticias.com.br\/se\/wp-json\/wp\/v2\/media?parent=104647"}],"wp:term":[{"taxonomy":"category","embeddable":true,"href":"https:\/\/senoticias.com.br\/se\/wp-json\/wp\/v2\/categories?post=104647"},{"taxonomy":"post_tag","embeddable":true,"href":"https:\/\/senoticias.com.br\/se\/wp-json\/wp\/v2\/tags?post=104647"}],"curies":[{"name":"wp","href":"https:\/\/api.w.org\/{rel}","templated":true}]}}