{"id":104631,"date":"2017-07-06T17:46:55","date_gmt":"2017-07-06T20:46:55","guid":{"rendered":"http:\/\/senoticias.com.br\/se\/?p=104631"},"modified":"2017-07-06T17:49:06","modified_gmt":"2017-07-06T20:49:06","slug":"emsurb-vai-recadastrar-permissionarios-dos-mercados-de-aracaju","status":"publish","type":"post","link":"https:\/\/senoticias.com.br\/se\/emsurb-vai-recadastrar-permissionarios-dos-mercados-de-aracaju\/","title":{"rendered":"Emsurb vai recadastrar permission\u00e1rios dos Mercados de Aracaju"},"content":{"rendered":"<div style=\"text-align: justify;\">\n<div id=\"attachment_104632\" style=\"width: 286px\" class=\"wp-caption alignleft\"><img loading=\"lazy\" decoding=\"async\" aria-describedby=\"caption-attachment-104632\" class=\"size-full wp-image-104632\" src=\"http:\/\/senoticias.com.br\/se\/wp-content\/uploads\/2017\/07\/mercado-SENOTICIAS.jpg\" alt=\"Foto: Infonet\" width=\"276\" height=\"183\" srcset=\"https:\/\/senoticias.com.br\/se\/wp-content\/uploads\/2017\/07\/mercado-SENOTICIAS.jpg 276w, https:\/\/senoticias.com.br\/se\/wp-content\/uploads\/2017\/07\/mercado-SENOTICIAS-90x60.jpg 90w, https:\/\/senoticias.com.br\/se\/wp-content\/uploads\/2017\/07\/mercado-SENOTICIAS-180x120.jpg 180w, https:\/\/senoticias.com.br\/se\/wp-content\/uploads\/2017\/07\/mercado-SENOTICIAS-95x64.jpg 95w\" sizes=\"(max-width: 276px) 100vw, 276px\" \/><p id=\"caption-attachment-104632\" class=\"wp-caption-text\">Foto: Infonet<\/p><\/div>\n<p>A Prefeitura, atrav\u00e9s da Empresa Municipal de Servi\u00e7os Urbanos, inicia na pr\u00f3xima segunda-feira, 10, o recadastramento de todos os permission\u00e1rios da Grande Aracaju, come\u00e7ando pelo Mercado Central Albano Franco.<\/p>\n<\/div>\n<div style=\"text-align: justify;\"><\/div>\n<div style=\"text-align: justify;\">Para facilitar a vida dos comerciantes, uma equipe composta por 16 servidores da Emsurb far\u00e1 o atendimento presencial, com formul\u00e1rio, banca por banca, na \u00e1rea interna e externa do mercado, no hor\u00e1rio das 8h \u00e0s 12h, e das 13h \u00e0s 16h.<\/div>\n<div style=\"text-align: justify;\"><\/div>\n<div style=\"text-align: justify;\">Durante o recadastramento, o permission\u00e1rio precisar\u00e1 apresentar documento de identidade com foto, CPF, comprovante de resid\u00eancia, tipo de equipamento (box, tabuleiro, banca, loja, plataforma), tipo de atividade comercial e boleto de contribui\u00e7\u00e3o do ponto. A documenta\u00e7\u00e3o ser\u00e1 analisada, e confirmado o cadastro, o licenciado receber\u00e1 um novo cart\u00e3o de permiss\u00e3o.<\/div>\n<div style=\"text-align: justify;\"><\/div>\n<div style=\"text-align: justify;\">Mais detalhes podem ser obtidos atrav\u00e9s do n\u00famero: (79) 3021-9860 \u2013 Ramal 9810.<\/div>\n<div style=\"text-align: justify;\"><\/div>\n<div><\/div>\n<div><img loading=\"lazy\" decoding=\"async\" class=\"aligncenter size-full wp-image-104544\" src=\"http:\/\/senoticias.com.br\/se\/wp-content\/uploads\/2017\/07\/Logo-fone-1-2-1-2-4-6.jpg\" alt=\"Logo-fone-1-2-1-2-4-6\" width=\"599\" height=\"78\" srcset=\"https:\/\/senoticias.com.br\/se\/wp-content\/uploads\/2017\/07\/Logo-fone-1-2-1-2-4-6.jpg 599w, https:\/\/senoticias.com.br\/se\/wp-content\/uploads\/2017\/07\/Logo-fone-1-2-1-2-4-6-300x39.jpg 300w\" sizes=\"(max-width: 599px) 100vw, 599px\" \/><\/div>\n<div><\/div>\n<div>\n<p><em><strong>Acompanhe tamb\u00e9m o SE not\u00edcias no\u00a0<a href=\"https:\/\/twitter.com\/Senoticias\" target=\"_blank\">Twitter<\/a>,\u00a0<a href=\"https:\/\/www.facebook.com\/senoticias1\" target=\"_blank\">Facebook<\/a>\u00a0e no\u00a0<a href=\"https:\/\/www.instagram.com\/senoticias\/\" target=\"_blank\">Instagram<\/a><\/strong><\/em><\/p>\n<p>Por Ag\u00eancia Brasil<\/p>\n<\/div>\n","protected":false},"excerpt":{"rendered":"<p>A Prefeitura, atrav\u00e9s da Empresa Municipal de Servi\u00e7os Urbanos, inicia na pr\u00f3xima segunda-feira, 10, o recadastramento de todos os permission\u00e1rios da Grande Aracaju, come\u00e7ando pelo Mercado Central Albano Franco. Para facilitar a vida dos comerciantes, uma equipe composta por 16 servidores da Emsurb far\u00e1 o atendimento presencial, com formul\u00e1rio, banca por banca, na \u00e1rea interna [&hellip;]<\/p>\n","protected":false},"author":2,"featured_media":104633,"comment_status":"closed","ping_status":"closed","sticky":false,"template":"","format":"standard","meta":{"footnotes":""},"categories":[38],"tags":[3078,2835,4545],"class_list":{"0":"post-104631","1":"post","2":"type-post","3":"status-publish","4":"format-standard","5":"has-post-thumbnail","7":"category-municipios","8":"tag-emsurb","9":"tag-mercado","10":"tag-recadastramento"},"_links":{"self":[{"href":"https:\/\/senoticias.com.br\/se\/wp-json\/wp\/v2\/posts\/104631"}],"collection":[{"href":"https:\/\/senoticias.com.br\/se\/wp-json\/wp\/v2\/posts"}],"about":[{"href":"https:\/\/senoticias.com.br\/se\/wp-json\/wp\/v2\/types\/post"}],"author":[{"embeddable":true,"href":"https:\/\/senoticias.com.br\/se\/wp-json\/wp\/v2\/users\/2"}],"replies":[{"embeddable":true,"href":"https:\/\/senoticias.com.br\/se\/wp-json\/wp\/v2\/comments?post=104631"}],"version-history":[{"count":0,"href":"https:\/\/senoticias.com.br\/se\/wp-json\/wp\/v2\/posts\/104631\/revisions"}],"wp:featuredmedia":[{"embeddable":true,"href":"https:\/\/senoticias.com.br\/se\/wp-json\/wp\/v2\/media\/104633"}],"wp:attachment":[{"href":"https:\/\/senoticias.com.br\/se\/wp-json\/wp\/v2\/media?parent=104631"}],"wp:term":[{"taxonomy":"category","embeddable":true,"href":"https:\/\/senoticias.com.br\/se\/wp-json\/wp\/v2\/categories?post=104631"},{"taxonomy":"post_tag","embeddable":true,"href":"https:\/\/senoticias.com.br\/se\/wp-json\/wp\/v2\/tags?post=104631"}],"curies":[{"name":"wp","href":"https:\/\/api.w.org\/{rel}","templated":true}]}}