{"id":104618,"date":"2017-07-06T13:20:13","date_gmt":"2017-07-06T16:20:13","guid":{"rendered":"http:\/\/senoticias.com.br\/se\/?p=104618"},"modified":"2017-07-07T05:30:41","modified_gmt":"2017-07-07T08:30:41","slug":"acao-rapida-da-policia-resulta-na-prisao-de-quatro-pessoas-acusadas-de-assaltar-onibus-interestadual","status":"publish","type":"post","link":"https:\/\/senoticias.com.br\/se\/acao-rapida-da-policia-resulta-na-prisao-de-quatro-pessoas-acusadas-de-assaltar-onibus-interestadual\/","title":{"rendered":"A\u00e7\u00e3o r\u00e1pida da pol\u00edcia resulta na pris\u00e3o de quatro pessoas acusadas de assaltar \u00f4nibus interestadual"},"content":{"rendered":"<p style=\"text-align: justify;\">Uma a\u00e7\u00e3o r\u00e1pida da pol\u00edcia resultou na pris\u00e3o de quatro indiv\u00edduos acusados de assaltar um \u00f4nibus interestadual que vinha de Salvador para Aracaju na madrugada desta quinta-feira, no munic\u00edpio de Indiaroba, regi\u00e3o Sul do Estado.<\/p>\n<div id=\"attachment_104619\" style=\"width: 609px\" class=\"wp-caption aligncenter\"><img loading=\"lazy\" decoding=\"async\" aria-describedby=\"caption-attachment-104619\" class=\"size-full wp-image-104619\" src=\"http:\/\/senoticias.com.br\/se\/wp-content\/uploads\/2017\/07\/Roubos-onibus-senoticias-e1499357867972.jpg\" alt=\"Entre os acusados foram encontrados duas escopetas, celulares e objetos oriundo do assalto\" width=\"599\" height=\"337\" \/><p id=\"caption-attachment-104619\" class=\"wp-caption-text\">Entre os acusados foram encontrados duas escopetas, celulares e objetos oriundo do assalto (foto: SSP\/SE)<\/p><\/div>\n<p style=\"text-align: justify;\">De acordo com o comandante do Batalh\u00e3o de Radiopatrulha da Pol\u00edcia Militar (BPRp), tenente-coronel Carlos Rollemberg, por volta das 3 horas, as equipes foram acionados para atender uma ocorr\u00eancia de assalto a \u00f4nibus da empresa \u00c1guia Branca, no Povoado Sap\u00ea, em Indiaroba, onde cinco indiv\u00edduos armados teriam interceptado o \u00f4nibus e levado pertences dos passageiros.<\/p>\n<p style=\"text-align: justify;\">Em um trabalho r\u00e1pido e eficiente, guarni\u00e7\u00f5es do BPRp ap\u00f3s dilig\u00eancias chegaram \u00e0 pris\u00e3o de quatro pessoas, sendo tr\u00eas homens e uma mulher, no Povoado Itacanema, munic\u00edpio de Nossa Senhora do Socorro. De posse dos acusados foram encontrados duas escopetas calibre 12, celulares, pe\u00e7as de motos, tickets de embarque do \u00f4nibus assaltado, entre outros pertences das v\u00edtimas.<\/p>\n<p style=\"text-align: justify;\">Os criminosos e materiais apreendidos foram encaminhados ao Complexo de Opera\u00e7\u00f5es Policiais Especiais (COPE) da Pol\u00edcia Civil. As pol\u00edcias Militar e Civil seguem em dilig\u00eancias em busca da pris\u00e3o dos outros prov\u00e1veis envolvidos neste crime.<\/p>\n<p style=\"text-align: justify;\"><img loading=\"lazy\" decoding=\"async\" class=\"aligncenter size-full wp-image-104544\" src=\"http:\/\/senoticias.com.br\/se\/wp-content\/uploads\/2017\/07\/Logo-fone-1-2-1-2-4-6.jpg\" alt=\"Logo-fone-1-2-1-2-4-6\" width=\"599\" height=\"78\" srcset=\"https:\/\/senoticias.com.br\/se\/wp-content\/uploads\/2017\/07\/Logo-fone-1-2-1-2-4-6.jpg 599w, https:\/\/senoticias.com.br\/se\/wp-content\/uploads\/2017\/07\/Logo-fone-1-2-1-2-4-6-300x39.jpg 300w\" sizes=\"(max-width: 599px) 100vw, 599px\" \/><\/p>\n<p style=\"text-align: justify;\"><em><strong>Acompanhe tamb\u00e9m o SE not\u00edcias no\u00a0<a href=\"https:\/\/twitter.com\/Senoticias\" target=\"_blank\">Twitter<\/a>,\u00a0<a href=\"https:\/\/www.facebook.com\/senoticias1\" target=\"_blank\">Facebook<\/a>\u00a0e no\u00a0<a href=\"https:\/\/www.instagram.com\/senoticias\/\" target=\"_blank\">Instagram<\/a><\/strong><\/em><\/p>\n<p style=\"text-align: justify;\"><em>Ascom\/Pol\u00edcia Militar<\/em><\/p>\n","protected":false},"excerpt":{"rendered":"<p>Uma a\u00e7\u00e3o r\u00e1pida da pol\u00edcia resultou na pris\u00e3o de quatro indiv\u00edduos acusados de assaltar um \u00f4nibus interestadual que vinha de Salvador para Aracaju na madrugada desta quinta-feira, no munic\u00edpio de Indiaroba, regi\u00e3o Sul do Estado. De acordo com o comandante do Batalh\u00e3o de Radiopatrulha da Pol\u00edcia Militar (BPRp), tenente-coronel Carlos Rollemberg, por volta das 3 [&hellip;]<\/p>\n","protected":false},"author":2,"featured_media":104619,"comment_status":"closed","ping_status":"closed","sticky":false,"template":"","format":"standard","meta":{"footnotes":""},"categories":[15,7],"tags":[338,4539,1303],"class_list":{"0":"post-104618","1":"post","2":"type-post","3":"status-publish","4":"format-standard","5":"has-post-thumbnail","7":"category-destaques","8":"category-policia","9":"tag-assaltos","10":"tag-onibus-interestadual","11":"tag-policia"},"_links":{"self":[{"href":"https:\/\/senoticias.com.br\/se\/wp-json\/wp\/v2\/posts\/104618"}],"collection":[{"href":"https:\/\/senoticias.com.br\/se\/wp-json\/wp\/v2\/posts"}],"about":[{"href":"https:\/\/senoticias.com.br\/se\/wp-json\/wp\/v2\/types\/post"}],"author":[{"embeddable":true,"href":"https:\/\/senoticias.com.br\/se\/wp-json\/wp\/v2\/users\/2"}],"replies":[{"embeddable":true,"href":"https:\/\/senoticias.com.br\/se\/wp-json\/wp\/v2\/comments?post=104618"}],"version-history":[{"count":0,"href":"https:\/\/senoticias.com.br\/se\/wp-json\/wp\/v2\/posts\/104618\/revisions"}],"wp:featuredmedia":[{"embeddable":true,"href":"https:\/\/senoticias.com.br\/se\/wp-json\/wp\/v2\/media\/104619"}],"wp:attachment":[{"href":"https:\/\/senoticias.com.br\/se\/wp-json\/wp\/v2\/media?parent=104618"}],"wp:term":[{"taxonomy":"category","embeddable":true,"href":"https:\/\/senoticias.com.br\/se\/wp-json\/wp\/v2\/categories?post=104618"},{"taxonomy":"post_tag","embeddable":true,"href":"https:\/\/senoticias.com.br\/se\/wp-json\/wp\/v2\/tags?post=104618"}],"curies":[{"name":"wp","href":"https:\/\/api.w.org\/{rel}","templated":true}]}}