{"id":104584,"date":"2017-07-05T16:57:58","date_gmt":"2017-07-05T19:57:58","guid":{"rendered":"http:\/\/senoticias.com.br\/se\/?p=104584"},"modified":"2017-07-05T16:57:58","modified_gmt":"2017-07-05T19:57:58","slug":"aberto-processo-seletivo-para-cursos-tecnicos-em-servicos-de-condominio-redes-de-computadores-e-servico-de-restaurante-e-bar","status":"publish","type":"post","link":"https:\/\/senoticias.com.br\/se\/aberto-processo-seletivo-para-cursos-tecnicos-em-servicos-de-condominio-redes-de-computadores-e-servico-de-restaurante-e-bar\/","title":{"rendered":"Aberto processo seletivo para cursos t\u00e9cnicos em Servi\u00e7os de Condom\u00ednio, Redes de Computadores e Servi\u00e7o de Restaurante e Bar"},"content":{"rendered":"<p style=\"text-align: justify;\">O Governo de Sergipe, por interm\u00e9dio da Secretaria de Estado da Educa\u00e7\u00e3o, lan\u00e7ou nesta ter\u00e7a-feira, 4, o edital n\u00ba 16\/ 2017, que legitima o processo seletivo para o preenchimento de vagas de n\u00edvel m\u00e9dio nos cursos em Servi\u00e7os de Condom\u00ednio, Redes de Computadores e Servi\u00e7o de Restaurante e Bar. As inscri\u00e7\u00f5es poder\u00e3o ser feitas no per\u00edodo de 03 a 31 de julho de 2017, na secretaria do Centro Estadual de Educa\u00e7\u00e3o Profissional Jos\u00e9 Figueiredo Barreto, localizado na rua Laranjeiras, n\u00ba 1919, de segunda \u00e0 sexta-feira, no hor\u00e1rio das 8h \u00e0s 21h, em Aracaju.<\/p>\n<p style=\"text-align: justify;\">Ser\u00e3o ofertadas 120 vagas para o turno noturno, com quarenta vagas para cada uma das tr\u00eas modalidades de cursos: t\u00e9cnico em Servi\u00e7os de Condom\u00ednio, t\u00e9cnico em Redes de Computadores e t\u00e9cnico em Servi\u00e7o de Restaurante e Bar. Os candidatos que preencherem os requisitos dever\u00e3o ter disponibilidade de hor\u00e1rio para frequentar o curso na modalidade presencial, ofertado em Aracaju, com dura\u00e7\u00e3o de 1 ano e meio.<\/p>\n<div id=\"attachment_104585\" style=\"width: 609px\" class=\"wp-caption aligncenter\"><img loading=\"lazy\" decoding=\"async\" aria-describedby=\"caption-attachment-104585\" class=\"size-full wp-image-104585\" src=\"http:\/\/senoticias.com.br\/se\/wp-content\/uploads\/2017\/07\/seed-SENOTICIAS-e1499284606552.jpg\" alt=\"Foto: Seed \" width=\"599\" height=\"337\" \/><p id=\"caption-attachment-104585\" class=\"wp-caption-text\">Foto: Seed<\/p><\/div>\n<p style=\"text-align: justify;\">A diretora do departamento de Educa\u00e7\u00e3o (DED), Gabiela Zelice, explica que para concorrer a uma das vagas, al\u00e9m da disponibilidade de tempo no hor\u00e1rio ofertado, o candidato dever\u00e1 ter idade m\u00ednima de 16 (dezesseis) anos; ter conclu\u00eddo o Ensino M\u00e9dio e dever\u00e1 apresentar o certificado de conclus\u00e3o do Ensino M\u00e9dio com as m\u00e9dias das disciplinas L\u00edngua Portuguesa e Matem\u00e1tica para apura\u00e7\u00e3o da m\u00e9dia aritm\u00e9tica.<\/p>\n<p style=\"text-align: justify;\"><strong>Inscri\u00e7\u00e3o<\/strong><\/p>\n<p style=\"text-align: justify;\">S\u00e3o necess\u00e1rios para realizar a inscri\u00e7\u00e3o no processo seletivo a Carteira de identidade (original e c\u00f3pia) e hist\u00f3rico de conclus\u00e3o do Ensino M\u00e9dio (original e c\u00f3pia) constando a m\u00e9dia final da disciplina L\u00edngua Portuguesa e da disciplina Matem\u00e1tica. O candidato receber\u00e1 no ato da inscri\u00e7\u00e3o o seu comprovante, al\u00e9m de informa\u00e7\u00f5es referentes ao Processo Seletivo.<\/p>\n<p style=\"text-align: justify;\"><strong>Resultado<\/strong><\/p>\n<p style=\"text-align: justify;\">O resultado ser\u00e1 divulgado no dia 02 de Agosto de 2017 no Centro Estadual de Educa\u00e7\u00e3o Profissional Jos\u00e9 Figueiredo Barreto \u2013 CEEPJFB\/DEA\/Seed, no munic\u00edpio de Aracaju\/SE e na p\u00e1gina oficial da Seed.<\/p>\n<p style=\"text-align: justify;\"><strong>Matr\u00edcula e in\u00edcio do ano letivo<\/strong><\/p>\n<p style=\"text-align: justify;\">Os candidatos classificados dever\u00e3o realizar as matr\u00edculas no per\u00edodo de 02 a 03 de agosto de 2017, apresentando a documenta\u00e7\u00e3o exigida no edital, na secretaria do Centro Estadual de Educa\u00e7\u00e3o Profissional Jos\u00e9 Figueiredo Barreto, sob a pena do cancelamento da matr\u00edcula. No per\u00edodo de matr\u00edcula ser\u00e1 divulgado o calend\u00e1rio escolar. O in\u00edcio do Ano letivo est\u00e1 previsto para o dia 07 de agosto de 2017.<\/p>\n<p style=\"text-align: justify;\">Confira aqui o quadro de vagas para os cursos: T\u00e9cnico em Servi\u00e7os de Condom\u00ednio, T\u00e9cnico em Servi\u00e7os de Restaurante e Bar e T\u00e9cnico em Redes de Computadores para o Ano Letivo de 2017.2 na forma Subsequente (Ensino M\u00e9dio conclu\u00eddo).<\/p>\n<p style=\"text-align: justify;\">\n<p style=\"text-align: justify;\"><img loading=\"lazy\" decoding=\"async\" class=\"aligncenter size-full wp-image-104544\" src=\"http:\/\/senoticias.com.br\/se\/wp-content\/uploads\/2017\/07\/Logo-fone-1-2-1-2-4-6.jpg\" alt=\"Logo-fone-1-2-1-2-4-6\" width=\"599\" height=\"78\" srcset=\"https:\/\/senoticias.com.br\/se\/wp-content\/uploads\/2017\/07\/Logo-fone-1-2-1-2-4-6.jpg 599w, https:\/\/senoticias.com.br\/se\/wp-content\/uploads\/2017\/07\/Logo-fone-1-2-1-2-4-6-300x39.jpg 300w\" sizes=\"(max-width: 599px) 100vw, 599px\" \/><\/p>\n<p><em><strong>Acompanhe tamb\u00e9m o SE not\u00edcias no\u00a0<a href=\"https:\/\/twitter.com\/Senoticias\" target=\"_blank\">Twitter<\/a>,\u00a0<a href=\"https:\/\/www.facebook.com\/senoticias1\" target=\"_blank\">Facebook<\/a>\u00a0e no\u00a0<a href=\"https:\/\/www.instagram.com\/senoticias\/\" target=\"_blank\">Instagram<\/a><\/strong><\/em><\/p>\n<p>Por ASN<\/p>\n","protected":false},"excerpt":{"rendered":"<p>O Governo de Sergipe, por interm\u00e9dio da Secretaria de Estado da Educa\u00e7\u00e3o, lan\u00e7ou nesta ter\u00e7a-feira, 4, o edital n\u00ba 16\/ 2017, que legitima o processo seletivo para o preenchimento de vagas de n\u00edvel m\u00e9dio nos cursos em Servi\u00e7os de Condom\u00ednio, Redes de Computadores e Servi\u00e7o de Restaurante e Bar. As inscri\u00e7\u00f5es poder\u00e3o ser feitas no [&hellip;]<\/p>\n","protected":false},"author":2,"featured_media":0,"comment_status":"closed","ping_status":"closed","sticky":false,"template":"","format":"standard","meta":{"footnotes":""},"categories":[10],"tags":[3022,4523,4522],"class_list":{"0":"post-104584","1":"post","2":"type-post","3":"status-publish","4":"format-standard","6":"category-empregos","7":"tag-cursos","8":"tag-processoseletivo","9":"tag-seed"},"_links":{"self":[{"href":"https:\/\/senoticias.com.br\/se\/wp-json\/wp\/v2\/posts\/104584"}],"collection":[{"href":"https:\/\/senoticias.com.br\/se\/wp-json\/wp\/v2\/posts"}],"about":[{"href":"https:\/\/senoticias.com.br\/se\/wp-json\/wp\/v2\/types\/post"}],"author":[{"embeddable":true,"href":"https:\/\/senoticias.com.br\/se\/wp-json\/wp\/v2\/users\/2"}],"replies":[{"embeddable":true,"href":"https:\/\/senoticias.com.br\/se\/wp-json\/wp\/v2\/comments?post=104584"}],"version-history":[{"count":0,"href":"https:\/\/senoticias.com.br\/se\/wp-json\/wp\/v2\/posts\/104584\/revisions"}],"wp:attachment":[{"href":"https:\/\/senoticias.com.br\/se\/wp-json\/wp\/v2\/media?parent=104584"}],"wp:term":[{"taxonomy":"category","embeddable":true,"href":"https:\/\/senoticias.com.br\/se\/wp-json\/wp\/v2\/categories?post=104584"},{"taxonomy":"post_tag","embeddable":true,"href":"https:\/\/senoticias.com.br\/se\/wp-json\/wp\/v2\/tags?post=104584"}],"curies":[{"name":"wp","href":"https:\/\/api.w.org\/{rel}","templated":true}]}}