{"id":104582,"date":"2017-07-05T15:40:36","date_gmt":"2017-07-05T18:40:36","guid":{"rendered":"http:\/\/senoticias.com.br\/se\/?p=104582"},"modified":"2017-07-05T18:53:20","modified_gmt":"2017-07-05T21:53:20","slug":"sergipe-passa-a-ter-voos-diretos-para-buenos-aires","status":"publish","type":"post","link":"https:\/\/senoticias.com.br\/se\/sergipe-passa-a-ter-voos-diretos-para-buenos-aires\/","title":{"rendered":"Sergipe passa a ter v\u00f4os diretos para Buenos Aires"},"content":{"rendered":"<div id=\"attachment_104583\" style=\"width: 448px\" class=\"wp-caption aligncenter\"><img loading=\"lazy\" decoding=\"async\" aria-describedby=\"caption-attachment-104583\" class=\"size-full wp-image-104583\" src=\"http:\/\/senoticias.com.br\/se\/wp-content\/uploads\/2017\/07\/WhatsApp-Image-2017-07-04-at-23.12.32.jpeg\" alt=\"Foto: ASN\" width=\"438\" height=\"336\" srcset=\"https:\/\/senoticias.com.br\/se\/wp-content\/uploads\/2017\/07\/WhatsApp-Image-2017-07-04-at-23.12.32.jpeg 438w, https:\/\/senoticias.com.br\/se\/wp-content\/uploads\/2017\/07\/WhatsApp-Image-2017-07-04-at-23.12.32-300x230.jpeg 300w, https:\/\/senoticias.com.br\/se\/wp-content\/uploads\/2017\/07\/WhatsApp-Image-2017-07-04-at-23.12.32-45x35.jpeg 45w\" sizes=\"(max-width: 438px) 100vw, 438px\" \/><p id=\"caption-attachment-104583\" class=\"wp-caption-text\">Foto: ASN<\/p><\/div>\n<p style=\"text-align: justify;\">A partir do dia 4 de novembro desse ano, Sergipe passa a ter o primeiro voo regular internacional. Por semana, 172 passagens ser\u00e3o disponibilizadas na nova linha Aracaju-Buenos Aires. Essa medida adotada pelo Governo do Estado e a operadora Gol deve trazer mais turistas para Sergipe e, consequentemente, aquecer a economia.<\/p>\n<p style=\"text-align: justify;\">Em entrevista para o Portal Infonet, o secret\u00e1rio de Estado do Turismo, F\u00e1bio Henrique, informou que o governador Jackson Barreto j\u00e1 assinou o decreto de redu\u00e7\u00e3o da al\u00edquota do ISS e que a formaliza\u00e7\u00e3o entre o Governo e a Gol ocorrer\u00e1 nos pr\u00f3ximos dias. \u201cA formaliza\u00e7\u00e3o final s\u00f3 est\u00e1 dependendo da agenda do governador. Depois do decreto que j\u00e1 foi assinado por ele, a empresa precisa de uns 90 dias para providenciar as adapta\u00e7\u00f5es necess\u00e1rias\u201d, esclarece.<\/p>\n<p style=\"text-align: justify;\">O\u00a0secret\u00e1rio tamb\u00e9m explicou a escolha do primeiro destino internacional com pesquisas que revelam que a maioria dos turistas que visitam o Brasil, e principalmente o Nordeste, partem de Buenos Aires.<\/p>\n<p style=\"text-align: justify;\"><img loading=\"lazy\" decoding=\"async\" class=\"aligncenter size-full wp-image-104544\" src=\"http:\/\/senoticias.com.br\/se\/wp-content\/uploads\/2017\/07\/Logo-fone-1-2-1-2-4-6.jpg\" alt=\"Logo-fone-1-2-1-2-4-6\" width=\"599\" height=\"78\" srcset=\"https:\/\/senoticias.com.br\/se\/wp-content\/uploads\/2017\/07\/Logo-fone-1-2-1-2-4-6.jpg 599w, https:\/\/senoticias.com.br\/se\/wp-content\/uploads\/2017\/07\/Logo-fone-1-2-1-2-4-6-300x39.jpg 300w\" sizes=\"(max-width: 599px) 100vw, 599px\" \/><\/p>\n<p><em><strong>Acompanhe tamb\u00e9m o SE not\u00edcias no\u00a0<a href=\"https:\/\/twitter.com\/Senoticias\" target=\"_blank\">Twitter<\/a>,\u00a0<a href=\"https:\/\/www.facebook.com\/senoticias1\" target=\"_blank\">Facebook<\/a>\u00a0e no\u00a0<a href=\"https:\/\/www.instagram.com\/senoticias\/\" target=\"_blank\">Instagram<\/a><\/strong><\/em><\/p>\n<p>Por\u00a0reda\u00e7\u00e3o do SE Not\u00edcias, com informa\u00e7\u00f5es da Infonet<\/p>\n","protected":false},"excerpt":{"rendered":"<p>A partir do dia 4 de novembro desse ano, Sergipe passa a ter o primeiro voo regular internacional. Por semana, 172 passagens ser\u00e3o disponibilizadas na nova linha Aracaju-Buenos Aires. Essa medida adotada pelo Governo do Estado e a operadora Gol deve trazer mais turistas para Sergipe e, consequentemente, aquecer a economia. Em entrevista para o [&hellip;]<\/p>\n","protected":false},"author":2,"featured_media":0,"comment_status":"closed","ping_status":"closed","sticky":false,"template":"","format":"standard","meta":{"footnotes":""},"categories":[15,38],"tags":[2896,4520,4521,223,4519],"class_list":{"0":"post-104582","1":"post","2":"type-post","3":"status-publish","4":"format-standard","6":"category-destaques","7":"category-municipios","8":"tag-aeroporto","9":"tag-buenosaires","10":"tag-gol","11":"tag-sergipe","12":"tag-voos"},"_links":{"self":[{"href":"https:\/\/senoticias.com.br\/se\/wp-json\/wp\/v2\/posts\/104582"}],"collection":[{"href":"https:\/\/senoticias.com.br\/se\/wp-json\/wp\/v2\/posts"}],"about":[{"href":"https:\/\/senoticias.com.br\/se\/wp-json\/wp\/v2\/types\/post"}],"author":[{"embeddable":true,"href":"https:\/\/senoticias.com.br\/se\/wp-json\/wp\/v2\/users\/2"}],"replies":[{"embeddable":true,"href":"https:\/\/senoticias.com.br\/se\/wp-json\/wp\/v2\/comments?post=104582"}],"version-history":[{"count":0,"href":"https:\/\/senoticias.com.br\/se\/wp-json\/wp\/v2\/posts\/104582\/revisions"}],"wp:attachment":[{"href":"https:\/\/senoticias.com.br\/se\/wp-json\/wp\/v2\/media?parent=104582"}],"wp:term":[{"taxonomy":"category","embeddable":true,"href":"https:\/\/senoticias.com.br\/se\/wp-json\/wp\/v2\/categories?post=104582"},{"taxonomy":"post_tag","embeddable":true,"href":"https:\/\/senoticias.com.br\/se\/wp-json\/wp\/v2\/tags?post=104582"}],"curies":[{"name":"wp","href":"https:\/\/api.w.org\/{rel}","templated":true}]}}