{"id":104574,"date":"2017-07-05T12:31:08","date_gmt":"2017-07-05T15:31:08","guid":{"rendered":"http:\/\/senoticias.com.br\/se\/?p=104574"},"modified":"2017-07-05T12:31:08","modified_gmt":"2017-07-05T15:31:08","slug":"policia-civil-prende-segundo-acusado-do-latrocinio-que-vitimou-empresario-no-inacio-barbosa","status":"publish","type":"post","link":"https:\/\/senoticias.com.br\/se\/policia-civil-prende-segundo-acusado-do-latrocinio-que-vitimou-empresario-no-inacio-barbosa\/","title":{"rendered":"Pol\u00edcia Civil prende segundo acusado do latroc\u00ednio que vitimou empres\u00e1rio no In\u00e1cio Barbosa"},"content":{"rendered":"<p style=\"text-align: justify;\">Na manh\u00e3 desta quarta-feira, 05, equipes da Delegacia de Roubos e Furtos (Derof) efetuaram a pris\u00e3o de Gustavo Rafael Fontes Nascimento, 24 anos, segundo autor do latroc\u00ednio que vitimou o empres\u00e1rio Adilino da Silva Maia, conhecido como Maranh\u00e3o, 59 anos. O crime ocorreu na noite de 4 de mar\u00e7o deste ano, no conjunto In\u00e1cio Barbosa, na zona sul da capital. Ele foi preso em uma resid\u00eancia localizada no bairro Soledade, zona Norte de Aracaju.<\/p>\n<div id=\"attachment_104575\" style=\"width: 609px\" class=\"wp-caption aligncenter\"><img loading=\"lazy\" decoding=\"async\" aria-describedby=\"caption-attachment-104575\" class=\"size-full wp-image-104575\" src=\"http:\/\/senoticias.com.br\/se\/wp-content\/uploads\/2017\/07\/suspeito-senoticias-e1499268488151.jpg\" alt=\"Gustavo Rafael foi preso na manh\u00e3 desta quarta-feira, 05, no bairro Soledade\" width=\"599\" height=\"627\" \/><p id=\"caption-attachment-104575\" class=\"wp-caption-text\">Gustavo Rafael foi preso na manh\u00e3 desta quarta-feira, 05, no bairro Soledade. (Foto: SSP\/SE)<\/p><\/div>\n<p style=\"text-align: justify;\">Segundo a delegada Juliana Alcoforado, no dia do crime, por volta das 18 horas, Adilino chegava em sua resid\u00eancia quando foi abordado ao estacionar seu ve\u00edculo e ido a \u00f3bito ap\u00f3s ser alvejado por duas vezes na cabe\u00e7a pela dupla. &#8220;Desde os primeiros instantes, nossas equipes efetuaram dilig\u00eancias e, a partir dos dados colhidos na cena do crime, suspeitou que Filipe podia ser o autor do fato. O rapaz, apesar da pouca idade, \u00e9 contumaz na pr\u00e1tica de roubos de ve\u00edculos em Aracaju, em especial caminhonetes no estilo da pertencente \u00e0 v\u00edtima&#8221;, explicou a delegada.<\/p>\n<p style=\"text-align: justify;\">\n<p style=\"text-align: justify;\">Com as investiga\u00e7\u00f5es ainda em curso, no dia 21 de mar\u00e7o, Filipe foi preso em flagrante pelas equipes da Policia Militar, transitando pelas ruas do bairro Aruana portando uma pistola cal\u00edbre 380, a mesma arma de fogo utilizada contra Adilino, refor\u00e7ando as suspeitas sobre o jovem. Depois da pris\u00e3o, a equipe da Derof interrogou o suspeito, que reconheceu sua participa\u00e7\u00e3o no crime e apontou Gustavo Rafael Fontes Nascimento como seu parceiro na a\u00e7\u00e3o e autor dos disparos. De acordo com sua vers\u00e3o, a v\u00edtima foi seguida pelas ruas desde quando parou em uma farm\u00e1cia no bairro vizinho, at\u00e9 a rua de sua casa, onde o crime aconteceu.<\/p>\n<p style=\"text-align: justify;\">\n<p style=\"text-align: justify;\">Gustavo, co-autor do latroc\u00ednio, estava foragido da Justi\u00e7a desde dezembro de 2016, quando fugiu do Complexo Penitenci\u00e1rio Dr. Manoel Carvalho Neto (Copemcan). &#8220;Localizamos ele na resid\u00eancia de uma mulher com quem vinha se encontrando. Em depoimento, ele admitiu participa\u00e7\u00e3o no crime&#8221;, salientou Juliana Alcoforado. O indiv\u00edduo permanece sob cust\u00f3dia, \u00e0 disposi\u00e7\u00e3o do Poder Judici\u00e1rio.<\/p>\n<p style=\"text-align: justify;\"><em><strong>Acompanhe tamb\u00e9m o SE not\u00edcias no\u00a0<a href=\"https:\/\/twitter.com\/Senoticias\" target=\"_blank\">Twitter<\/a>,\u00a0<a href=\"https:\/\/www.facebook.com\/senoticias1\" target=\"_blank\">Facebook<\/a>\u00a0e no\u00a0<a href=\"https:\/\/www.instagram.com\/senoticias\/\" target=\"_blank\">Instagram<\/a><\/strong><\/em><\/p>\n<p style=\"text-align: justify;\"><img loading=\"lazy\" decoding=\"async\" class=\"aligncenter size-full wp-image-104544\" src=\"http:\/\/senoticias.com.br\/se\/wp-content\/uploads\/2017\/07\/Logo-fone-1-2-1-2-4-6.jpg\" alt=\"Logo-fone-1-2-1-2-4-6\" width=\"599\" height=\"78\" srcset=\"https:\/\/senoticias.com.br\/se\/wp-content\/uploads\/2017\/07\/Logo-fone-1-2-1-2-4-6.jpg 599w, https:\/\/senoticias.com.br\/se\/wp-content\/uploads\/2017\/07\/Logo-fone-1-2-1-2-4-6-300x39.jpg 300w\" sizes=\"(max-width: 599px) 100vw, 599px\" \/><\/p>\n<p style=\"text-align: justify;\"><em>Ascom\/SSP\/SE<\/em><\/p>\n","protected":false},"excerpt":{"rendered":"<p>Na manh\u00e3 desta quarta-feira, 05, equipes da Delegacia de Roubos e Furtos (Derof) efetuaram a pris\u00e3o de Gustavo Rafael Fontes Nascimento, 24 anos, segundo autor do latroc\u00ednio que vitimou o empres\u00e1rio Adilino da Silva Maia, conhecido como Maranh\u00e3o, 59 anos. O crime ocorreu na noite de 4 de mar\u00e7o deste ano, no conjunto In\u00e1cio Barbosa, [&hellip;]<\/p>\n","protected":false},"author":2,"featured_media":104575,"comment_status":"closed","ping_status":"closed","sticky":false,"template":"","format":"standard","meta":{"footnotes":""},"categories":[15],"tags":[4516,3179,4514,4515,3668,78],"class_list":{"0":"post-104574","1":"post","2":"type-post","3":"status-publish","4":"format-standard","5":"has-post-thumbnail","7":"category-destaques","8":"tag-acusado-do-latrocinio","9":"tag-crime","10":"tag-empresario","11":"tag-inacio-barbosa","12":"tag-latrocinio","13":"tag-policia-civil"},"_links":{"self":[{"href":"https:\/\/senoticias.com.br\/se\/wp-json\/wp\/v2\/posts\/104574"}],"collection":[{"href":"https:\/\/senoticias.com.br\/se\/wp-json\/wp\/v2\/posts"}],"about":[{"href":"https:\/\/senoticias.com.br\/se\/wp-json\/wp\/v2\/types\/post"}],"author":[{"embeddable":true,"href":"https:\/\/senoticias.com.br\/se\/wp-json\/wp\/v2\/users\/2"}],"replies":[{"embeddable":true,"href":"https:\/\/senoticias.com.br\/se\/wp-json\/wp\/v2\/comments?post=104574"}],"version-history":[{"count":0,"href":"https:\/\/senoticias.com.br\/se\/wp-json\/wp\/v2\/posts\/104574\/revisions"}],"wp:featuredmedia":[{"embeddable":true,"href":"https:\/\/senoticias.com.br\/se\/wp-json\/wp\/v2\/media\/104575"}],"wp:attachment":[{"href":"https:\/\/senoticias.com.br\/se\/wp-json\/wp\/v2\/media?parent=104574"}],"wp:term":[{"taxonomy":"category","embeddable":true,"href":"https:\/\/senoticias.com.br\/se\/wp-json\/wp\/v2\/categories?post=104574"},{"taxonomy":"post_tag","embeddable":true,"href":"https:\/\/senoticias.com.br\/se\/wp-json\/wp\/v2\/tags?post=104574"}],"curies":[{"name":"wp","href":"https:\/\/api.w.org\/{rel}","templated":true}]}}