{"id":104571,"date":"2017-07-05T12:15:03","date_gmt":"2017-07-05T15:15:03","guid":{"rendered":"http:\/\/senoticias.com.br\/se\/?p=104571"},"modified":"2017-07-05T12:15:55","modified_gmt":"2017-07-05T15:15:55","slug":"novo-comandante-do-cbmse-assume-nesta-quinta","status":"publish","type":"post","link":"https:\/\/senoticias.com.br\/se\/novo-comandante-do-cbmse-assume-nesta-quinta\/","title":{"rendered":"Novo comandante do Corpo de Bombeiros Militar de Sergipe assume nesta quinta"},"content":{"rendered":"<p style=\"text-align: justify;\">O Corpo de Bombeiros Militar de Sergipe (CBMSE) promove, nesta quinta-feira (06), \u00e0s 9h, no quartel central da Rua Siriri, Centro de Aracaju\/SE, uma formatura militar para passagem de comando. O coronel BM Jos\u00e9 Erivaldo Mendes toma posse no lugar deixado pelo coronel BM Eduardo Carlos Santos Pereira, que estava no cargo desde 25 de dezembro de 2016. A cerim\u00f4nia contar\u00e1 com a presen\u00e7a do secret\u00e1rio de Estado de Governo, Benedito de Figueiredo.<\/p>\n<div id=\"attachment_104573\" style=\"width: 481px\" class=\"wp-caption aligncenter\"><img loading=\"lazy\" decoding=\"async\" aria-describedby=\"caption-attachment-104573\" class=\"size-full wp-image-104573\" src=\"http:\/\/senoticias.com.br\/se\/wp-content\/uploads\/2017\/07\/cel-Mendes-SE-Noticias-1.jpg\" alt=\"O coronel BM Jos\u00e9 Erivaldo Mendes toma posse no lugar deixado pelo coronel BM Eduardo Carlos Santos Pereira. (Foto: reprodu\u00e7\u00e3o a8SE)\" width=\"471\" height=\"358\" srcset=\"https:\/\/senoticias.com.br\/se\/wp-content\/uploads\/2017\/07\/cel-Mendes-SE-Noticias-1.jpg 471w, https:\/\/senoticias.com.br\/se\/wp-content\/uploads\/2017\/07\/cel-Mendes-SE-Noticias-1-300x228.jpg 300w, https:\/\/senoticias.com.br\/se\/wp-content\/uploads\/2017\/07\/cel-Mendes-SE-Noticias-1-45x35.jpg 45w\" sizes=\"(max-width: 471px) 100vw, 471px\" \/><p id=\"caption-attachment-104573\" class=\"wp-caption-text\">O coronel BM Jos\u00e9 Erivaldo Mendes toma posse no lugar deixado pelo coronel BM Eduardo Carlos Santos Pereira. (Foto: reprodu\u00e7\u00e3o a8SE)<\/p><\/div>\n<p>Destacado pelo governador Jackson Barreto para assumir a vaga, o coronel Mendes atuava como diretor do Departamento Estadual de Prote\u00e7\u00e3o e Defesa Civil (Depec) da Secretaria de Estado da Inclus\u00e3o Social desde 2009. No Corpo de Bombeiros, o novo comandante geral j\u00e1 atuou como comandante do 2\u00ba SG\/1\u00baGBM, chefe da Assessoria de Comunica\u00e7\u00e3o Social, comandante do antigo Subgrupamento de Atendimento Pr\u00e9-Hospitalar (SGAPH) e subcomandante do 2\u00ba GBM.<\/p>\n<p style=\"text-align: justify;\"><em><strong>Acompanhe tamb\u00e9m o SE not\u00edcias no\u00a0<a href=\"https:\/\/twitter.com\/Senoticias\" target=\"_blank\">Twitter<\/a>,\u00a0<a href=\"https:\/\/www.facebook.com\/senoticias1\" target=\"_blank\">Facebook<\/a>\u00a0e no\u00a0<a href=\"https:\/\/www.instagram.com\/senoticias\/\" target=\"_blank\">Instagram<\/a><\/strong><\/em><\/p>\n<p style=\"text-align: justify;\"><img loading=\"lazy\" decoding=\"async\" class=\"aligncenter size-full wp-image-104544\" src=\"http:\/\/senoticias.com.br\/se\/wp-content\/uploads\/2017\/07\/Logo-fone-1-2-1-2-4-6.jpg\" alt=\"Logo-fone-1-2-1-2-4-6\" width=\"599\" height=\"78\" srcset=\"https:\/\/senoticias.com.br\/se\/wp-content\/uploads\/2017\/07\/Logo-fone-1-2-1-2-4-6.jpg 599w, https:\/\/senoticias.com.br\/se\/wp-content\/uploads\/2017\/07\/Logo-fone-1-2-1-2-4-6-300x39.jpg 300w\" sizes=\"(max-width: 599px) 100vw, 599px\" \/><\/p>\n<p style=\"text-align: justify;\"><em>Ascom\/Corpo de Bombeiros<\/em><\/p>\n","protected":false},"excerpt":{"rendered":"<p>O Corpo de Bombeiros Militar de Sergipe (CBMSE) promove, nesta quinta-feira (06), \u00e0s 9h, no quartel central da Rua Siriri, Centro de Aracaju\/SE, uma formatura militar para passagem de comando. O coronel BM Jos\u00e9 Erivaldo Mendes toma posse no lugar deixado pelo coronel BM Eduardo Carlos Santos Pereira, que estava no cargo desde 25 de [&hellip;]<\/p>\n","protected":false},"author":2,"featured_media":104573,"comment_status":"closed","ping_status":"closed","sticky":false,"template":"","format":"standard","meta":{"footnotes":""},"categories":[15],"tags":[4511,4512,4513,4510],"class_list":{"0":"post-104571","1":"post","2":"type-post","3":"status-publish","4":"format-standard","5":"has-post-thumbnail","7":"category-destaques","8":"tag-cbmse","9":"tag-coronel-mendes","10":"tag-corpo-de-bombeiros-militar-de-sergipe","11":"tag-novo-comandante"},"_links":{"self":[{"href":"https:\/\/senoticias.com.br\/se\/wp-json\/wp\/v2\/posts\/104571"}],"collection":[{"href":"https:\/\/senoticias.com.br\/se\/wp-json\/wp\/v2\/posts"}],"about":[{"href":"https:\/\/senoticias.com.br\/se\/wp-json\/wp\/v2\/types\/post"}],"author":[{"embeddable":true,"href":"https:\/\/senoticias.com.br\/se\/wp-json\/wp\/v2\/users\/2"}],"replies":[{"embeddable":true,"href":"https:\/\/senoticias.com.br\/se\/wp-json\/wp\/v2\/comments?post=104571"}],"version-history":[{"count":0,"href":"https:\/\/senoticias.com.br\/se\/wp-json\/wp\/v2\/posts\/104571\/revisions"}],"wp:featuredmedia":[{"embeddable":true,"href":"https:\/\/senoticias.com.br\/se\/wp-json\/wp\/v2\/media\/104573"}],"wp:attachment":[{"href":"https:\/\/senoticias.com.br\/se\/wp-json\/wp\/v2\/media?parent=104571"}],"wp:term":[{"taxonomy":"category","embeddable":true,"href":"https:\/\/senoticias.com.br\/se\/wp-json\/wp\/v2\/categories?post=104571"},{"taxonomy":"post_tag","embeddable":true,"href":"https:\/\/senoticias.com.br\/se\/wp-json\/wp\/v2\/tags?post=104571"}],"curies":[{"name":"wp","href":"https:\/\/api.w.org\/{rel}","templated":true}]}}