{"id":104545,"date":"2017-07-04T13:56:31","date_gmt":"2017-07-04T16:56:31","guid":{"rendered":"http:\/\/senoticias.com.br\/se\/?p=104545"},"modified":"2017-07-04T13:56:31","modified_gmt":"2017-07-04T16:56:31","slug":"policia-civil-prende-jornalista-suspeita-de-passar-informacoes-para-faccao-em-sao-paulo","status":"publish","type":"post","link":"https:\/\/senoticias.com.br\/se\/policia-civil-prende-jornalista-suspeita-de-passar-informacoes-para-faccao-em-sao-paulo\/","title":{"rendered":"Pol\u00edcia Civil prende jornalista suspeita de passar informa\u00e7\u00f5es para fac\u00e7\u00e3o em S\u00e3o Paulo"},"content":{"rendered":"<p style=\"text-align: justify;\">\nPoliciais da Delegacia Especializada em Armas, Muni\u00e7\u00f5es e Explosivos (Desarme) do Rio prenderam na manh\u00e3 desta ter\u00e7a-feira (4) em Ilhabela, litoral paulista, a jornalista e advogada Luana de Almeida Domingos, de 32 anos, conhecida como Luana Don. A pris\u00e3o contou com apoio da Pol\u00edcia Civil de S\u00e3o Paulo.<\/p>\n<p style=\"text-align: justify;\">Segundo investiga\u00e7\u00f5es das pol\u00edcias de Rio e S\u00e3o Paulo, ela passava informa\u00e7\u00f5es dos l\u00edderes da maior fac\u00e7\u00e3o criminosa do pa\u00eds \u2013 atuava como &#8220;pombo-correio&#8221;. Ainda de acordo com os investigadores, Luana estava em uma organiza\u00e7\u00e3o chamada \u201csintonia dos gravatas\u201d, respons\u00e1vel por transmitir as ordens da c\u00fapula da organiza\u00e7\u00e3o criminosa em SP para atua\u00e7\u00e3o do grupo no Rio de Janeiro.<\/p>\n<div id=\"attachment_104546\" style=\"width: 609px\" class=\"wp-caption aligncenter\"><img loading=\"lazy\" decoding=\"async\" aria-describedby=\"caption-attachment-104546\" class=\"size-full wp-image-104546\" src=\"http:\/\/senoticias.com.br\/se\/wp-content\/uploads\/2017\/07\/Jornalista-presa-senoticias-e1499187264141.jpg\" alt=\"Luana Don foi presa em Ilhabela, SP, ap\u00f3s mais de um m\u00eas de buscas da pol\u00edcia (Foto: Reprodu\u00e7\u00e3o)\" width=\"599\" height=\"627\" \/><p id=\"caption-attachment-104546\" class=\"wp-caption-text\">Luana Don foi presa em Ilhabela, SP, ap\u00f3s mais de um m\u00eas de buscas da pol\u00edcia (Foto: Reprodu\u00e7\u00e3o)<\/p><\/div>\n<p style=\"text-align: justify;\">\nLuana foi presa em Ilhabela, na rua Manoel Guerra do Amaral, em uma resid\u00eancia que era utilizada como seu esconderijo. Ela possu\u00eda mandado de pris\u00e3o preventiva pelos crimes de corrup\u00e7\u00e3o ativa e por integrar organiza\u00e7\u00e3o criminosa.<\/p>\n<p style=\"text-align: justify;\"><strong>Recompensa de R$ 50 mil<\/strong><\/p>\n<p style=\"text-align: justify;\">At\u00e9 sua pris\u00e3o, ela era considerada uma das mais procuradas do Estado de S\u00e3o Paulo, com recompensa de R$ 50 mil por informa\u00e7\u00f5es que levassem \u00e0 sua pris\u00e3o.<\/p>\n<p style=\"text-align: justify;\">A jornalista e advogada j\u00e1 havia trabalhado entre 2012 e 2015 como rep\u00f3rter de uma rede de televis\u00e3o em S\u00e3o Paulo. A Desarme a estava investigando porque ela j\u00e1 morou no Rio de Janeiro e, segundo informa\u00e7\u00f5es, \u00e9 poss\u00edvel que estivesse passando informa\u00e7\u00f5es da fac\u00e7\u00e3o para atua\u00e7\u00e3o deste grupo no Rio de Janeiro. Luana ser\u00e1 apresentada na Divis\u00e3o de Capturas (Decade) na capital paulista ainda nesta ter\u00e7a-feira.<\/p>\n<p style=\"text-align: justify;\"><img loading=\"lazy\" decoding=\"async\" class=\"aligncenter size-full wp-image-104544\" src=\"http:\/\/senoticias.com.br\/se\/wp-content\/uploads\/2017\/07\/Logo-fone-1-2-1-2-4-6.jpg\" alt=\"Logo-fone-1-2-1-2-4-6\" width=\"599\" height=\"78\" srcset=\"https:\/\/senoticias.com.br\/se\/wp-content\/uploads\/2017\/07\/Logo-fone-1-2-1-2-4-6.jpg 599w, https:\/\/senoticias.com.br\/se\/wp-content\/uploads\/2017\/07\/Logo-fone-1-2-1-2-4-6-300x39.jpg 300w\" sizes=\"(max-width: 599px) 100vw, 599px\" \/><\/p>\n<p style=\"text-align: justify;\"><em><strong>Acompanhe tamb\u00e9m o SE not\u00edcias no\u00a0<a href=\"https:\/\/twitter.com\/Senoticias\" target=\"_blank\">Twitter<\/a>,\u00a0<a href=\"https:\/\/www.facebook.com\/senoticias1\" target=\"_blank\">Facebook<\/a>\u00a0e no\u00a0<a href=\"https:\/\/www.instagram.com\/senoticias\/\" target=\"_blank\">Instagram<\/a><\/strong><\/em><\/p>\n<p style=\"text-align: justify;\"><em>Por Henrique Coelho e Leslie Leit\u00e3o, <a href=\"http:\/\/g1.globo.com\/rio-de-janeiro\/noticia\/policia-do-rj-prende-reporter-que-passava-informacoes-para-faccao-em-sp.ghtml\">G1 Rio<\/a> e TV Globo<\/em><\/p>\n","protected":false},"excerpt":{"rendered":"<p>Policiais da Delegacia Especializada em Armas, Muni\u00e7\u00f5es e Explosivos (Desarme) do Rio prenderam na manh\u00e3 desta ter\u00e7a-feira (4) em Ilhabela, litoral paulista, a jornalista e advogada Luana de Almeida Domingos, de 32 anos, conhecida como Luana Don. A pris\u00e3o contou com apoio da Pol\u00edcia Civil de S\u00e3o Paulo. Segundo investiga\u00e7\u00f5es das pol\u00edcias de Rio e [&hellip;]<\/p>\n","protected":false},"author":2,"featured_media":104546,"comment_status":"closed","ping_status":"closed","sticky":false,"template":"","format":"standard","meta":{"footnotes":""},"categories":[15],"tags":[4495,4496,4135,4497,78],"class_list":{"0":"post-104545","1":"post","2":"type-post","3":"status-publish","4":"format-standard","5":"has-post-thumbnail","7":"category-destaques","8":"tag-faccao","9":"tag-informacoes","10":"tag-jornalista","11":"tag-jornalista-advogada","12":"tag-policia-civil"},"_links":{"self":[{"href":"https:\/\/senoticias.com.br\/se\/wp-json\/wp\/v2\/posts\/104545"}],"collection":[{"href":"https:\/\/senoticias.com.br\/se\/wp-json\/wp\/v2\/posts"}],"about":[{"href":"https:\/\/senoticias.com.br\/se\/wp-json\/wp\/v2\/types\/post"}],"author":[{"embeddable":true,"href":"https:\/\/senoticias.com.br\/se\/wp-json\/wp\/v2\/users\/2"}],"replies":[{"embeddable":true,"href":"https:\/\/senoticias.com.br\/se\/wp-json\/wp\/v2\/comments?post=104545"}],"version-history":[{"count":0,"href":"https:\/\/senoticias.com.br\/se\/wp-json\/wp\/v2\/posts\/104545\/revisions"}],"wp:featuredmedia":[{"embeddable":true,"href":"https:\/\/senoticias.com.br\/se\/wp-json\/wp\/v2\/media\/104546"}],"wp:attachment":[{"href":"https:\/\/senoticias.com.br\/se\/wp-json\/wp\/v2\/media?parent=104545"}],"wp:term":[{"taxonomy":"category","embeddable":true,"href":"https:\/\/senoticias.com.br\/se\/wp-json\/wp\/v2\/categories?post=104545"},{"taxonomy":"post_tag","embeddable":true,"href":"https:\/\/senoticias.com.br\/se\/wp-json\/wp\/v2\/tags?post=104545"}],"curies":[{"name":"wp","href":"https:\/\/api.w.org\/{rel}","templated":true}]}}