{"id":104542,"date":"2017-07-04T13:33:42","date_gmt":"2017-07-04T16:33:42","guid":{"rendered":"http:\/\/senoticias.com.br\/se\/?p=104542"},"modified":"2017-07-04T13:33:42","modified_gmt":"2017-07-04T16:33:42","slug":"sedetec-discute-preco-do-gas-natural-em-sergipe","status":"publish","type":"post","link":"https:\/\/senoticias.com.br\/se\/sedetec-discute-preco-do-gas-natural-em-sergipe\/","title":{"rendered":"Sedetec discute pre\u00e7o do g\u00e1s natural em Sergipe"},"content":{"rendered":"<div><\/div>\n<div>\n<div style=\"text-align: justify;\">\nEmpres\u00e1rios do setor industrial de Sergipe estiveram reunidos nesta ter\u00e7a-feira, 04, na Secretaria de Estado do Desenvolvimento Econ\u00f4mico e da Ci\u00eancia e Tecnologia (Sedetec), a fim de discutir sobre o pre\u00e7o da tarifa de g\u00e1s natural praticada em Sergipe e solicitar apoio do Governo do Estado para que o valor seja mais competitivo. A reuni\u00e3o sob o comando do secret\u00e1rio Jos\u00e9 Augusto Carvalho, contou com a participa\u00e7\u00e3o do deputado Federal La\u00e9rcio Oliveira, assessor jur\u00eddico da Serg\u00e1s, Ricardo Nunes, deputado Estadual Zezinho Guimar\u00e3es, \u00a0presidente da Codise, Eug\u00eanio Dezen e de representantes da Ag\u00eancia Reguladora de Servi\u00e7os (Agrese), Procuradoria Geral do Estado (PGE), Federa\u00e7\u00e3o das Ind\u00fastrias de Sergipe (FIES), al\u00e9m de t\u00e9cnicos da Sedetec.<\/p>\n<div id=\"attachment_104543\" style=\"width: 609px\" class=\"wp-caption aligncenter\"><img loading=\"lazy\" decoding=\"async\" aria-describedby=\"caption-attachment-104543\" class=\"size-full wp-image-104543\" src=\"http:\/\/senoticias.com.br\/se\/wp-content\/uploads\/2017\/07\/SEDETECE-SENOTICIAS-e1499185839700.jpg\" alt=\"Secretaria de Estado do Desenvolvimento Econ\u00f4mico e da Ci\u00eancia e Tecnologia (Sedetec)\" width=\"599\" height=\"439\" \/><p id=\"caption-attachment-104543\" class=\"wp-caption-text\">Secretaria de Estado do Desenvolvimento Econ\u00f4mico e da Ci\u00eancia e Tecnologia (foto: ascom\/Sedetec).<\/p><\/div>\n<\/div>\n<div style=\"text-align: justify;\">\nDe acordo com o secret\u00e1rio Jos\u00e9 Augusto, a tarifa cobrada atualmente em Sergipe, difere de Estados da mesma regi\u00e3o, como Alagoas e Bahia, e n\u00e3o tem contribu\u00eddo para a atratividade de novos empreendimentos para o Estado. \u201cVamos trabalhar para reverter essa situa\u00e7\u00e3o, n\u00e3o justifica os empres\u00e1rios sergipanos pagarem pelo g\u00e1s natural uma diferen\u00e7a maior que 30% dos estados vizinhos, um produto imprescind\u00edvel para atender a demanda da ind\u00fastria\u201d, destacou. Ap\u00f3s a reuni\u00e3o, ficou agendado um novo encontro para esta quarta-feira, 05, a fim de dar continuidade \u00e0s discuss\u00f5es em busca de uma solu\u00e7\u00e3o para o impasse.<\/div>\n<div><\/div>\n<div>\u00a0<img loading=\"lazy\" decoding=\"async\" class=\"aligncenter size-full wp-image-104544\" src=\"http:\/\/senoticias.com.br\/se\/wp-content\/uploads\/2017\/07\/Logo-fone-1-2-1-2-4-6.jpg\" alt=\"Logo-fone-1-2-1-2-4-6\" width=\"599\" height=\"78\" srcset=\"https:\/\/senoticias.com.br\/se\/wp-content\/uploads\/2017\/07\/Logo-fone-1-2-1-2-4-6.jpg 599w, https:\/\/senoticias.com.br\/se\/wp-content\/uploads\/2017\/07\/Logo-fone-1-2-1-2-4-6-300x39.jpg 300w\" sizes=\"(max-width: 599px) 100vw, 599px\" \/><\/div>\n<div><\/div>\n<div><em><strong>Acompanhe tamb\u00e9m o SE not\u00edcias no\u00a0<a href=\"https:\/\/twitter.com\/Senoticias\" target=\"_blank\">Twitter<\/a>,\u00a0<a href=\"https:\/\/www.facebook.com\/senoticias1\" target=\"_blank\">Facebook<\/a>\u00a0e no\u00a0<a href=\"https:\/\/www.instagram.com\/senoticias\/\" target=\"_blank\">Instagram<\/a><\/strong><\/em><\/div>\n<address>\u00a0<\/address>\n<address>\u00a0<\/address>\n<address><span style=\"font-size: small;\">Assessoria de Comunica\u00e7\u00e3o &#8211; Ascom<br \/>\n<\/span><span style=\"font-size: small;\">Secretaria do Desenvolvimento Econ\u00f4mico e da Ci\u00eancia e Tecnologia &#8211; Sedetec<\/span><\/address>\n<\/div>\n","protected":false},"excerpt":{"rendered":"<p>Empres\u00e1rios do setor industrial de Sergipe estiveram reunidos nesta ter\u00e7a-feira, 04, na Secretaria de Estado do Desenvolvimento Econ\u00f4mico e da Ci\u00eancia e Tecnologia (Sedetec), a fim de discutir sobre o pre\u00e7o da tarifa de g\u00e1s natural praticada em Sergipe e solicitar apoio do Governo do Estado para que o valor seja mais competitivo. A reuni\u00e3o [&hellip;]<\/p>\n","protected":false},"author":2,"featured_media":104543,"comment_status":"closed","ping_status":"closed","sticky":false,"template":"","format":"standard","meta":{"footnotes":""},"categories":[15],"tags":[4494,3053,4493],"class_list":{"0":"post-104542","1":"post","2":"type-post","3":"status-publish","4":"format-standard","5":"has-post-thumbnail","7":"category-destaques","8":"tag-gas-natural-em-sergipe","9":"tag-preco","10":"tag-sedetec"},"_links":{"self":[{"href":"https:\/\/senoticias.com.br\/se\/wp-json\/wp\/v2\/posts\/104542"}],"collection":[{"href":"https:\/\/senoticias.com.br\/se\/wp-json\/wp\/v2\/posts"}],"about":[{"href":"https:\/\/senoticias.com.br\/se\/wp-json\/wp\/v2\/types\/post"}],"author":[{"embeddable":true,"href":"https:\/\/senoticias.com.br\/se\/wp-json\/wp\/v2\/users\/2"}],"replies":[{"embeddable":true,"href":"https:\/\/senoticias.com.br\/se\/wp-json\/wp\/v2\/comments?post=104542"}],"version-history":[{"count":0,"href":"https:\/\/senoticias.com.br\/se\/wp-json\/wp\/v2\/posts\/104542\/revisions"}],"wp:featuredmedia":[{"embeddable":true,"href":"https:\/\/senoticias.com.br\/se\/wp-json\/wp\/v2\/media\/104543"}],"wp:attachment":[{"href":"https:\/\/senoticias.com.br\/se\/wp-json\/wp\/v2\/media?parent=104542"}],"wp:term":[{"taxonomy":"category","embeddable":true,"href":"https:\/\/senoticias.com.br\/se\/wp-json\/wp\/v2\/categories?post=104542"},{"taxonomy":"post_tag","embeddable":true,"href":"https:\/\/senoticias.com.br\/se\/wp-json\/wp\/v2\/tags?post=104542"}],"curies":[{"name":"wp","href":"https:\/\/api.w.org\/{rel}","templated":true}]}}