{"id":104526,"date":"2017-07-03T17:47:48","date_gmt":"2017-07-03T20:47:48","guid":{"rendered":"http:\/\/senoticias.com.br\/se\/?p=104526"},"modified":"2017-07-04T13:57:46","modified_gmt":"2017-07-04T16:57:46","slug":"fames-e-contraria-ao-fim-de-zonas-eleitorais-em-sergipe","status":"publish","type":"post","link":"https:\/\/senoticias.com.br\/se\/fames-e-contraria-ao-fim-de-zonas-eleitorais-em-sergipe\/","title":{"rendered":"Fames \u00e9 contr\u00e1ria ao fim de zonas eleitorais em Sergipe"},"content":{"rendered":"<p style=\"text-align: justify;\">Atrav\u00e9s de uma nota p\u00fablica, assinada pelo presidente da Federa\u00e7\u00e3o dos Munic\u00edpios do Estado de Sergipe, Marcos Jos\u00e9 Barreto, a FAMES lamentou as resolu\u00e7\u00f5es 23.512\/2017 e 23.520\/2017 do Tribunal Superior Eleitoral (TSE), que determinou medidas de rezoneamento em todos os estados da Federa\u00e7\u00e3o. Em Sergipe, foi expedida a extin\u00e7\u00e3o das zonas eleitorais dos munic\u00edpios de Laranjeiras (13\u00aa), Po\u00e7o Verde (33\u00aa), Ne\u00f3polis (15\u00aa), Cedro de S\u00e3o Jo\u00e3o (25\u00aa), Cristin\u00e1polis (30\u00aa) e Frei Paulo (7\u00aa). A justificativa \u00e9 que a medida que tem como objetivos aprimorar o trabalho e economizar gastos com as zonas eleitorais, com foco na qualidade do atendimento ao eleitor brasileiro.<\/p>\n<div id=\"attachment_103877\" style=\"width: 452px\" class=\"wp-caption aligncenter\"><img loading=\"lazy\" decoding=\"async\" aria-describedby=\"caption-attachment-103877\" class=\"size-full wp-image-103877\" src=\"http:\/\/senoticias.com.br\/se\/wp-content\/uploads\/2017\/06\/Prefeitos-de-Sergipe-SE-noticias.jpg\" alt=\"presidente da Federa\u00e7\u00e3o dos Munic\u00edpios do Estado Sergipe (FAMES), Marcos Jos\u00e9 Barreto, esteve na pr\u00f3pria quarta participando de umaCNM)\" width=\"442\" height=\"662\" srcset=\"https:\/\/senoticias.com.br\/se\/wp-content\/uploads\/2017\/06\/Prefeitos-de-Sergipe-SE-noticias.jpg 442w, https:\/\/senoticias.com.br\/se\/wp-content\/uploads\/2017\/06\/Prefeitos-de-Sergipe-SE-noticias-200x300.jpg 200w\" sizes=\"(max-width: 442px) 100vw, 442px\" \/><p id=\"caption-attachment-103877\" class=\"wp-caption-text\">Presidente da Federa\u00e7\u00e3o dos Munic\u00edpios do Estado Sergipe (FAMES), Marcos Jos\u00e9 Barreto. (Foto: arquivo\/Ascom)<\/p><\/div>\n<p style=\"text-align: justify;\">\u201cA FAMES se soma \u00e0 Associa\u00e7\u00e3o de Magistrados de Sergipe (Amase), que ajuizou uma a\u00e7\u00e3o perante ao Supremo Tribunal Federal pedindo a inconstitucionalidade das resolu\u00e7\u00f5es, consideradas antidemocr\u00e1ticas e prejudiciais no que se diz respeito \u00e0 presta\u00e7\u00e3o dos servi\u00e7os jurisdicionais eleitorais\u201d, afirma a nota.<\/p>\n<p style=\"text-align: justify;\">No documento, a Federa\u00e7\u00e3o analisa que os eleitores dos referidos munic\u00edpios ser\u00e3o duramente prejudicados com a extin\u00e7\u00e3o das Zonas Eleitorais, ocasionando despesas com deslocamento para a resolu\u00e7\u00e3o de diversos servi\u00e7os junto \u00e0 Justi\u00e7a Eleitoral. \u201cTrata-se de uma medida arbitr\u00e1ria, tomada de forma unilateral pela Presid\u00eancia do TSE, e sem nenhuma discuss\u00e3o com os Tribunais Regionais Eleitorais do pa\u00eds, bem como com as entidades de classe, representantes de ju\u00edzes, promotores e advogados\u201d, reclama.<\/p>\n<p style=\"text-align: justify;\">Ao final, a FAMES declara que \u201cespera que o movimento contr\u00e1rio \u00e0 medida da Presid\u00eancia do TSE surta o efeito necess\u00e1rio, que \u00e9 o retorno das respectivas zonas eleitorais, evitando tamanho preju\u00edzo \u00e0 nossa popula\u00e7\u00e3o.\u201d<\/p>\n<p><em>T.Dantas Comunica\u00e7\u00e3o e Marketing<\/em><\/p>\n<p><img loading=\"lazy\" decoding=\"async\" class=\"aligncenter size-full wp-image-104200\" src=\"http:\/\/senoticias.com.br\/se\/wp-content\/uploads\/2017\/06\/Logo-fone-1-2-1-2-4-6.jpg\" alt=\"Logo-fone-1-2-1-2-4-6\" width=\"599\" height=\"78\" srcset=\"https:\/\/senoticias.com.br\/se\/wp-content\/uploads\/2017\/06\/Logo-fone-1-2-1-2-4-6.jpg 599w, https:\/\/senoticias.com.br\/se\/wp-content\/uploads\/2017\/06\/Logo-fone-1-2-1-2-4-6-300x39.jpg 300w\" sizes=\"(max-width: 599px) 100vw, 599px\" \/><\/p>\n<p><em><strong>Acompanhe tamb\u00e9m o SE not\u00edcias no\u00a0<a href=\"https:\/\/twitter.com\/Senoticias\" target=\"_blank\">Twitter<\/a>,\u00a0<a href=\"https:\/\/www.facebook.com\/senoticias1\" target=\"_blank\">Facebook<\/a>\u00a0e no\u00a0<a href=\"https:\/\/www.instagram.com\/senoticias\/\" target=\"_blank\">Instagram<\/a><\/strong><\/em><\/p>\n","protected":false},"excerpt":{"rendered":"<p>Atrav\u00e9s de uma nota p\u00fablica, assinada pelo presidente da Federa\u00e7\u00e3o dos Munic\u00edpios do Estado de Sergipe, Marcos Jos\u00e9 Barreto, a FAMES lamentou as resolu\u00e7\u00f5es 23.512\/2017 e 23.520\/2017 do Tribunal Superior Eleitoral (TSE), que determinou medidas de rezoneamento em todos os estados da Federa\u00e7\u00e3o. Em Sergipe, foi expedida a extin\u00e7\u00e3o das zonas eleitorais dos munic\u00edpios de [&hellip;]<\/p>\n","protected":false},"author":2,"featured_media":103877,"comment_status":"closed","ping_status":"closed","sticky":false,"template":"","format":"standard","meta":{"footnotes":""},"categories":[6],"tags":[2690,223,4478],"class_list":{"0":"post-104526","1":"post","2":"type-post","3":"status-publish","4":"format-standard","5":"has-post-thumbnail","7":"category-politica","8":"tag-fames","9":"tag-sergipe","10":"tag-zonas-eleitorais"},"_links":{"self":[{"href":"https:\/\/senoticias.com.br\/se\/wp-json\/wp\/v2\/posts\/104526"}],"collection":[{"href":"https:\/\/senoticias.com.br\/se\/wp-json\/wp\/v2\/posts"}],"about":[{"href":"https:\/\/senoticias.com.br\/se\/wp-json\/wp\/v2\/types\/post"}],"author":[{"embeddable":true,"href":"https:\/\/senoticias.com.br\/se\/wp-json\/wp\/v2\/users\/2"}],"replies":[{"embeddable":true,"href":"https:\/\/senoticias.com.br\/se\/wp-json\/wp\/v2\/comments?post=104526"}],"version-history":[{"count":0,"href":"https:\/\/senoticias.com.br\/se\/wp-json\/wp\/v2\/posts\/104526\/revisions"}],"wp:featuredmedia":[{"embeddable":true,"href":"https:\/\/senoticias.com.br\/se\/wp-json\/wp\/v2\/media\/103877"}],"wp:attachment":[{"href":"https:\/\/senoticias.com.br\/se\/wp-json\/wp\/v2\/media?parent=104526"}],"wp:term":[{"taxonomy":"category","embeddable":true,"href":"https:\/\/senoticias.com.br\/se\/wp-json\/wp\/v2\/categories?post=104526"},{"taxonomy":"post_tag","embeddable":true,"href":"https:\/\/senoticias.com.br\/se\/wp-json\/wp\/v2\/tags?post=104526"}],"curies":[{"name":"wp","href":"https:\/\/api.w.org\/{rel}","templated":true}]}}