{"id":104502,"date":"2017-07-03T06:20:34","date_gmt":"2017-07-03T09:20:34","guid":{"rendered":"http:\/\/senoticias.com.br\/se\/?p=104502"},"modified":"2017-07-03T06:20:34","modified_gmt":"2017-07-03T09:20:34","slug":"ezequiel-leite-agradece-ao-povo-de-capela-pelas-manifestacoes-no-sao-pedro","status":"publish","type":"post","link":"https:\/\/senoticias.com.br\/se\/ezequiel-leite-agradece-ao-povo-de-capela-pelas-manifestacoes-no-sao-pedro\/","title":{"rendered":"Ezequiel Leite agradece ao povo de Capela pelas manifesta\u00e7\u00f5es no S\u00e3o Pedro"},"content":{"rendered":"<p style=\"text-align: justify;\">Os festejos do tradicional S\u00e3o Pedro de Capela terminaram e o ex-prefeito do munic\u00edpio, Ezequiel Leite (PR) agradece aos amigos e correligion\u00e1rios, \u00e0 classe pol\u00edtica e, principalmente, ao povo capelense que reconheceu o ex-gestor e manifestou gratid\u00e3o pelos quatro anos de administra\u00e7\u00e3o, com os sal\u00e1rios e os fornecedores em dia, e ainda assim com as melhores atra\u00e7\u00f5es art\u00edsticas, de Sergipe e do Pa\u00eds, valorizando ainda a cultura de Capela.<\/p>\n<div id=\"attachment_104503\" style=\"width: 609px\" class=\"wp-caption aligncenter\"><img loading=\"lazy\" decoding=\"async\" aria-describedby=\"caption-attachment-104503\" class=\"size-full wp-image-104503\" src=\"http:\/\/senoticias.com.br\/se\/wp-content\/uploads\/2017\/07\/Ezequiel-Leite-SENOTICIAS-e1499073450994.jpg\" alt=\"ex-prefeito do munic\u00edpio, Ezequiel Leite (PR) agradece aos amigos e correligion\u00e1rios, \u00e0 classe pol\u00edtica\" width=\"599\" height=\"449\" \/><p id=\"caption-attachment-104503\" class=\"wp-caption-text\">Ex-prefeito, Ezequiel Leite \u00a0agradece aos amigos e correligion\u00e1rios (foto: Ascom\/Andr\u00e9 Moura)<\/p><\/div>\n<p style=\"text-align: justify;\">\n<p>Ezequiel Leite e sua esposa S\u00f4nia Penalva receberam em sua resid\u00eancia no munic\u00edpio centenas de populares durante os festejos do S\u00e3o Pedro. Gente simples e humilde que sente falta do compromisso e da \u00e9tica com os recursos p\u00fablicos. \u201cNossa fam\u00edlia externa gratid\u00e3o ao povo de Capela, que mesmo fora do Poder, fomos abra\u00e7ados por esta gente querida e fraterna. Nosso S\u00e3o Pedro n\u00e3o poderia ser melhor com tantos amigos em nossa resid\u00eancia, com tantas demonstra\u00e7\u00f5es de carinho e respeito. \u00c9 uma demonstra\u00e7\u00e3o que fizemos um bom trabalho\u201d.<br \/>\nAl\u00e9m dos populares e amigos de Capela, Ezequiel e S\u00f4nia recepcionaram em sua resid\u00eancia, durante os festejos de S\u00e3o Pedro, os senadores Eduardo Amorim (PSC) e Ant\u00f4nio Carlos Valadares (PSB), al\u00e9m do l\u00edder do governo no Congresso Nacional, deputado federal Andr\u00e9 Moura (PSC), que chegou acompanhado de cerca de 40 lideran\u00e7as pol\u00edticas, entre prefeitos sergipanos, vereadores e ex-gestores. Tamb\u00e9m prestigiou o deputado estadual Paulinho das Varzinhas.<\/p>\n<p>\u201cA presen\u00e7a desses amigos em nossa resid\u00eancia nos contagia ainda mais. Temos consci\u00eancia do momento dif\u00edcil que o Pa\u00eds atravessa, pelas dificuldades da nossa economia. Tudo isso nos aflige, ainda mais quando nos deparamos com a realidade de Capela. Para quem achava que o nosso grupo estava desestruturado e sem dire\u00e7\u00e3o, agora tem a certeza que n\u00f3s seguimos atentos com o povo do nosso munic\u00edpio e sempre buscando o melhor para esta gente. E me breve queremos proporcionar ainda mais para o povo de Capela\u201d, agradeceu Ezequiel.<\/p>\n<p>Prestigiaram o S\u00e3o Pedro de Capela, junto a Ezequiel Leite, os prefeitos de Itabaiana, Valmir de Francisquinho; de Japaratuba, Lara Moura; de Ilha das Flores, Cristiano Beltr\u00e3o; de Cedro de S\u00e3o Jo\u00e3o, Neudo Alves; de Carira, Arodoaldo Chagas, de Campo do Brito, Marcell Moade; de Areia Branca, Alan de Agripino; de S\u00e3o Miguel do Aleixo, Everton Lima; al\u00e9m do prefeito de Nossa Senhora das Dores, Thiago de Souza Santos. Tamb\u00e9m vieram abra\u00e7ar Ezequiel Leite os vereadores Palha\u00e7o Soneca e Thiaguinho Batalha (Aracaju), Jos\u00e9 Roberto Imperador (Itabaiana), Naldinho do Sindicato (presidente da C\u00e2mara de Carira), Demar das Cotias, Beninha da Farm\u00e1cia, Reizinho e Erinaldo Sapateiro (Carira); o secret\u00e1rio de Obras de Carira, Gabriel Chagas, e o ex-deputado estadual Zeca da Silva.<\/p>\n<p style=\"text-align: justify;\"><img loading=\"lazy\" decoding=\"async\" class=\"aligncenter size-full wp-image-104200\" src=\"http:\/\/senoticias.com.br\/se\/wp-content\/uploads\/2017\/06\/Logo-fone-1-2-1-2-4-6.jpg\" alt=\"Logo-fone-1-2-1-2-4-6\" width=\"599\" height=\"78\" srcset=\"https:\/\/senoticias.com.br\/se\/wp-content\/uploads\/2017\/06\/Logo-fone-1-2-1-2-4-6.jpg 599w, https:\/\/senoticias.com.br\/se\/wp-content\/uploads\/2017\/06\/Logo-fone-1-2-1-2-4-6-300x39.jpg 300w\" sizes=\"(max-width: 599px) 100vw, 599px\" \/><\/p>\n<p style=\"text-align: justify;\"><em><strong>Acompanhe tamb\u00e9m o SE not\u00edcias no\u00a0<a href=\"https:\/\/twitter.com\/Senoticias\" target=\"_blank\">Twitter<\/a>,\u00a0<a href=\"https:\/\/www.facebook.com\/senoticias1\" target=\"_blank\">Facebook<\/a>\u00a0e no\u00a0<a href=\"https:\/\/www.instagram.com\/senoticias\/\" target=\"_blank\">Instagram<\/a><\/strong><\/em><\/p>\n<p><em>Da Assessoria de Imprensa (*)<\/em><br \/>\n<em>Com informa\u00e7\u00f5es da Assessoria do deputado federal Andr\u00e9 Moura<\/em><\/p>\n","protected":false},"excerpt":{"rendered":"<p>Os festejos do tradicional S\u00e3o Pedro de Capela terminaram e o ex-prefeito do munic\u00edpio, Ezequiel Leite (PR) agradece aos amigos e correligion\u00e1rios, \u00e0 classe pol\u00edtica e, principalmente, ao povo capelense que reconheceu o ex-gestor e manifestou gratid\u00e3o pelos quatro anos de administra\u00e7\u00e3o, com os sal\u00e1rios e os fornecedores em dia, e ainda assim com as [&hellip;]<\/p>\n","protected":false},"author":2,"featured_media":104503,"comment_status":"closed","ping_status":"closed","sticky":false,"template":"","format":"standard","meta":{"footnotes":""},"categories":[38],"tags":[978,4463,3245,1005],"class_list":{"0":"post-104502","1":"post","2":"type-post","3":"status-publish","4":"format-standard","5":"has-post-thumbnail","7":"category-municipios","8":"tag-capela","9":"tag-ezequiel-leite","10":"tag-manifestacoes","11":"tag-sao-pedro"},"_links":{"self":[{"href":"https:\/\/senoticias.com.br\/se\/wp-json\/wp\/v2\/posts\/104502"}],"collection":[{"href":"https:\/\/senoticias.com.br\/se\/wp-json\/wp\/v2\/posts"}],"about":[{"href":"https:\/\/senoticias.com.br\/se\/wp-json\/wp\/v2\/types\/post"}],"author":[{"embeddable":true,"href":"https:\/\/senoticias.com.br\/se\/wp-json\/wp\/v2\/users\/2"}],"replies":[{"embeddable":true,"href":"https:\/\/senoticias.com.br\/se\/wp-json\/wp\/v2\/comments?post=104502"}],"version-history":[{"count":0,"href":"https:\/\/senoticias.com.br\/se\/wp-json\/wp\/v2\/posts\/104502\/revisions"}],"wp:featuredmedia":[{"embeddable":true,"href":"https:\/\/senoticias.com.br\/se\/wp-json\/wp\/v2\/media\/104503"}],"wp:attachment":[{"href":"https:\/\/senoticias.com.br\/se\/wp-json\/wp\/v2\/media?parent=104502"}],"wp:term":[{"taxonomy":"category","embeddable":true,"href":"https:\/\/senoticias.com.br\/se\/wp-json\/wp\/v2\/categories?post=104502"},{"taxonomy":"post_tag","embeddable":true,"href":"https:\/\/senoticias.com.br\/se\/wp-json\/wp\/v2\/tags?post=104502"}],"curies":[{"name":"wp","href":"https:\/\/api.w.org\/{rel}","templated":true}]}}