{"id":104478,"date":"2017-07-01T11:50:08","date_gmt":"2017-07-01T14:50:08","guid":{"rendered":"http:\/\/senoticias.com.br\/se\/?p=104478"},"modified":"2017-07-01T11:50:08","modified_gmt":"2017-07-01T14:50:08","slug":"comissao-debatera-possibilidade-de-demitir-servidores-concursados","status":"publish","type":"post","link":"https:\/\/senoticias.com.br\/se\/comissao-debatera-possibilidade-de-demitir-servidores-concursados\/","title":{"rendered":"Comiss\u00e3o debater\u00e1 possibilidade de demitir servidores concursados"},"content":{"rendered":"<p>&nbsp;<\/p>\n<p style=\"text-align: justify;\">\nO Senado vai analisar a possibilidade de demiss\u00e3o do servidor p\u00fablico. O requerimento para a discuss\u00e3o do tema, apresentado pelo presidente da Comiss\u00e3o Senado do Futuro, senador H\u00e9lio Jos\u00e9 (PMDB-DF), foi aprovado em reuni\u00e3o a quarta-feira, 28 de junho.<\/p>\n<p style=\"text-align: justify;\">Al\u00e9m de discutir a carreira dos servidores, a comiss\u00e3o \u2013 que se prop\u00f5e a \u201cpromover discuss\u00f5es sobre grandes temas e o futuro do pa\u00eds\u201d, far\u00e1 um ciclo de audi\u00eancias p\u00fablicas sobre o futuro da Previd\u00eancia Social e dos direitos trabalhistas; das emissoras de r\u00e1dio e TV comunit\u00e1rias; da inova\u00e7\u00e3o e produ\u00e7\u00e3o cient\u00edfica e tecnol\u00f3gica; dos meios de transporte e da mobilidade urbana; e da produ\u00e7\u00e3o de energia no Brasil.<\/p>\n<div id=\"attachment_98110\" style=\"width: 609px\" class=\"wp-caption aligncenter\"><img loading=\"lazy\" decoding=\"async\" aria-describedby=\"caption-attachment-98110\" class=\"size-full wp-image-98110\" src=\"http:\/\/senoticias.com.br\/se\/wp-content\/uploads\/2016\/11\/Senadora-Maria-do-Carmo-Alves-SE-Noticias-e1479810373336.jpg\" alt=\"Maria do Carmo \u00e9 autora de projeto de lei (PLS 116\/2017 \u2013 Complementar) que regulamenta dispositivo da Constitui\u00e7\u00e3o permitindo a demiss\u00e3o do servidor p\u00fablico est\u00e1vel, concursado, avaliado com insufici\u00eancia no desempenho do cargo \" width=\"599\" height=\"346\" \/><p id=\"caption-attachment-98110\" class=\"wp-caption-text\">Maria do Carmo \u00e9 autora de projeto de lei (PLS 116\/2017 \u2013 Complementar) que regulamenta dispositivo da Constitui\u00e7\u00e3o permitindo a demiss\u00e3o do servidor p\u00fablico est\u00e1vel, concursado, avaliado com insufici\u00eancia no desempenho do cargo. (Foto; arquivo\/ascom)<\/p><\/div>\n<p style=\"text-align: justify;\">Durante a apresenta\u00e7\u00e3o e vota\u00e7\u00e3o dos requerimentos, o presidente da comiss\u00e3o citou a presen\u00e7a da senadora Maria do Carmo Alves (DEM-SE), integrante da Comiss\u00e3o Senado do Futuro.<\/p>\n<p style=\"text-align: justify;\">Maria do Carmo \u00e9 autora de projeto de lei (PLS 116\/2017 \u2013 Complementar) que regulamenta dispositivo da Constitui\u00e7\u00e3o permitindo a demiss\u00e3o do servidor p\u00fablico est\u00e1vel, concursado, avaliado com insufici\u00eancia no desempenho do cargo.<\/p>\n<p style=\"text-align: justify;\">O teor do projeto coincide com um dos temas \u2013 o futuro das carreiras de servidores p\u00fablicos no Brasil \u2013 aprovados para o ciclo de debates da comiss\u00e3o.<\/p>\n<p style=\"text-align: justify;\">O PLS 116\/2017 \u2013 Complementar ser\u00e1 examinado pela Comiss\u00e3o de Constitui\u00e7\u00e3o, Justi\u00e7a e Cidadania (CCJ), onde tem como relator o senador Lasier Martins (PSD-RS).<\/p>\n<p style=\"text-align: justify;\">No momento, o texto est\u00e1 aberto a consulta p\u00fablica no portal e-Cidadania e pode receber o voto dos internautas.<\/p>\n<p style=\"text-align: justify;\">Estamos consolidando essa comiss\u00e3o como uma fonte de debate de temas fundamentais para o futuro do pa\u00eds \u2013 assinalou H\u00e9lio Jos\u00e9.<\/p>\n<p style=\"text-align: justify;\">O \u00faltimo dos seis requerimentos aprovados, relacionado com a produ\u00e7\u00e3o energ\u00e9tica brasileira, foi apresentado, na verdade, pelo senador Dal\u00edrio Beber (PSDB-SC) e subscrito pelo presidente da comiss\u00e3o.<\/p>\n<p style=\"text-align: justify;\">O parlamentar catarinense sugeriu a participa\u00e7\u00e3o do engenheiro Fernando Luiz Zancan, presidente da Associa\u00e7\u00e3o Brasileira do Carv\u00e3o Mineral (ABCM), na audi\u00eancia sobre o uso do carv\u00e3o e do ur\u00e2nio como fonte energ\u00e9tica.<\/p>\n<p style=\"text-align: justify;\"><em>Mat\u00e9ria extra\u00edda da revista <a href=\"http:\/\/exame.abril.com.br\/brasil\/comissao-debatera-possibilidade-de-demitir-servidores-concursados\/\">Exame<\/a>.com<\/em><\/p>\n<p style=\"text-align: justify;\"><img loading=\"lazy\" decoding=\"async\" class=\"aligncenter size-full wp-image-104200\" src=\"http:\/\/senoticias.com.br\/se\/wp-content\/uploads\/2017\/06\/Logo-fone-1-2-1-2-4-6.jpg\" alt=\"Logo-fone-1-2-1-2-4-6\" width=\"599\" height=\"78\" srcset=\"https:\/\/senoticias.com.br\/se\/wp-content\/uploads\/2017\/06\/Logo-fone-1-2-1-2-4-6.jpg 599w, https:\/\/senoticias.com.br\/se\/wp-content\/uploads\/2017\/06\/Logo-fone-1-2-1-2-4-6-300x39.jpg 300w\" sizes=\"(max-width: 599px) 100vw, 599px\" \/><\/p>\n<p style=\"text-align: justify;\"><em><strong>Acompanhe tamb\u00e9m o SE not\u00edcias no\u00a0<a href=\"https:\/\/twitter.com\/Senoticias\" target=\"_blank\">Twitter<\/a>,\u00a0<a href=\"https:\/\/www.facebook.com\/senoticias1\" target=\"_blank\">Facebook<\/a>\u00a0e no\u00a0<a href=\"https:\/\/www.instagram.com\/senoticias\/\" target=\"_blank\">Instagram<\/a><\/strong><\/em><\/p>\n","protected":false},"excerpt":{"rendered":"<p>&nbsp; O Senado vai analisar a possibilidade de demiss\u00e3o do servidor p\u00fablico. O requerimento para a discuss\u00e3o do tema, apresentado pelo presidente da Comiss\u00e3o Senado do Futuro, senador H\u00e9lio Jos\u00e9 (PMDB-DF), foi aprovado em reuni\u00e3o a quarta-feira, 28 de junho. Al\u00e9m de discutir a carreira dos servidores, a comiss\u00e3o \u2013 que se prop\u00f5e a \u201cpromover [&hellip;]<\/p>\n","protected":false},"author":2,"featured_media":98110,"comment_status":"closed","ping_status":"closed","sticky":false,"template":"","format":"standard","meta":{"footnotes":""},"categories":[6],"tags":[3780,4443,4444,1616,264,4442],"class_list":{"0":"post-104478","1":"post","2":"type-post","3":"status-publish","4":"format-standard","5":"has-post-thumbnail","7":"category-politica","8":"tag-comissao","9":"tag-debatera","10":"tag-demitir","11":"tag-maria-do-carmo","12":"tag-senadora-maria-do-carmo","13":"tag-servidores-concursados"},"_links":{"self":[{"href":"https:\/\/senoticias.com.br\/se\/wp-json\/wp\/v2\/posts\/104478"}],"collection":[{"href":"https:\/\/senoticias.com.br\/se\/wp-json\/wp\/v2\/posts"}],"about":[{"href":"https:\/\/senoticias.com.br\/se\/wp-json\/wp\/v2\/types\/post"}],"author":[{"embeddable":true,"href":"https:\/\/senoticias.com.br\/se\/wp-json\/wp\/v2\/users\/2"}],"replies":[{"embeddable":true,"href":"https:\/\/senoticias.com.br\/se\/wp-json\/wp\/v2\/comments?post=104478"}],"version-history":[{"count":0,"href":"https:\/\/senoticias.com.br\/se\/wp-json\/wp\/v2\/posts\/104478\/revisions"}],"wp:featuredmedia":[{"embeddable":true,"href":"https:\/\/senoticias.com.br\/se\/wp-json\/wp\/v2\/media\/98110"}],"wp:attachment":[{"href":"https:\/\/senoticias.com.br\/se\/wp-json\/wp\/v2\/media?parent=104478"}],"wp:term":[{"taxonomy":"category","embeddable":true,"href":"https:\/\/senoticias.com.br\/se\/wp-json\/wp\/v2\/categories?post=104478"},{"taxonomy":"post_tag","embeddable":true,"href":"https:\/\/senoticias.com.br\/se\/wp-json\/wp\/v2\/tags?post=104478"}],"curies":[{"name":"wp","href":"https:\/\/api.w.org\/{rel}","templated":true}]}}