{"id":104442,"date":"2017-06-29T23:31:42","date_gmt":"2017-06-30T02:31:42","guid":{"rendered":"http:\/\/senoticias.com.br\/se\/?p=104442"},"modified":"2017-06-30T20:57:38","modified_gmt":"2017-06-30T23:57:38","slug":"prefeito-de-sao-cristovao-busca-parcerias-com-conab-para-fortalecer-agricultura-familiar","status":"publish","type":"post","link":"https:\/\/senoticias.com.br\/se\/prefeito-de-sao-cristovao-busca-parcerias-com-conab-para-fortalecer-agricultura-familiar\/","title":{"rendered":"Prefeito de S\u00e3o Crist\u00f3v\u00e3o busca parcerias com Conab para fortalecer agricultura familiar"},"content":{"rendered":"<p style=\"text-align: justify;\">Nesta quinta-feira (29), foi feriado em S\u00e3o Crist\u00f3v\u00e3o, mas o prefeito Marcos Santana cumpriu agenda de trabalho em Aracaju participando de uma audi\u00eancia na Superintend\u00eancia Regional da Companhia Nacional de Abastecimento (Conab). Acompanhado dos secret\u00e1rios: Carlos Tadeu (Agricultura e Meio Ambiente) e Fernanda Santana (Assist\u00eancia Social e Trabalho), o gestor foi recebido pelo superintendente, Jos\u00e9 Resende, e pelo gerente de Opera\u00e7\u00f5es e Suporte Estrat\u00e9gico, Jos\u00e9 Ant\u00f4nio Ribeiro.<\/p>\n<div id=\"attachment_104443\" style=\"width: 510px\" class=\"wp-caption aligncenter\"><img loading=\"lazy\" decoding=\"async\" aria-describedby=\"caption-attachment-104443\" class=\"size-full wp-image-104443\" src=\"http:\/\/senoticias.com.br\/se\/wp-content\/uploads\/2017\/06\/Prefeito-de-Sao-Cristovao-senoticias.jpeg\" alt=\" Prefeito Marcos Santana busca parcerias com a CONAB\" width=\"500\" height=\"240\" srcset=\"https:\/\/senoticias.com.br\/se\/wp-content\/uploads\/2017\/06\/Prefeito-de-Sao-Cristovao-senoticias.jpeg 500w, https:\/\/senoticias.com.br\/se\/wp-content\/uploads\/2017\/06\/Prefeito-de-Sao-Cristovao-senoticias-300x144.jpeg 300w\" sizes=\"(max-width: 500px) 100vw, 500px\" \/><p id=\"caption-attachment-104443\" class=\"wp-caption-text\">Prefeito Marcos Santana busca parcerias com a CONAB. (Foto: reprodu\u00e7\u00e3o)<\/p><\/div>\n<p style=\"text-align: justify;\">Em sua explana\u00e7\u00e3o inicial, Marcos Santana fez uma an\u00e1lise da complexidade que caracteriza o munic\u00edpio, dotado de dois n\u00facleos urbanos distintos e contando, ainda, com dezenas de povoados com caracter\u00edsticas eminentemente rurais, apesar da localiza\u00e7\u00e3o geogr\u00e1fica muito pr\u00f3xima \u00e0 capital sergipana. \u201cO nosso objetivo, ao solicitar essa audi\u00eancia, foi obter informa\u00e7\u00f5es t\u00e9cnicas a respeito dos programas desenvolvidos pela Conab em Sergipe e quais as possibilidades e procedimentos necess\u00e1rios para que possamos inserir as comunidades sancristovenses nos mesmos, especialmente os produtores rurais. Embora saibamos que o munic\u00edpio n\u00e3o possua uma tradi\u00e7\u00e3o agr\u00edcola, acreditamos que \u00e9 poss\u00edvel estimular esse processo, incentivando a produ\u00e7\u00e3o e a gera\u00e7\u00e3o de renda\u201d, enfatizou o prefeito.<\/p>\n<p style=\"text-align: justify;\">De acordo com Jos\u00e9 Resende, a Conab concentra suas a\u00e7\u00f5es, principalmente, no Programa de Aquisi\u00e7\u00e3o de Alimentos (PAA), atrav\u00e9s da operacionaliza\u00e7\u00e3o das modalidades: Compra com Doa\u00e7\u00e3o Simult\u00e2nea (CDS), Apoio \u00e0 Forma\u00e7\u00e3o de Estoques (CPR-ESTOQUE), e Compra Direta da Agricultura Familiar (CDAF), sendo necess\u00e1rio que haja um processo de organiza\u00e7\u00e3o dos produtores, por meio do associativismo para o acesso. \u201cNa medida em que os potenciais benefici\u00e1rios dos programas estejam devidamente organizados em suas associa\u00e7\u00f5es e cumpram os requisitos exigidos pela legisla\u00e7\u00e3o que norteia a operacionaliza\u00e7\u00e3o, acreditamos que ser\u00e1 poss\u00edvel contemplar o munic\u00edpio de S\u00e3o Crist\u00f3v\u00e3o, proporcionando desenvolvimento \u00e0s comunidades. Parabenizamos o prefeito pela iniciativa e nos colocamos \u00e0 disposi\u00e7\u00e3o para contribuir\u201d, pontuou o superintendente.<\/p>\n<p style=\"text-align: justify;\">Na avalia\u00e7\u00e3o do secret\u00e1rio municipal da Agricultura e do Meio Ambiente, Carlos Tadeu, o fato de j\u00e1 existirem no munic\u00edpio assentamentos rurais de Reforma Agr\u00e1ria, com uma cultura de produ\u00e7\u00e3o org\u00e2nica, voltada para ado\u00e7\u00e3o de princ\u00edpios agroecol\u00f3gicos, caracterizados principalmente, pela n\u00e3o utiliza\u00e7\u00e3o de agrot\u00f3xicos, pode representar um grande potencial de desenvolvimento, inclusive do ponto de vista mercadol\u00f3gico. J\u00e1 Fernanda Santana, secret\u00e1ria da Assist\u00eancia Social e do Trabalho, disse que a sua equipe t\u00e9cnica j\u00e1 realizou algumas abordagens junto \u00e0s comunidades rurais, envolvendo cadastramento, identifica\u00e7\u00e3o de voca\u00e7\u00f5es produtivas e orienta\u00e7\u00e3o quanto aos programas e pol\u00edticas p\u00fablicas dispon\u00edveis, de forma que os esclarecimentos obtidos na audi\u00eancia ser\u00e3o compartilhados e servir\u00e3o para orientar os pr\u00f3ximos passos no sentido de se tentar viabilizar o efetivo acesso aos programas executados pela Conab.<\/p>\n<p style=\"text-align: justify;\">No final do encontro, ap\u00f3s o prefeito Marcos Santana fazer os agradecimentos, os contatos dos representantes da Prefeitura de S\u00e3o Crist\u00f3v\u00e3o e da Conab foram compartilhados e estabeleceu-se um compromisso de que nos pr\u00f3ximos dias ser\u00e3o realizadas reuni\u00f5es entre os t\u00e9cnicos para aprofundar os entendimentos. Na oportunidade, inclusive, o gerente Jos\u00e9 Ant\u00f4nio se colocou \u00e0 disposi\u00e7\u00e3o para participar de reuni\u00f5es com os agricultores, em S\u00e3o Crist\u00f3v\u00e3o, a fim de prestar os esclarecimentos que se fizerem necess\u00e1rios sobre os programas.<\/p>\n<p style=\"text-align: justify;\"><img loading=\"lazy\" decoding=\"async\" class=\"aligncenter size-full wp-image-104200\" src=\"http:\/\/senoticias.com.br\/se\/wp-content\/uploads\/2017\/06\/Logo-fone-1-2-1-2-4-6.jpg\" alt=\"Logo-fone-1-2-1-2-4-6\" width=\"599\" height=\"78\" srcset=\"https:\/\/senoticias.com.br\/se\/wp-content\/uploads\/2017\/06\/Logo-fone-1-2-1-2-4-6.jpg 599w, https:\/\/senoticias.com.br\/se\/wp-content\/uploads\/2017\/06\/Logo-fone-1-2-1-2-4-6-300x39.jpg 300w\" sizes=\"(max-width: 599px) 100vw, 599px\" \/><\/p>\n<p style=\"text-align: justify;\"><em><strong>Acompanhe tamb\u00e9m o SE not\u00edcias no\u00a0<a href=\"https:\/\/twitter.com\/Senoticias\" target=\"_blank\">Twitter<\/a>,\u00a0<a href=\"https:\/\/www.facebook.com\/senoticias1\" target=\"_blank\">Facebook<\/a>\u00a0e no\u00a0<a href=\"https:\/\/www.instagram.com\/senoticias\/\" target=\"_blank\">Instagram<\/a><\/strong><\/em><\/p>\n<p style=\"text-align: justify;\"><em>por ascom\/PMSC<\/em><\/p>\n<p style=\"text-align: justify;\">\n","protected":false},"excerpt":{"rendered":"<p>Nesta quinta-feira (29), foi feriado em S\u00e3o Crist\u00f3v\u00e3o, mas o prefeito Marcos Santana cumpriu agenda de trabalho em Aracaju participando de uma audi\u00eancia na Superintend\u00eancia Regional da Companhia Nacional de Abastecimento (Conab). Acompanhado dos secret\u00e1rios: Carlos Tadeu (Agricultura e Meio Ambiente) e Fernanda Santana (Assist\u00eancia Social e Trabalho), o gestor foi recebido pelo superintendente, Jos\u00e9 [&hellip;]<\/p>\n","protected":false},"author":2,"featured_media":104443,"comment_status":"closed","ping_status":"closed","sticky":false,"template":"","format":"standard","meta":{"footnotes":""},"categories":[38],"tags":[3683,4423,4422,675],"class_list":{"0":"post-104442","1":"post","2":"type-post","3":"status-publish","4":"format-standard","5":"has-post-thumbnail","7":"category-municipios","8":"tag-agricultura-familiar","9":"tag-busca-parcerias","10":"tag-conab","11":"tag-prefeito-de-sao-cristovao"},"_links":{"self":[{"href":"https:\/\/senoticias.com.br\/se\/wp-json\/wp\/v2\/posts\/104442"}],"collection":[{"href":"https:\/\/senoticias.com.br\/se\/wp-json\/wp\/v2\/posts"}],"about":[{"href":"https:\/\/senoticias.com.br\/se\/wp-json\/wp\/v2\/types\/post"}],"author":[{"embeddable":true,"href":"https:\/\/senoticias.com.br\/se\/wp-json\/wp\/v2\/users\/2"}],"replies":[{"embeddable":true,"href":"https:\/\/senoticias.com.br\/se\/wp-json\/wp\/v2\/comments?post=104442"}],"version-history":[{"count":0,"href":"https:\/\/senoticias.com.br\/se\/wp-json\/wp\/v2\/posts\/104442\/revisions"}],"wp:featuredmedia":[{"embeddable":true,"href":"https:\/\/senoticias.com.br\/se\/wp-json\/wp\/v2\/media\/104443"}],"wp:attachment":[{"href":"https:\/\/senoticias.com.br\/se\/wp-json\/wp\/v2\/media?parent=104442"}],"wp:term":[{"taxonomy":"category","embeddable":true,"href":"https:\/\/senoticias.com.br\/se\/wp-json\/wp\/v2\/categories?post=104442"},{"taxonomy":"post_tag","embeddable":true,"href":"https:\/\/senoticias.com.br\/se\/wp-json\/wp\/v2\/tags?post=104442"}],"curies":[{"name":"wp","href":"https:\/\/api.w.org\/{rel}","templated":true}]}}