{"id":104407,"date":"2017-06-28T16:43:40","date_gmt":"2017-06-28T19:43:40","guid":{"rendered":"http:\/\/senoticias.com.br\/se\/?p=104407"},"modified":"2017-06-28T16:43:40","modified_gmt":"2017-06-28T19:43:40","slug":"cnj-autoriza-uso-do-whatsapp-para-intimacoes-judiciais","status":"publish","type":"post","link":"https:\/\/senoticias.com.br\/se\/cnj-autoriza-uso-do-whatsapp-para-intimacoes-judiciais\/","title":{"rendered":"CNJ autoriza uso do WhatsApp para intima\u00e7\u00f5es judiciais"},"content":{"rendered":"<p style=\"text-align: justify;\">O Conselho Nacional de Justi\u00e7a (CNJ) aprovou a utiliza\u00e7\u00e3o do aplicativo para intima\u00e7\u00f5es judiciais. A decis\u00e3o foi tomada por unanimidade durante o julgamento que contestava a decis\u00e3o da corregedoria do Tribunal de Justi\u00e7a de Goi\u00e1s (TJGO), que proibiu a utiliza\u00e7\u00e3o do aplicativo no juizado Civil e Criminal da Comarca de Piracanjuba (GO).<\/p>\n<p style=\"text-align: justify;\">Segundo o CNJ, a comunica\u00e7\u00e3o de atos processuais pelo WhatsApp come\u00e7ou em 2015 e rendeu ao juiz da comarca de Piracanjuba, Gabriel Consigliero Lessa, destaque no Pr\u00eamio Innovare daquele ano. O uso do aplicativo de mensagens como forma de agilizar e desburocratizar procedimentos judiciais foi regulamentado na comarca em conjunto com a Ordem dos Advogados do Brasil do munic\u00edpio.<\/p>\n<div id=\"attachment_104408\" style=\"width: 287px\" class=\"wp-caption alignleft\"><img loading=\"lazy\" decoding=\"async\" aria-describedby=\"caption-attachment-104408\" class=\"size-full wp-image-104408\" src=\"http:\/\/senoticias.com.br\/se\/wp-content\/uploads\/2017\/06\/whatsapp-SENOTICIAS.jpg\" alt=\"WhatsAppMarcelo Camargo\/Ag\u00eancia Brasil\" width=\"277\" height=\"160\" \/><p id=\"caption-attachment-104408\" class=\"wp-caption-text\">WhatsAppMarcelo Camargo\/Ag\u00eancia Brasil<\/p><\/div>\n<p style=\"text-align: justify;\">O uso do aplicativo \u00e9 facultativo \u00e0s partes que voluntariamente aderirem aos termos de uso. Segundo o CNJ, a norma tamb\u00e9m prev\u00ea a utiliza\u00e7\u00e3o da ferramenta apenas para a realiza\u00e7\u00e3o de intima\u00e7\u00f5es e exige a confirma\u00e7\u00e3o do recebimento da mensagem no mesmo dia do envio; caso contr\u00e1rio, a intima\u00e7\u00e3o da parte deve ocorrer pela via convencional.<\/p>\n<p style=\"text-align: justify;\">Ao CNJ, o magistrado da comarca de Piracanjuba justifica que o recurso tecnol\u00f3gico se caracterizou como um aliado do Poder Judici\u00e1rio, reduzindo custos e evitando a morosidade no processo judicial. Em seu relat\u00f3rio, a conselheira Daldice Santana, relatora do processo, apontou que a pr\u00e1tica refor\u00e7a a atua\u00e7\u00e3o dos Juizados Especiais, orientados pelos crit\u00e9rios da oralidade, simplicidade e informalidade.<\/p>\n<p style=\"text-align: justify;\">O CNJ informou que, para proibir a utiliza\u00e7\u00e3o do WhatsApp, a Corregedoria-geral de Justi\u00e7a de Goi\u00e1s havia justificado a redu\u00e7\u00e3o da for\u00e7a de trabalho do tribunal; a falta de regulamenta\u00e7\u00e3o legal para permitir que um aplicativo controlado por empresa estrangeira, no caso o Facebook, seja utilizado como meio de atos judiciais; e aus\u00eancia de san\u00e7\u00f5es processuais nos casos em que a intima\u00e7\u00e3o n\u00e3o for atendida.<\/p>\n<p style=\"text-align: justify;\">Segundo a conselheira relatora, diferentemente do que foi alegado pelo tribunal, a regulamenta\u00e7\u00e3o para o uso do aplicativo em Piracanjuba detalha toda a din\u00e2mica para a realiza\u00e7\u00e3o das intima\u00e7\u00f5es, estabelecendo regras e tamb\u00e9m penalidades para o caso de descumprimento e \u201cn\u00e3o extrapolou os limites regulamentares, pois apenas previu o uso de uma ferramenta de comunica\u00e7\u00e3o de atos processuais, entre tantas outras poss\u00edveis\u201d.<\/p>\n<p style=\"text-align: justify;\">\n<p style=\"text-align: justify;\"><img loading=\"lazy\" decoding=\"async\" class=\"aligncenter size-full wp-image-104200\" src=\"http:\/\/senoticias.com.br\/se\/wp-content\/uploads\/2017\/06\/Logo-fone-1-2-1-2-4-6.jpg\" alt=\"Logo-fone-1-2-1-2-4-6\" width=\"599\" height=\"78\" srcset=\"https:\/\/senoticias.com.br\/se\/wp-content\/uploads\/2017\/06\/Logo-fone-1-2-1-2-4-6.jpg 599w, https:\/\/senoticias.com.br\/se\/wp-content\/uploads\/2017\/06\/Logo-fone-1-2-1-2-4-6-300x39.jpg 300w\" sizes=\"(max-width: 599px) 100vw, 599px\" \/><\/p>\n<p style=\"text-align: justify;\">\n<p><strong>Acompanhe tamb\u00e9m o SE Not\u00edcias no<\/strong><span class=\"apple-converted-space\"><b>\u00a0<\/b><\/span><a href=\"https:\/\/twitter.com\/Senoticias\" target=\"_blank\"><b>Twitter<\/b><\/a><strong>,<\/strong><span class=\"apple-converted-space\"><b>\u00a0<\/b><\/span><a href=\"https:\/\/www.facebook.com\/senoticias1\" target=\"_blank\"><b>Facebook<\/b><span class=\"apple-converted-space\"><b>\u00a0<\/b><\/span><\/a><strong>e no<\/strong><span class=\"apple-converted-space\"><b>\u00a0<\/b><\/span><a href=\"https:\/\/www.instagram.com\/senoticias\/\" target=\"_blank\"><b>Instagram<\/b><\/a><\/p>\n<p>Por Ag\u00eancia Brasil<\/p>\n","protected":false},"excerpt":{"rendered":"<p>O Conselho Nacional de Justi\u00e7a (CNJ) aprovou a utiliza\u00e7\u00e3o do aplicativo para intima\u00e7\u00f5es judiciais. A decis\u00e3o foi tomada por unanimidade durante o julgamento que contestava a decis\u00e3o da corregedoria do Tribunal de Justi\u00e7a de Goi\u00e1s (TJGO), que proibiu a utiliza\u00e7\u00e3o do aplicativo no juizado Civil e Criminal da Comarca de Piracanjuba (GO). Segundo o CNJ, [&hellip;]<\/p>\n","protected":false},"author":2,"featured_media":0,"comment_status":"closed","ping_status":"closed","sticky":false,"template":"","format":"standard","meta":{"footnotes":""},"categories":[2961],"tags":[4394,4393,3670,1331],"class_list":{"0":"post-104407","1":"post","2":"type-post","3":"status-publish","4":"format-standard","6":"category-nacional","7":"tag-cnj","8":"tag-decisao","9":"tag-nacional","10":"tag-whatsapp"},"_links":{"self":[{"href":"https:\/\/senoticias.com.br\/se\/wp-json\/wp\/v2\/posts\/104407"}],"collection":[{"href":"https:\/\/senoticias.com.br\/se\/wp-json\/wp\/v2\/posts"}],"about":[{"href":"https:\/\/senoticias.com.br\/se\/wp-json\/wp\/v2\/types\/post"}],"author":[{"embeddable":true,"href":"https:\/\/senoticias.com.br\/se\/wp-json\/wp\/v2\/users\/2"}],"replies":[{"embeddable":true,"href":"https:\/\/senoticias.com.br\/se\/wp-json\/wp\/v2\/comments?post=104407"}],"version-history":[{"count":0,"href":"https:\/\/senoticias.com.br\/se\/wp-json\/wp\/v2\/posts\/104407\/revisions"}],"wp:attachment":[{"href":"https:\/\/senoticias.com.br\/se\/wp-json\/wp\/v2\/media?parent=104407"}],"wp:term":[{"taxonomy":"category","embeddable":true,"href":"https:\/\/senoticias.com.br\/se\/wp-json\/wp\/v2\/categories?post=104407"},{"taxonomy":"post_tag","embeddable":true,"href":"https:\/\/senoticias.com.br\/se\/wp-json\/wp\/v2\/tags?post=104407"}],"curies":[{"name":"wp","href":"https:\/\/api.w.org\/{rel}","templated":true}]}}