{"id":104404,"date":"2017-06-28T16:35:59","date_gmt":"2017-06-28T19:35:59","guid":{"rendered":"http:\/\/senoticias.com.br\/se\/?p=104404"},"modified":"2017-06-29T10:08:23","modified_gmt":"2017-06-29T13:08:23","slug":"veiculo-pega-fogo-no-centro-de-aracaju","status":"publish","type":"post","link":"https:\/\/senoticias.com.br\/se\/veiculo-pega-fogo-no-centro-de-aracaju\/","title":{"rendered":"Ve\u00edculo pega fogo no Centro de Aracaju"},"content":{"rendered":"<p style=\"text-align: justify;\">Na manh\u00e3 desta quarta-feira, 28 de junho, um ve\u00edculo de passeio, modelo celta, pegou fogo na avenida Rio Branco, pr\u00f3ximo \u00e0 Assembleia Legislativa. Os agentes da SMTT de Aracaju ajudaram a controlar as chamas, que se concentravam na parte da frente do ve\u00edculo, at\u00e9 a chegada dos Bombeiros.<\/p>\n<div id=\"attachment_104405\" style=\"width: 609px\" class=\"wp-caption aligncenter\"><img loading=\"lazy\" decoding=\"async\" aria-describedby=\"caption-attachment-104405\" class=\"size-full wp-image-104405\" src=\"http:\/\/senoticias.com.br\/se\/wp-content\/uploads\/2017\/06\/WhatsApp-Image-2017-06-28-at-15.48.34-e1498678529580.jpeg\" alt=\"Foto: SMTT\" width=\"599\" height=\"447\" \/><p id=\"caption-attachment-104405\" class=\"wp-caption-text\">Foto: SMTT<\/p><\/div>\n<p style=\"text-align: justify;\">Segundo o agente Alves, o incidente causou lentid\u00e3o no tr\u00e2nsito do Centro, por volta das 10h30. &#8220;Percebemos que havia algo de errado porque o tr\u00e2nsito naquela regi\u00e3o n\u00e3o costuma ficar lento por volta das 10h. Ao chegar tentamos ajudar a apagar o fogo com o extintor da viatura e depois pedimos um balde na vizinhan\u00e7a e jogamos \u00e1gua do rio. O cap\u00f4 do carro travou e isso dificultou o trabalho&#8221;, explica.<\/p>\n<p style=\"text-align: justify;\">O Corpo de Bombeiros foi acionado para apagar as chamas e depois o carro foi levado por um guincho.<\/p>\n<p style=\"text-align: justify;\"><img loading=\"lazy\" decoding=\"async\" class=\"aligncenter size-full wp-image-104200\" src=\"http:\/\/senoticias.com.br\/se\/wp-content\/uploads\/2017\/06\/Logo-fone-1-2-1-2-4-6.jpg\" alt=\"Logo-fone-1-2-1-2-4-6\" width=\"599\" height=\"78\" srcset=\"https:\/\/senoticias.com.br\/se\/wp-content\/uploads\/2017\/06\/Logo-fone-1-2-1-2-4-6.jpg 599w, https:\/\/senoticias.com.br\/se\/wp-content\/uploads\/2017\/06\/Logo-fone-1-2-1-2-4-6-300x39.jpg 300w\" sizes=\"(max-width: 599px) 100vw, 599px\" \/><\/p>\n<p><strong>Acompanhe tamb\u00e9m o SE Not\u00edcias no<\/strong><span class=\"apple-converted-space\"><b>\u00a0<\/b><\/span><a href=\"https:\/\/twitter.com\/Senoticias\" target=\"_blank\"><b>Twitter<\/b><\/a><strong>,<\/strong><span class=\"apple-converted-space\"><b>\u00a0<\/b><\/span><a href=\"https:\/\/www.facebook.com\/senoticias1\" target=\"_blank\"><b>Facebook<\/b><span class=\"apple-converted-space\"><b>\u00a0<\/b><\/span><\/a><strong>e no<\/strong><span class=\"apple-converted-space\"><b>\u00a0<\/b><\/span><a href=\"https:\/\/www.instagram.com\/senoticias\/\" target=\"_blank\"><b>Instagram<\/b><\/a><\/p>\n<p style=\"text-align: justify;\"><em>Por reda\u00e7\u00e3o do SE Not\u00edcias<\/em><\/p>\n","protected":false},"excerpt":{"rendered":"<p>Na manh\u00e3 desta quarta-feira, 28 de junho, um ve\u00edculo de passeio, modelo celta, pegou fogo na avenida Rio Branco, pr\u00f3ximo \u00e0 Assembleia Legislativa. Os agentes da SMTT de Aracaju ajudaram a controlar as chamas, que se concentravam na parte da frente do ve\u00edculo, at\u00e9 a chegada dos Bombeiros. Segundo o agente Alves, o incidente causou [&hellip;]<\/p>\n","protected":false},"author":2,"featured_media":0,"comment_status":"closed","ping_status":"closed","sticky":false,"template":"","format":"standard","meta":{"footnotes":""},"categories":[38],"tags":[339,4128,2777,4392,1942,2979],"class_list":{"0":"post-104404","1":"post","2":"type-post","3":"status-publish","4":"format-standard","6":"category-municipios","7":"tag-aracaju","8":"tag-bombeiros","9":"tag-carro","10":"tag-fogo","11":"tag-incendio","12":"tag-smtt"},"_links":{"self":[{"href":"https:\/\/senoticias.com.br\/se\/wp-json\/wp\/v2\/posts\/104404"}],"collection":[{"href":"https:\/\/senoticias.com.br\/se\/wp-json\/wp\/v2\/posts"}],"about":[{"href":"https:\/\/senoticias.com.br\/se\/wp-json\/wp\/v2\/types\/post"}],"author":[{"embeddable":true,"href":"https:\/\/senoticias.com.br\/se\/wp-json\/wp\/v2\/users\/2"}],"replies":[{"embeddable":true,"href":"https:\/\/senoticias.com.br\/se\/wp-json\/wp\/v2\/comments?post=104404"}],"version-history":[{"count":0,"href":"https:\/\/senoticias.com.br\/se\/wp-json\/wp\/v2\/posts\/104404\/revisions"}],"wp:attachment":[{"href":"https:\/\/senoticias.com.br\/se\/wp-json\/wp\/v2\/media?parent=104404"}],"wp:term":[{"taxonomy":"category","embeddable":true,"href":"https:\/\/senoticias.com.br\/se\/wp-json\/wp\/v2\/categories?post=104404"},{"taxonomy":"post_tag","embeddable":true,"href":"https:\/\/senoticias.com.br\/se\/wp-json\/wp\/v2\/tags?post=104404"}],"curies":[{"name":"wp","href":"https:\/\/api.w.org\/{rel}","templated":true}]}}