{"id":104377,"date":"2017-06-27T17:38:14","date_gmt":"2017-06-27T20:38:14","guid":{"rendered":"http:\/\/senoticias.com.br\/se\/?p=104377"},"modified":"2017-06-27T18:00:11","modified_gmt":"2017-06-27T21:00:11","slug":"municipios-tem-ate-26-de-julho-para-impugnar-indices-provisorios-de-icms-informa-tce","status":"publish","type":"post","link":"https:\/\/senoticias.com.br\/se\/municipios-tem-ate-26-de-julho-para-impugnar-indices-provisorios-de-icms-informa-tce\/","title":{"rendered":"Munic\u00edpios t\u00eam at\u00e9 26 de julho para impugnar \u00edndices provis\u00f3rios de ICMS, informa TCE"},"content":{"rendered":"<p style=\"text-align: justify;\">Os munic\u00edpios sergipanos t\u00eam at\u00e9 o pr\u00f3ximo dia 26 para apresentar impugna\u00e7\u00e3o junto ao Tribunal de Contas do Estado (TCE\/SE) quanto aos \u00edndices percentuais provis\u00f3rios de ICMS relativos ao ano de 2018, desde que devidamente comprovada alguma incorre\u00e7\u00e3o nas informa\u00e7\u00f5es prestadas pelos contribuintes. Os \u00cdndices est\u00e3o dispon\u00edveis no site do TCE: <a href=\"http:\/\/www.tce.se.gov.br\/\" target=\"_blank\" data-saferedirecturl=\"https:\/\/www.google.com\/url?hl=pt-BR&amp;q=http:\/\/www.tce.se.gov.br&amp;source=gmail&amp;ust=1498681800307000&amp;usg=AFQjCNFaHciu91kTEfXnzpS-poEqmIIyyA\">www.tce.se.gov.br<\/a>.<\/p>\n<div id=\"attachment_93243\" style=\"width: 510px\" class=\"wp-caption aligncenter\"><img loading=\"lazy\" decoding=\"async\" aria-describedby=\"caption-attachment-93243\" class=\"size-full wp-image-93243\" src=\"http:\/\/senoticias.com.br\/se\/wp-content\/uploads\/2016\/06\/Susana-Azevedo-SE-Noticias.jpg\" alt=\"Os \u00edndices percentuais provis\u00f3rios de ICMS foram estabelecidos por meio de Ato Deliberativo que teve como relatora a conselheira Susana Azevedo, vice-presidente do TCE.. (Foto: Cleverton Ribeiro) \" width=\"500\" height=\"333\" srcset=\"https:\/\/senoticias.com.br\/se\/wp-content\/uploads\/2016\/06\/Susana-Azevedo-SE-Noticias.jpg 500w, https:\/\/senoticias.com.br\/se\/wp-content\/uploads\/2016\/06\/Susana-Azevedo-SE-Noticias-300x199.jpg 300w, https:\/\/senoticias.com.br\/se\/wp-content\/uploads\/2016\/06\/Susana-Azevedo-SE-Noticias-342x227.jpg 342w\" sizes=\"(max-width: 500px) 100vw, 500px\" \/><p id=\"caption-attachment-93243\" class=\"wp-caption-text\">Os \u00edndices percentuais provis\u00f3rios de ICMS foram estabelecidos por meio de Ato Deliberativo que teve como relatora a conselheira Susana Azevedo. (Foto: Cleverton Ribeiro)<\/p><\/div>\n<p style=\"text-align: justify;\">O prazo para recorrer teve in\u00edcio no dia 26\/06, primeiro dia \u00fatil ap\u00f3s a publica\u00e7\u00e3o dos \u00edndices no Di\u00e1rio Oficial do Estado (DOE), que se deu em 23\/06. Os \u00edndices percentuais provis\u00f3rios de ICMS foram estabelecidos por meio de Ato Deliberativo que teve como relatora a conselheira Susana Azevedo, vice-presidente do TCE.<\/p>\n<p style=\"text-align: justify;\">As impugna\u00e7\u00f5es dever\u00e3o ser entregues em papel e meio magn\u00e9tico, conforme disciplina a\u00a0Portaria n\u00ba. 323, da Secretaria de Estado da Fazenda (Sefaz). A norma cria tamb\u00e9m o mapa denominado &#8216;Impugna\u00e7\u00e3o do C\u00e1lculo do Valor Adicionado&#8217;, a ser utilizado pelo munic\u00edpio impugnante. Nele dever\u00e1 constar o n\u00famero de inscri\u00e7\u00e3o no Cadastro de Contribuintes do Estado de Sergipe (Cacese), a raz\u00e3o social, o CNPJ, o valor impugnado e a raz\u00e3o da impugna\u00e7\u00e3o de forma objetiva.<\/p>\n<p style=\"text-align: justify;\">Ao relatar o Ato Deliberativo que fixou os \u00edndices, a conselheira destacou que o Valor Adicional do Estado de Sergipe, referente ao exerc\u00edcio financeiro de 2016, \u00e9 de R$ 14.511.935.692,23, apresentando 25.347 declara\u00e7\u00f5es \u00e0 Corte de Contas.<\/p>\n<p style=\"text-align: justify;\">A relatora registrou ainda os dez primeiros munic\u00edpios sergipanos que se destacam nos \u00edndices provis\u00f3rios: Aracaju, Nossa Senhora do Socorro, Laranjeiras, Est\u00e2ncia, Lagarto, Canind\u00e9 de S\u00e3o Francisco, Itabaiana, Itaporanga D\u2019Ajuda, Ros\u00e1rio do Catete e Japaratuba.<\/p>\n<p style=\"text-align: justify;\"><img loading=\"lazy\" decoding=\"async\" class=\"aligncenter size-full wp-image-104200\" src=\"http:\/\/senoticias.com.br\/se\/wp-content\/uploads\/2017\/06\/Logo-fone-1-2-1-2-4-6.jpg\" alt=\"Logo-fone-1-2-1-2-4-6\" width=\"599\" height=\"78\" srcset=\"https:\/\/senoticias.com.br\/se\/wp-content\/uploads\/2017\/06\/Logo-fone-1-2-1-2-4-6.jpg 599w, https:\/\/senoticias.com.br\/se\/wp-content\/uploads\/2017\/06\/Logo-fone-1-2-1-2-4-6-300x39.jpg 300w\" sizes=\"(max-width: 599px) 100vw, 599px\" \/><\/p>\n<p style=\"text-align: justify;\"><strong>Acompanhe tamb\u00e9m o SE Not\u00edcias no<\/strong><span class=\"apple-converted-space\"><b>\u00a0<\/b><\/span><a href=\"https:\/\/twitter.com\/Senoticias\" target=\"_blank\"><b>Twitter<\/b><\/a><strong>,<\/strong><span class=\"apple-converted-space\"><b>\u00a0<\/b><\/span><a href=\"https:\/\/www.facebook.com\/senoticias1\" target=\"_blank\"><b>Facebook<\/b><span class=\"apple-converted-space\"><b>\u00a0<\/b><\/span><\/a><strong>e no<\/strong><span class=\"apple-converted-space\"><b>\u00a0<\/b><\/span><a href=\"https:\/\/www.instagram.com\/senoticias\/\" target=\"_blank\"><b>Instagram<\/b><\/a><\/p>\n<p style=\"text-align: justify;\"><em>Ascom\/TCE<\/em><\/p>\n","protected":false},"excerpt":{"rendered":"<p>Os munic\u00edpios sergipanos t\u00eam at\u00e9 o pr\u00f3ximo dia 26 para apresentar impugna\u00e7\u00e3o junto ao Tribunal de Contas do Estado (TCE\/SE) quanto aos \u00edndices percentuais provis\u00f3rios de ICMS relativos ao ano de 2018, desde que devidamente comprovada alguma incorre\u00e7\u00e3o nas informa\u00e7\u00f5es prestadas pelos contribuintes. Os \u00cdndices est\u00e3o dispon\u00edveis no site do TCE: www.tce.se.gov.br. O prazo para [&hellip;]<\/p>\n","protected":false},"author":2,"featured_media":93243,"comment_status":"closed","ping_status":"closed","sticky":false,"template":"","format":"standard","meta":{"footnotes":""},"categories":[6],"tags":[4375,56],"class_list":{"0":"post-104377","1":"post","2":"type-post","3":"status-publish","4":"format-standard","5":"has-post-thumbnail","7":"category-politica","8":"tag-indices-provisorios-de-icms","9":"tag-municipios-2"},"_links":{"self":[{"href":"https:\/\/senoticias.com.br\/se\/wp-json\/wp\/v2\/posts\/104377"}],"collection":[{"href":"https:\/\/senoticias.com.br\/se\/wp-json\/wp\/v2\/posts"}],"about":[{"href":"https:\/\/senoticias.com.br\/se\/wp-json\/wp\/v2\/types\/post"}],"author":[{"embeddable":true,"href":"https:\/\/senoticias.com.br\/se\/wp-json\/wp\/v2\/users\/2"}],"replies":[{"embeddable":true,"href":"https:\/\/senoticias.com.br\/se\/wp-json\/wp\/v2\/comments?post=104377"}],"version-history":[{"count":0,"href":"https:\/\/senoticias.com.br\/se\/wp-json\/wp\/v2\/posts\/104377\/revisions"}],"wp:featuredmedia":[{"embeddable":true,"href":"https:\/\/senoticias.com.br\/se\/wp-json\/wp\/v2\/media\/93243"}],"wp:attachment":[{"href":"https:\/\/senoticias.com.br\/se\/wp-json\/wp\/v2\/media?parent=104377"}],"wp:term":[{"taxonomy":"category","embeddable":true,"href":"https:\/\/senoticias.com.br\/se\/wp-json\/wp\/v2\/categories?post=104377"},{"taxonomy":"post_tag","embeddable":true,"href":"https:\/\/senoticias.com.br\/se\/wp-json\/wp\/v2\/tags?post=104377"}],"curies":[{"name":"wp","href":"https:\/\/api.w.org\/{rel}","templated":true}]}}