{"id":104351,"date":"2017-06-27T08:01:23","date_gmt":"2017-06-27T11:01:23","guid":{"rendered":"http:\/\/senoticias.com.br\/se\/?p=104351"},"modified":"2017-06-27T08:01:23","modified_gmt":"2017-06-27T11:01:23","slug":"homem-e-preso-por-furto-qualificado-e-por-tentar-matar-a-propria-mae-em-capela","status":"publish","type":"post","link":"https:\/\/senoticias.com.br\/se\/homem-e-preso-por-furto-qualificado-e-por-tentar-matar-a-propria-mae-em-capela\/","title":{"rendered":"Homem \u00e9 preso por furto qualificado e por tentar matar a pr\u00f3pria m\u00e3e em Capela"},"content":{"rendered":"<p style=\"text-align: justify;\">Na de segunda-feira, 26, policias civis do munic\u00edpio de Capela efetuaram a pris\u00e3o em flagrante delito de Erick Natan Barbosa dos Santos, popularmente conhecido por &#8220;Bodinho&#8221;, 18 anos, pelos crimes de viol\u00eancia dom\u00e9stica (amea\u00e7a e dano) e furto.<\/p>\n<div id=\"attachment_104352\" style=\"width: 591px\" class=\"wp-caption aligncenter\"><img loading=\"lazy\" decoding=\"async\" aria-describedby=\"caption-attachment-104352\" class=\"size-full wp-image-104352\" src=\"http:\/\/senoticias.com.br\/se\/wp-content\/uploads\/2017\/06\/Suspeito-tem-18-anos-SENOTICIAS.jpeg\" alt=\"Suspeito confessou o crime na delegacia. (Foto: SSP\/SE)\" width=\"581\" height=\"1032\" srcset=\"https:\/\/senoticias.com.br\/se\/wp-content\/uploads\/2017\/06\/Suspeito-tem-18-anos-SENOTICIAS.jpeg 581w, https:\/\/senoticias.com.br\/se\/wp-content\/uploads\/2017\/06\/Suspeito-tem-18-anos-SENOTICIAS-169x300.jpeg 169w, https:\/\/senoticias.com.br\/se\/wp-content\/uploads\/2017\/06\/Suspeito-tem-18-anos-SENOTICIAS-576x1024.jpeg 576w\" sizes=\"(max-width: 581px) 100vw, 581px\" \/><p id=\"caption-attachment-104352\" class=\"wp-caption-text\">Suspeito confessou o crime na delegacia. (Foto: SSP\/SE)<\/p><\/div>\n<p>De acordo com a delegada Mariana Amorim, a pris\u00e3o foi motivada por denuncia da pr\u00f3pria m\u00e3e.<\/p>\n<p style=\"text-align: justify;\">&#8220;Durante a madrugada, o acusado teria chegado em casa com produtos de origem duvidosa e, ent\u00e3o, ao chamar a sua aten\u00e7\u00e3o pelo crime supostamente cometido, sua genitora foi amea\u00e7ada de morte com uma faca. Al\u00e9m disso, o suspeito quebrou diversos objetos dentro da resid\u00eancia&#8221;, finalizou a delegada.<\/p>\n<p style=\"text-align: justify;\">Assim que amanheceu, a m\u00e3e de Erick compareceu \u00e0 delegacia a fim de pedir ajuda. Policiais civis sa\u00edram imediatamente em dilig\u00eancia, sendo que com o acusado, foi encontrado a faca e uma mala de viagem com diversos produtos roubados. O dono dos objetos foi localizado e confirmou ser o propriet\u00e1rio dos bens que se encontravam com o flagranteado.<\/p>\n<p style=\"text-align: justify;\">A reportagem da SE Not\u00edcias apurou junto \u00e0 pol\u00edcia que o suspeito confessou o crime durante depoimento na delegacia da Pol\u00edcia Civil.<\/p>\n<p style=\"text-align: justify;\">Ap\u00f3s ser ouvido pela delegada de Capela, Erick Natan foi encaminhado para a 4\u00aa Delegacia de Pol\u00edcia, em Aracaju, aguardando decis\u00e3o judicial.<\/p>\n<p style=\"text-align: justify;\"><img loading=\"lazy\" decoding=\"async\" class=\"aligncenter size-full wp-image-104200\" src=\"http:\/\/senoticias.com.br\/se\/wp-content\/uploads\/2017\/06\/Logo-fone-1-2-1-2-4-6.jpg\" alt=\"Logo-fone-1-2-1-2-4-6\" width=\"599\" height=\"78\" srcset=\"https:\/\/senoticias.com.br\/se\/wp-content\/uploads\/2017\/06\/Logo-fone-1-2-1-2-4-6.jpg 599w, https:\/\/senoticias.com.br\/se\/wp-content\/uploads\/2017\/06\/Logo-fone-1-2-1-2-4-6-300x39.jpg 300w\" sizes=\"(max-width: 599px) 100vw, 599px\" \/><\/p>\n<p style=\"text-align: justify;\"><em><strong>Acompanhe tamb\u00e9m o SE Not\u00edcias no<\/strong><span class=\"apple-converted-space\"><b>\u00a0<\/b><\/span><a href=\"https:\/\/twitter.com\/Senoticias\" target=\"_blank\"><b>Twitter<\/b><\/a><strong>,<\/strong><span class=\"apple-converted-space\"><b>\u00a0<\/b><\/span><a href=\"https:\/\/www.facebook.com\/senoticias1\" target=\"_blank\"><b>Facebook<\/b><span class=\"apple-converted-space\"><b>\u00a0<\/b><\/span><\/a><strong>e no<\/strong><span class=\"apple-converted-space\"><b>\u00a0<\/b><\/span><a href=\"https:\/\/www.instagram.com\/senoticias\/\" target=\"_blank\"><b>Instagram<\/b><\/a><\/em><\/p>\n<p style=\"text-align: justify;\"><strong><em>Com informa\u00e7\u00f5es da SSP\/SE<\/em><\/strong><\/p>\n","protected":false},"excerpt":{"rendered":"<p>Na de segunda-feira, 26, policias civis do munic\u00edpio de Capela efetuaram a pris\u00e3o em flagrante delito de Erick Natan Barbosa dos Santos, popularmente conhecido por &#8220;Bodinho&#8221;, 18 anos, pelos crimes de viol\u00eancia dom\u00e9stica (amea\u00e7a e dano) e furto. De acordo com a delegada Mariana Amorim, a pris\u00e3o foi motivada por denuncia da pr\u00f3pria m\u00e3e. &#8220;Durante [&hellip;]<\/p>\n","protected":false},"author":2,"featured_media":104352,"comment_status":"closed","ping_status":"closed","sticky":false,"template":"","format":"standard","meta":{"footnotes":""},"categories":[7,1],"tags":[978,4359,4361,4288,4360],"class_list":{"0":"post-104351","1":"post","2":"type-post","3":"status-publish","4":"format-standard","5":"has-post-thumbnail","7":"category-policia","8":"category-sem-categoria","9":"tag-capela","10":"tag-delegacia-de-capela","11":"tag-furto-qualificado","12":"tag-homem-e-preso","13":"tag-matar-a-propria-mae"},"_links":{"self":[{"href":"https:\/\/senoticias.com.br\/se\/wp-json\/wp\/v2\/posts\/104351"}],"collection":[{"href":"https:\/\/senoticias.com.br\/se\/wp-json\/wp\/v2\/posts"}],"about":[{"href":"https:\/\/senoticias.com.br\/se\/wp-json\/wp\/v2\/types\/post"}],"author":[{"embeddable":true,"href":"https:\/\/senoticias.com.br\/se\/wp-json\/wp\/v2\/users\/2"}],"replies":[{"embeddable":true,"href":"https:\/\/senoticias.com.br\/se\/wp-json\/wp\/v2\/comments?post=104351"}],"version-history":[{"count":0,"href":"https:\/\/senoticias.com.br\/se\/wp-json\/wp\/v2\/posts\/104351\/revisions"}],"wp:featuredmedia":[{"embeddable":true,"href":"https:\/\/senoticias.com.br\/se\/wp-json\/wp\/v2\/media\/104352"}],"wp:attachment":[{"href":"https:\/\/senoticias.com.br\/se\/wp-json\/wp\/v2\/media?parent=104351"}],"wp:term":[{"taxonomy":"category","embeddable":true,"href":"https:\/\/senoticias.com.br\/se\/wp-json\/wp\/v2\/categories?post=104351"},{"taxonomy":"post_tag","embeddable":true,"href":"https:\/\/senoticias.com.br\/se\/wp-json\/wp\/v2\/tags?post=104351"}],"curies":[{"name":"wp","href":"https:\/\/api.w.org\/{rel}","templated":true}]}}