{"id":104349,"date":"2017-06-27T07:12:02","date_gmt":"2017-06-27T10:12:02","guid":{"rendered":"http:\/\/senoticias.com.br\/se\/?p=104349"},"modified":"2017-06-27T20:09:32","modified_gmt":"2017-06-27T23:09:32","slug":"policia-civil-prende-homem-que-matou-companheira-com-tiro-de-espingarda-no-interior-de-sergipe","status":"publish","type":"post","link":"https:\/\/senoticias.com.br\/se\/policia-civil-prende-homem-que-matou-companheira-com-tiro-de-espingarda-no-interior-de-sergipe\/","title":{"rendered":"Pol\u00edcia Civil prende homem que matou companheira com tiro de espingarda no interior de Sergipe"},"content":{"rendered":"<p style=\"text-align: justify;\">Na tarde desta segunda-feira, 26, policiais civis da Delegacia de Aquidab\u00e3 prenderam Ant\u00f4nio Carlos dos Santos, tamb\u00e9m conhecido como &#8220;Galeguinho&#8221; ou &#8220;M\u00e3o de Visgo&#8221;, 22 anos, em cumprimento a mandado de pris\u00e3o pelo feminic\u00eddio cometido contra sua companheira Raquel Cavalcante Vieira no dia 25 de mar\u00e7o deste ano, no povoado Lagoa da V\u00e1rzea.<\/p>\n<div id=\"attachment_104350\" style=\"width: 609px\" class=\"wp-caption aligncenter\"><img loading=\"lazy\" decoding=\"async\" aria-describedby=\"caption-attachment-104350\" class=\"size-full wp-image-104350\" src=\"http:\/\/senoticias.com.br\/se\/wp-content\/uploads\/2017\/06\/Preso-em-Aquidaba-SENOTICIAS-e1498558145320.jpeg\" alt=\"Crime ocorreu h\u00e1 3 meses\" width=\"599\" height=\"590\" \/><p id=\"caption-attachment-104350\" class=\"wp-caption-text\">Segundo a pol\u00edcia, o crime ocorreu h\u00e1 3 meses. (Foto: SSP\/SE)<\/p><\/div>\n<p style=\"text-align: justify;\">De acordo com o delegado Wanderson Andrade, a a\u00e7\u00e3o foi motivada por ci\u00fames. &#8220;Ant\u00f4nio Carlos desconfiava que sua companheira o tra\u00eda com o pr\u00f3prio irm\u00e3o. Ap\u00f3s uma discuss\u00e3o ele disparou um tiro de espingarda contra a v\u00edtima que perfurou o pulm\u00e3o e o cora\u00e7\u00e3o da jovem de apenas 22 anos. Embora o acusado negue o crime, testemunhas depuseram dando conta de que ele matou Raquel&#8221;, explica o delegado.<\/p>\n<p style=\"text-align: justify;\">Ant\u00f4nio Carlos tem passagem pelo sistema criminal sergipano, tanto por roubo, motivo pelo qual adquiriu o apelido M\u00e3o de Visgo, como por tr\u00e1fico de drogas.<\/p>\n<p style=\"text-align: justify;\"><img loading=\"lazy\" decoding=\"async\" class=\"aligncenter size-full wp-image-104200\" src=\"http:\/\/senoticias.com.br\/se\/wp-content\/uploads\/2017\/06\/Logo-fone-1-2-1-2-4-6.jpg\" alt=\"Logo-fone-1-2-1-2-4-6\" width=\"599\" height=\"78\" srcset=\"https:\/\/senoticias.com.br\/se\/wp-content\/uploads\/2017\/06\/Logo-fone-1-2-1-2-4-6.jpg 599w, https:\/\/senoticias.com.br\/se\/wp-content\/uploads\/2017\/06\/Logo-fone-1-2-1-2-4-6-300x39.jpg 300w\" sizes=\"(max-width: 599px) 100vw, 599px\" \/><\/p>\n<p style=\"text-align: justify;\"><em><strong>Acompanhe tamb\u00e9m o SE Not\u00edcias no<\/strong><span class=\"apple-converted-space\"><b>\u00a0<\/b><\/span><a href=\"https:\/\/twitter.com\/Senoticias\" target=\"_blank\"><b>Twitter<\/b><\/a><strong>,<\/strong><span class=\"apple-converted-space\"><b>\u00a0<\/b><\/span><a href=\"https:\/\/www.facebook.com\/senoticias1\" target=\"_blank\"><b>Facebook<\/b><span class=\"apple-converted-space\"><b>\u00a0<\/b><\/span><\/a><strong>e no<\/strong><span class=\"apple-converted-space\"><b>\u00a0<\/b><\/span><a href=\"https:\/\/www.instagram.com\/senoticias\/\" target=\"_blank\"><b>Instagram<\/b><\/a><\/em><\/p>\n<p style=\"text-align: justify;\"><em>Informa\u00e7\u00f5es da SSP\/SE<\/em><\/p>\n","protected":false},"excerpt":{"rendered":"<p>Na tarde desta segunda-feira, 26, policiais civis da Delegacia de Aquidab\u00e3 prenderam Ant\u00f4nio Carlos dos Santos, tamb\u00e9m conhecido como &#8220;Galeguinho&#8221; ou &#8220;M\u00e3o de Visgo&#8221;, 22 anos, em cumprimento a mandado de pris\u00e3o pelo feminic\u00eddio cometido contra sua companheira Raquel Cavalcante Vieira no dia 25 de mar\u00e7o deste ano, no povoado Lagoa da V\u00e1rzea. De acordo [&hellip;]<\/p>\n","protected":false},"author":2,"featured_media":104350,"comment_status":"closed","ping_status":"closed","sticky":false,"template":"","format":"standard","meta":{"footnotes":""},"categories":[7],"tags":[4300,4358,3708,4357,78],"class_list":{"0":"post-104349","1":"post","2":"type-post","3":"status-publish","4":"format-standard","5":"has-post-thumbnail","7":"category-policia","8":"tag-aquidaba","9":"tag-espingarda","10":"tag-interior-de-sergipe","11":"tag-matou-companheira","12":"tag-policia-civil"},"_links":{"self":[{"href":"https:\/\/senoticias.com.br\/se\/wp-json\/wp\/v2\/posts\/104349"}],"collection":[{"href":"https:\/\/senoticias.com.br\/se\/wp-json\/wp\/v2\/posts"}],"about":[{"href":"https:\/\/senoticias.com.br\/se\/wp-json\/wp\/v2\/types\/post"}],"author":[{"embeddable":true,"href":"https:\/\/senoticias.com.br\/se\/wp-json\/wp\/v2\/users\/2"}],"replies":[{"embeddable":true,"href":"https:\/\/senoticias.com.br\/se\/wp-json\/wp\/v2\/comments?post=104349"}],"version-history":[{"count":0,"href":"https:\/\/senoticias.com.br\/se\/wp-json\/wp\/v2\/posts\/104349\/revisions"}],"wp:featuredmedia":[{"embeddable":true,"href":"https:\/\/senoticias.com.br\/se\/wp-json\/wp\/v2\/media\/104350"}],"wp:attachment":[{"href":"https:\/\/senoticias.com.br\/se\/wp-json\/wp\/v2\/media?parent=104349"}],"wp:term":[{"taxonomy":"category","embeddable":true,"href":"https:\/\/senoticias.com.br\/se\/wp-json\/wp\/v2\/categories?post=104349"},{"taxonomy":"post_tag","embeddable":true,"href":"https:\/\/senoticias.com.br\/se\/wp-json\/wp\/v2\/tags?post=104349"}],"curies":[{"name":"wp","href":"https:\/\/api.w.org\/{rel}","templated":true}]}}