{"id":104324,"date":"2017-06-26T13:02:18","date_gmt":"2017-06-26T16:02:18","guid":{"rendered":"http:\/\/senoticias.com.br\/se\/?p=104324"},"modified":"2017-06-26T13:02:18","modified_gmt":"2017-06-26T16:02:18","slug":"disputa-apertada-marca-a-primeira-semifinal-no-arraia-do-gonzagao","status":"publish","type":"post","link":"https:\/\/senoticias.com.br\/se\/disputa-apertada-marca-a-primeira-semifinal-no-arraia-do-gonzagao\/","title":{"rendered":"Disputa apertada marca a primeira semifinal no Arrai\u00e1 do Gonzag\u00e3o"},"content":{"rendered":"<p style=\"text-align: justify;\">As quadrilhas juninas carregam mais do que a beleza das roupas, a m\u00fasica, os movimentos precisos e a alegria da dan\u00e7a. Na maioria das vezes, h\u00e1 uma tradi\u00e7\u00e3o familiar, que as tornam ainda mais bonitas e unidas neste prop\u00f3sito. Neste domingo, 25, fam\u00edlias lotaram o Arrai\u00e1 do Gonzag\u00e3o, mais uma vez, para acompanhar a primeira etapa semifinal do concurso de quadrilhas que definiu as tr\u00eas primeiras finalistas desta edi\u00e7\u00e3o.<\/p>\n<div id=\"attachment_104325\" style=\"width: 609px\" class=\"wp-caption aligncenter\"><img loading=\"lazy\" decoding=\"async\" aria-describedby=\"caption-attachment-104325\" class=\"size-full wp-image-104325\" src=\"http:\/\/senoticias.com.br\/se\/wp-content\/uploads\/2017\/06\/Gonzagao-Quadrilhas-SENOTICIAS-e1498492764883.jpg\" alt=\"Em mais uma noite de festa, fam\u00edlias comparecem fomentando as tradi\u00e7\u00f5es das juninas\" width=\"599\" height=\"380\" \/><p id=\"caption-attachment-104325\" class=\"wp-caption-text\">Em mais uma noite de festa, fam\u00edlias comparecem fomentando as tradi\u00e7\u00f5es das juninas. (Foto: ascom\/Secult)<\/p><\/div>\n<p style=\"text-align: justify;\">As quadrilhas S\u00e9culo XX, Asa Branca e Meu Sert\u00e3o receberam as maiores notas dos jurados e foram selecionadas para a grande final do concurso que acontece na quarta-feira, 29 de junho. Tamb\u00e9m se apresentou na noite a Quadrilha Assum Preto, e a quadrilha Chamego Bom foi desclassificada por n\u00e3o comparecer ao evento.<\/p>\n<p style=\"text-align: justify;\">Criada no Conjunto Augusto Franco h\u00e1 32 anos, a quadrilha Asa Branca n\u00e3o mediu esfor\u00e7os para fazer bonito em casa. \u201cFizemos algumas altera\u00e7\u00f5es para a apresenta\u00e7\u00e3o desta noite, para trazer surpresas novas, e ficamos muito felizes por ver que nosso trabalho est\u00e1 dando certo e sendo bem aceito pelo p\u00fablico e pelos jurados\u201d, afirmou o marcador Andr\u00e9 Camilo.<\/p>\n<p style=\"text-align: justify;\">Feliz com a classifica\u00e7\u00e3o, a presidente da Meu Sert\u00e3o, Maria Vaneide dos Santos, conta que a for\u00e7a da quadrilha tamb\u00e9m vem das tradi\u00e7\u00f5es passadas por gera\u00e7\u00f5es. \u00a0\u201cNa quadrilha tem irm\u00e3os que dan\u00e7am juntos, pais, filhos, tios, sobrinhos, \u00e9 um grupo bastante familiar. Acho que a cultura s\u00f3 sobrevive quando \u00e9 passada de pai para filho, e nas quadrilhas mais ainda, porque quando o pai ou a m\u00e3e gosta, \u00e9 dif\u00edcil que o filho n\u00e3o v\u00e1 se encantar tamb\u00e9m\u201d, defendeu.<\/p>\n<p style=\"text-align: justify;\">O mesmo comprova a integrante da Assum Preto, Roseane Pereira Melo, sobre o que a motivou a dan\u00e7ar. \u201cMeu interesse em participar de quadrilhas juninas foi despertado atrav\u00e9s de minha m\u00e3e, que dan\u00e7ava quando eu era crian\u00e7a. Comecei a dan\u00e7ar com 14 anos, lembro que na primeira vez estava muito nervosa, mas depois me apaixonei e dan\u00e7o h\u00e1 sete anos\u201d, contou.<\/p>\n<p><strong>P\u00fablico de todas as idades<\/strong><\/p>\n<p style=\"text-align: justify;\">A tradi\u00e7\u00e3o familiar que envolve os concursos n\u00e3o est\u00e1 presente s\u00f3 entre os quadrilheiros. Boa parte do p\u00fablico que acompanha as apresenta\u00e7\u00f5es aprendeu a gostar das quadrilhas desde crian\u00e7a, e ensina aos filhos quando adultos. Acompanhada dos filhos, a psic\u00f3loga Marta Santana, conta que sempre acompanhou os concursos. \u201cO pai de meus filhos dan\u00e7ava quadrilha, ent\u00e3o eles assistem desde pequenos. Acho importante que eles venham no sentido de conhecer quadrilhas, e aprender a gostar da nossa cultura\u201d, afirmou.<\/p>\n<p style=\"text-align: justify;\">O funcion\u00e1rio do Tribunal de Justi\u00e7a, Ediv\u00e2nio Dantas, tamb\u00e9m trouxe a filha de quatro anos para apreciar o evento. \u201cFui criado acompanhando os concursos de quadrilhas aqui do bairro. O Gonzag\u00e3o tem um ambiente muito familiar, pois h\u00e1 anos que venho e nunca teve confus\u00e3o. Acho importante a presen\u00e7a das crian\u00e7as porque a cultura de um estado, de um local, \u00e9 passada de gera\u00e7\u00e3o para gera\u00e7\u00e3o, e se as crian\u00e7as n\u00e3o acompanharem essa cultura, ela vai sendo perdida e esquecida\u201d, opinou.<\/p>\n<p style=\"text-align: justify;\">\u00a0<strong>Pr\u00f3ximas datas<\/strong><\/p>\n<p style=\"text-align: justify;\">No dia 28, ser\u00e1 a vez das quadrilhas Amor Caipira, Retirantes do Sert\u00e3o, Xod\u00f3 da Vila, Unidos em Asa Branca e Pioneiros da Ro\u00e7a, disputarem vagas pela final. O Arrai\u00e1 do Gonzag\u00e3o faz parte do Encontro Nordestino de Cultura, evento promovido pelo Governo do Estado, atrav\u00e9s da Secretaria de Estado da Cultura (Secult), com patroc\u00ednio do Banese Corretora de Seguros, Caixa Econ\u00f4mica Federal e apoio da Unit, Marat\u00e1, Sebrae, Funda\u00e7\u00e3o Aperip\u00ea, Secretaria de Estado do Turismo e Assembleia Legislativa. Participaram do evento a Superintend\u00eancia Municipal de Transporte e Tr\u00e2nsito (SMTT), a Pol\u00edcia Militar, Vigil\u00e2ncia Sanit\u00e1ria Estadual e Municipal, Defesa Civil, Secretaria de Estado da Sa\u00fade, Secretaria Municipal de Meio Ambiente, Secretaria de Inclus\u00e3o Social, Secretaria de Comunica\u00e7\u00e3o, Emsetur, Pacific Eventos e BHS Eventos.<\/p>\n<p style=\"text-align: justify;\"><img loading=\"lazy\" decoding=\"async\" class=\"aligncenter size-full wp-image-104200\" src=\"http:\/\/senoticias.com.br\/se\/wp-content\/uploads\/2017\/06\/Logo-fone-1-2-1-2-4-6.jpg\" alt=\"Logo-fone-1-2-1-2-4-6\" width=\"599\" height=\"78\" srcset=\"https:\/\/senoticias.com.br\/se\/wp-content\/uploads\/2017\/06\/Logo-fone-1-2-1-2-4-6.jpg 599w, https:\/\/senoticias.com.br\/se\/wp-content\/uploads\/2017\/06\/Logo-fone-1-2-1-2-4-6-300x39.jpg 300w\" sizes=\"(max-width: 599px) 100vw, 599px\" \/><\/p>\n<p style=\"text-align: justify;\"><strong>Acompanhe tamb\u00e9m o SE Not\u00edcias no<\/strong><span class=\"apple-converted-space\"><b>\u00a0<\/b><\/span><a href=\"https:\/\/twitter.com\/Senoticias\" target=\"_blank\"><b>Twitter<\/b><\/a><strong>,<\/strong><span class=\"apple-converted-space\"><b>\u00a0<\/b><\/span><a href=\"https:\/\/www.facebook.com\/senoticias1\" target=\"_blank\"><b>Facebook<\/b><span class=\"apple-converted-space\"><b>\u00a0<\/b><\/span><\/a><strong>e no<\/strong><span class=\"apple-converted-space\"><b>\u00a0<\/b><\/span><a href=\"https:\/\/www.instagram.com\/senoticias\/\" target=\"_blank\"><b>Instagram<\/b><\/a><\/p>\n<p style=\"text-align: justify;\"><strong><em>Ascom\/Secult<\/em><\/strong><\/p>\n","protected":false},"excerpt":{"rendered":"<p>As quadrilhas juninas carregam mais do que a beleza das roupas, a m\u00fasica, os movimentos precisos e a alegria da dan\u00e7a. Na maioria das vezes, h\u00e1 uma tradi\u00e7\u00e3o familiar, que as tornam ainda mais bonitas e unidas neste prop\u00f3sito. Neste domingo, 25, fam\u00edlias lotaram o Arrai\u00e1 do Gonzag\u00e3o, mais uma vez, para acompanhar a primeira [&hellip;]<\/p>\n","protected":false},"author":2,"featured_media":104325,"comment_status":"closed","ping_status":"closed","sticky":false,"template":"","format":"standard","meta":{"footnotes":""},"categories":[21],"tags":[4337,4339,4338],"class_list":{"0":"post-104324","1":"post","2":"type-post","3":"status-publish","4":"format-standard","5":"has-post-thumbnail","7":"category-entretenimento","8":"tag-arraia-do-gonzagao","9":"tag-disputa-apertada","10":"tag-semifinal"},"_links":{"self":[{"href":"https:\/\/senoticias.com.br\/se\/wp-json\/wp\/v2\/posts\/104324"}],"collection":[{"href":"https:\/\/senoticias.com.br\/se\/wp-json\/wp\/v2\/posts"}],"about":[{"href":"https:\/\/senoticias.com.br\/se\/wp-json\/wp\/v2\/types\/post"}],"author":[{"embeddable":true,"href":"https:\/\/senoticias.com.br\/se\/wp-json\/wp\/v2\/users\/2"}],"replies":[{"embeddable":true,"href":"https:\/\/senoticias.com.br\/se\/wp-json\/wp\/v2\/comments?post=104324"}],"version-history":[{"count":0,"href":"https:\/\/senoticias.com.br\/se\/wp-json\/wp\/v2\/posts\/104324\/revisions"}],"wp:featuredmedia":[{"embeddable":true,"href":"https:\/\/senoticias.com.br\/se\/wp-json\/wp\/v2\/media\/104325"}],"wp:attachment":[{"href":"https:\/\/senoticias.com.br\/se\/wp-json\/wp\/v2\/media?parent=104324"}],"wp:term":[{"taxonomy":"category","embeddable":true,"href":"https:\/\/senoticias.com.br\/se\/wp-json\/wp\/v2\/categories?post=104324"},{"taxonomy":"post_tag","embeddable":true,"href":"https:\/\/senoticias.com.br\/se\/wp-json\/wp\/v2\/tags?post=104324"}],"curies":[{"name":"wp","href":"https:\/\/api.w.org\/{rel}","templated":true}]}}