{"id":104319,"date":"2017-06-26T10:30:50","date_gmt":"2017-06-26T13:30:50","guid":{"rendered":"http:\/\/senoticias.com.br\/se\/?p=104319"},"modified":"2017-06-26T19:32:56","modified_gmt":"2017-06-26T22:32:56","slug":"agricultura-familiar-da-sabor-aos-festejos-juninos-em-sergipe","status":"publish","type":"post","link":"https:\/\/senoticias.com.br\/se\/agricultura-familiar-da-sabor-aos-festejos-juninos-em-sergipe\/","title":{"rendered":"Agricultura familiar d\u00e1 sabor aos festejos juninos em Sergipe"},"content":{"rendered":"<p style=\"text-align: justify;\">De acordo como o Censo Agropecu\u00e1rio 2006, os agricultores familiares s\u00e3o respons\u00e1veis pelo cultivo de 70% dos alimentos que chegam \u00e0 mesa da popula\u00e7\u00e3o brasileira. O governo do Estado incentiva o pequeno produtor com programas como o de Distribui\u00e7\u00e3o de Sementes, Regulariza\u00e7\u00e3o Fundi\u00e1ria, Feira da Agricultura Familiar, manuten\u00e7\u00e3o dos per\u00edmetros de irriga\u00e7\u00e3o p\u00fablica, entre outros.<\/p>\n<div id=\"attachment_104320\" style=\"width: 609px\" class=\"wp-caption aligncenter\"><img loading=\"lazy\" decoding=\"async\" aria-describedby=\"caption-attachment-104320\" class=\"size-full wp-image-104320\" src=\"http:\/\/senoticias.com.br\/se\/wp-content\/uploads\/2017\/06\/Agricultura-familiar-senoticias-e1498483608355.jpg\" alt=\"De acordo como o Censo Agropecu\u00e1rio 2006, os agricultores familiares s\u00e3o respons\u00e1veis pelo cultivo de 70% dos alimentos que chegam \u00e0 mesa da popula\u00e7\u00e3o brasileira\" width=\"599\" height=\"400\" \/><p id=\"caption-attachment-104320\" class=\"wp-caption-text\">De acordo como o Censo Agropecu\u00e1rio 2006, os agricultores familiares s\u00e3o respons\u00e1veis pelo cultivo de 70% dos alimentos que chegam \u00e0 mesa da popula\u00e7\u00e3o brasileira. (Foto: Pritty Reis)<\/p><\/div>\n<p style=\"text-align: justify;\">Em dois dos principais per\u00edmetros de irriga\u00e7\u00e3o p\u00fablica, localizados em Lagarto e Canind\u00e9, por exemplo, a colheita de milho, neste m\u00eas de junho, deve chegar a 4.137.550 espigas. Nessas \u00e1reas a Companhia de Desenvolvimento de Recursos H\u00eddricos e Irriga\u00e7\u00e3o de Sergipe (Cohidro) garantiu \u00e1gua para a planta\u00e7\u00e3o de 124,7 hectares (ha). Quase todos os 754 lotes assistidos pela empresa nesses locais reservaram uma parcela de terra para plantar milho, garantindo o produto antes mesmo da demanda dos festejos juninos. Essa oferta regulou os pre\u00e7os ao consumidor, que podem variar de R$ 40 \u00e0 R$ 70 o cento, dependendo da quantidade, variedade e regi\u00e3o, em que se compra.<\/p>\n<p style=\"text-align: justify;\">Raimundo Rocha de Ara\u00fajo \u00e9 um dos agricultores irrigantes em Lagarto. Para ele, o milho cultivado serve como uma fonte de renda o ano inteiro, mas no S\u00e3o Jo\u00e3o a procura \u00e9 ainda maior. \u201cVendo \u00e0 R$ 45 o cento, para quem for revender e estou fazendo sete espigas por R$ 5 no varejo\u201d, informou.<\/p>\n<p><strong>Distribui\u00e7\u00e3o de Sementes<\/strong><\/p>\n<p style=\"text-align: justify;\">Em 2016, o governo do Estado beneficiou 20 mil agricultores familiares de 21 munic\u00edpios com a entrega de sementes certificadas distribu\u00eddas pela Secretaria de Estado da Agricultura, Desenvolvimento Agr\u00e1rio e da Pesca (Seagri), com a operacionaliza\u00e7\u00e3o da Empresa de Desenvolvimento Agropecu\u00e1rio de Sergipe (Emdagro).<\/p>\n<p style=\"text-align: justify;\">O investimento de R$ 1.349.000,00 para o Programa de Aquisi\u00e7\u00e3o e Distribui\u00e7\u00e3o de Sementes Certificadas na edi\u00e7\u00e3o 2016 foi de R$ 1.349.000,00, oriundos do Fundo Estadual de Combate \u00e0 Pobreza administrado pela Secretaria de Estado da Mulher, da Inclus\u00e3o e Assist\u00eancia Social, do trabalho, dos Direitos Humanos e Juventude (Seidh). Ao todo, foram distribu\u00eddas 200 mil toneladas de sementes distribu\u00eddas no per\u00edodo. J\u00e1 as 17.450 horas de trator beneficiou 15.937 produtores em 13 munic\u00edpios.<\/p>\n<p style=\"text-align: justify;\">Em Nossa Senhora de Lourdes, um dos munic\u00edpios beneficiados em 2016, a agricultora Flor\u00edzia dos Santos, 57 anos falou da import\u00e2ncia do programa. \u201cEsse milho vai ajudar na nossa produ\u00e7\u00e3o. Temos uma pequena propriedade de sete tarefas e vivemos do que plantamos\u201d, relatou.<\/p>\n<p style=\"text-align: justify;\">Na edi\u00e7\u00e3o 2017, a entrega de sementes selecionadas do Programa Estadual de Distribui\u00e7\u00e3o de Sementes e Mecaniza\u00e7\u00e3o Agr\u00edcola ser\u00e1 de 730 toneladas de sementes (300 de milho, 100 de feij\u00e3o e 330 de arroz) e ser\u00e3o contratadas 14.545 horas de trator, que v\u00e3o atender agricultores no preparo 7.272 hectares, em 25 munic\u00edpios do semi\u00e1rido \u2013 os produtores est\u00e3o inseridos no Fundo Garantia de Safra. \u00a0A entrega de sementes beneficiar\u00e1 20.000 agricultores em todo o estado, um\u00a0investimento de R$ 2.290.000,00. S\u00e3o sementes certificadas com \u00f3tima qualidade e produtividade, alto \u00edndice de pureza e gemina\u00e7\u00e3o. Nas horas de trator, o investimento \u00e9 de R$ 1.600.000,00, para beneficiar 7.272 agricultores. Os recursos totalizam R$ 3.890.000,00.<\/p>\n<p style=\"text-align: justify;\">Em Campo do Brito, a pequena produtora Domingas de Andrade Santos, que recebeu sementes de milho e feij\u00e3o da edi\u00e7\u00e3o 2017, nesta quinta-feira, 22, explicou que o aux\u00edlio do governo \u00e9 fundamental para o cultivo na regi\u00e3o. \u201cN\u00f3s precis\u00e1vamos demais desse aux\u00edlio, pois dependemos completamente dessa atividade para viver. Estamos muito agradecidos e felizes\u201d, disse.<\/p>\n<p><strong>Arroz do Baixo S\u00e3o Francisco<\/strong><\/p>\n<p style=\"text-align: justify;\">O arroz \u00e9 o ingrediente principal para o popular arroz-doce, que n\u00e3o pode faltar na mesa de comidas t\u00edpicas do per\u00edodo junino. O governo do Estado incentiva a rizicultura no Baixo S\u00e3o Francisco. Em 2016, com a distribui\u00e7\u00e3o de sementes de arroz, por meio do Programa Estadual de aquisi\u00e7\u00e3o e distribui\u00e7\u00e3o de sementes certificadas distribuiu 400 toneladas de sementes de arroz.<\/p>\n<p style=\"text-align: justify;\">Apenas em 2016, os investimentos do governo no setor foram de R$ 1.606.231,83, beneficiando centenas de fam\u00edlias. A produtora Maria Carlinda dos Santos, 70, de Ilha das Flores, \u00e9 a prova de que os investimentos do governo fazem a diferen\u00e7a na regi\u00e3o. Ela conta que a entrega de sementes de boa qualidade \u00e9 um dos motivos para que a produ\u00e7\u00e3o no Baixo S\u00e3o Francisco obtivesse destaque.<\/p>\n<p style=\"text-align: justify;\"><strong>Entrega de T\u00edtulos de Regulariza\u00e7\u00e3o Fundi\u00e1ria<\/strong><\/p>\n<p style=\"text-align: justify;\">Com o processo de regulariza\u00e7\u00e3o fundi\u00e1ria das terras estaduais ocupadas de forma mansa e pac\u00edfica, por agricultores familiares, a gest\u00e3o estadual, atrav\u00e9s da Emdagro, nos \u00faltimos anos, demarcou 67.774 im\u00f3veis rurais em 31 munic\u00edpios sergipanos e entregou 18.001 t\u00edtulos de propriedade em 18 munic\u00edpios. De 2004 at\u00e9 hoje, foram investidos na Regulariza\u00e7\u00e3o Fundi\u00e1ria em Sergipe mais de 10 milh\u00f5es de reais em conv\u00eanios entre MDA\/Incra\/ Seagri\/Emdagro.<\/p>\n<p style=\"text-align: justify;\">O programa \u00e9 voltado \u00e0 agricultura familiar, produtores com at\u00e9 50 hectares de terra. Alcan\u00e7a fam\u00edlias que residem na terra por gera\u00e7\u00f5es ou terceiros que compraram dessas fam\u00edlias, mas n\u00e3o possuem documenta\u00e7\u00e3o al\u00e9m de recibo. O programa identifica as fam\u00edlias que moram na localidade, legaliza a situa\u00e7\u00e3o, evitando que haja gasto por parte dos posseiros. Com isso, eles podem ter acesso ao documento de aptid\u00e3o para a agricultura familiar.<\/p>\n<p style=\"text-align: justify;\">O agricultor Edgar Mendon\u00e7a, 31, do munic\u00edpio de Aquidab\u00e3, por exemplo, foi um dos beneficiados neste ano. At\u00e9 a regulariza\u00e7\u00e3o, ele era considerado um posseiro. Ao pegar o t\u00edtulo de sua terra, o agricultor disse que se sente mais seguro, pois tem garantia jur\u00eddica familiar do im\u00f3vel que ocupa, al\u00e9m de poder fazer novos investimentos, com o acesso ao Cr\u00e9dito Rural e \u00e0 Assist\u00eancia T\u00e9cnica.<\/p>\n<p style=\"text-align: justify;\"><img loading=\"lazy\" decoding=\"async\" class=\"aligncenter size-full wp-image-104200\" src=\"http:\/\/senoticias.com.br\/se\/wp-content\/uploads\/2017\/06\/Logo-fone-1-2-1-2-4-6.jpg\" alt=\"Logo-fone-1-2-1-2-4-6\" width=\"599\" height=\"78\" srcset=\"https:\/\/senoticias.com.br\/se\/wp-content\/uploads\/2017\/06\/Logo-fone-1-2-1-2-4-6.jpg 599w, https:\/\/senoticias.com.br\/se\/wp-content\/uploads\/2017\/06\/Logo-fone-1-2-1-2-4-6-300x39.jpg 300w\" sizes=\"(max-width: 599px) 100vw, 599px\" \/><\/p>\n<p style=\"text-align: justify;\"><strong>Acompanhe tamb\u00e9m o SE Not\u00edcias no<\/strong><span class=\"apple-converted-space\"><b>\u00a0<\/b><\/span><a href=\"https:\/\/twitter.com\/Senoticias\" target=\"_blank\"><b>Twitter<\/b><\/a><strong>,<\/strong><span class=\"apple-converted-space\"><b>\u00a0<\/b><\/span><a href=\"https:\/\/www.facebook.com\/senoticias1\" target=\"_blank\"><b>Facebook<\/b><span class=\"apple-converted-space\"><b>\u00a0<\/b><\/span><\/a><strong>e no<\/strong><span class=\"apple-converted-space\"><b>\u00a0<\/b><\/span><a href=\"https:\/\/www.instagram.com\/senoticias\/\" target=\"_blank\"><b>Instagram<\/b><\/a><\/p>\n<p style=\"text-align: justify;\"><em>Ag\u00eancia Sergipe de Not\u00edcias<\/em><\/p>\n","protected":false},"excerpt":{"rendered":"<p>De acordo como o Censo Agropecu\u00e1rio 2006, os agricultores familiares s\u00e3o respons\u00e1veis pelo cultivo de 70% dos alimentos que chegam \u00e0 mesa da popula\u00e7\u00e3o brasileira. O governo do Estado incentiva o pequeno produtor com programas como o de Distribui\u00e7\u00e3o de Sementes, Regulariza\u00e7\u00e3o Fundi\u00e1ria, Feira da Agricultura Familiar, manuten\u00e7\u00e3o dos per\u00edmetros de irriga\u00e7\u00e3o p\u00fablica, entre outros. [&hellip;]<\/p>\n","protected":false},"author":2,"featured_media":104320,"comment_status":"closed","ping_status":"closed","sticky":false,"template":"","format":"standard","meta":{"footnotes":""},"categories":[38],"tags":[3683,4333],"class_list":{"0":"post-104319","1":"post","2":"type-post","3":"status-publish","4":"format-standard","5":"has-post-thumbnail","7":"category-municipios","8":"tag-agricultura-familiar","9":"tag-festejos-juninos-em-sergipe"},"_links":{"self":[{"href":"https:\/\/senoticias.com.br\/se\/wp-json\/wp\/v2\/posts\/104319"}],"collection":[{"href":"https:\/\/senoticias.com.br\/se\/wp-json\/wp\/v2\/posts"}],"about":[{"href":"https:\/\/senoticias.com.br\/se\/wp-json\/wp\/v2\/types\/post"}],"author":[{"embeddable":true,"href":"https:\/\/senoticias.com.br\/se\/wp-json\/wp\/v2\/users\/2"}],"replies":[{"embeddable":true,"href":"https:\/\/senoticias.com.br\/se\/wp-json\/wp\/v2\/comments?post=104319"}],"version-history":[{"count":0,"href":"https:\/\/senoticias.com.br\/se\/wp-json\/wp\/v2\/posts\/104319\/revisions"}],"wp:featuredmedia":[{"embeddable":true,"href":"https:\/\/senoticias.com.br\/se\/wp-json\/wp\/v2\/media\/104320"}],"wp:attachment":[{"href":"https:\/\/senoticias.com.br\/se\/wp-json\/wp\/v2\/media?parent=104319"}],"wp:term":[{"taxonomy":"category","embeddable":true,"href":"https:\/\/senoticias.com.br\/se\/wp-json\/wp\/v2\/categories?post=104319"},{"taxonomy":"post_tag","embeddable":true,"href":"https:\/\/senoticias.com.br\/se\/wp-json\/wp\/v2\/tags?post=104319"}],"curies":[{"name":"wp","href":"https:\/\/api.w.org\/{rel}","templated":true}]}}