{"id":104299,"date":"2017-06-24T21:21:27","date_gmt":"2017-06-25T00:21:27","guid":{"rendered":"http:\/\/senoticias.com.br\/se\/?p=104299"},"modified":"2017-06-26T06:57:23","modified_gmt":"2017-06-26T09:57:23","slug":"fabio-assuncao-e-liberado-apos-pagar-fianca-de-dez-salarios-minimos","status":"publish","type":"post","link":"https:\/\/senoticias.com.br\/se\/fabio-assuncao-e-liberado-apos-pagar-fianca-de-dez-salarios-minimos\/","title":{"rendered":"Fabio Assun\u00e7\u00e3o \u00e9 liberado ap\u00f3s pagar fian\u00e7a de dez sal\u00e1rios m\u00ednimos"},"content":{"rendered":"<p><em>por\u00a0<strong class=\"responsible\">Priscilla Aguiar, do Portal Folha Pernambuco<\/strong><\/em><\/p>\n<p style=\"text-align: justify;\">O ator F\u00e1bio Assun\u00e7\u00e3o foi liberado em audi\u00eancia de cust\u00f3dia realizada no F\u00f3rum de Arcoverde, em Pernambuco, ap\u00f3s pagar uma fian\u00e7a de dez sal\u00e1rios m\u00ednimos &#8211; equivalente a R$ 9.370 &#8211; arbitrada pelo juiz Thiago Pacheco. O plantonista analisou o flagrante feito na Delegacia de Pol\u00edcia da 156\u00aa Circunscri\u00e7\u00e3o de Arcoverde e decidiu que, ap\u00f3s pagar o valor, Assun\u00e7\u00e3o poderia responder em liberdade pelos crimes de dano qualificado ao patrim\u00f4nio p\u00fablico, desacato a autoridade, desobedi\u00eancia e resist\u00eancia \u00e0 pris\u00e3o.<\/p>\n<div id=\"attachment_104300\" style=\"width: 485px\" class=\"wp-caption aligncenter\"><img loading=\"lazy\" decoding=\"async\" aria-describedby=\"caption-attachment-104300\" class=\"size-full wp-image-104300\" src=\"http:\/\/senoticias.com.br\/se\/wp-content\/uploads\/2017\/06\/FABIO-ASSUNCAO-PRESO-SENOTICIAS.jpg\" alt=\" responder\u00e1 em liberdade por dano qualificado ao patrim\u00f4nio p\u00fablico, desacato a autoridade, desobedi\u00eancia e resist\u00eancia \u00e0 pris\u00e3o\" width=\"475\" height=\"365\" srcset=\"https:\/\/senoticias.com.br\/se\/wp-content\/uploads\/2017\/06\/FABIO-ASSUNCAO-PRESO-SENOTICIAS.jpg 475w, https:\/\/senoticias.com.br\/se\/wp-content\/uploads\/2017\/06\/FABIO-ASSUNCAO-PRESO-SENOTICIAS-300x231.jpg 300w, https:\/\/senoticias.com.br\/se\/wp-content\/uploads\/2017\/06\/FABIO-ASSUNCAO-PRESO-SENOTICIAS-45x35.jpg 45w\" sizes=\"(max-width: 475px) 100vw, 475px\" \/><p id=\"caption-attachment-104300\" class=\"wp-caption-text\">responder\u00e1 em liberdade por dano qualificado ao patrim\u00f4nio p\u00fablico, desacato a autoridade, desobedi\u00eancia e resist\u00eancia \u00e0 pris\u00e3o. (Foto: Bruno Poletti\/Folhapress)<\/p><\/div>\n<p style=\"text-align: justify;\">O gal\u00e3 global deixou o local por uma \u00e1rea restrita para evitar a imprensa. Ao chegar com o valor da fian\u00e7a e dar de cara com as equipes que acompanhavam o caso, a namorada dele, a atriz pernambucana Pally Siqueira, ironizou, perguntando se gostariam de saber sobre a maquiagem dela ou sobre um show maravilhoso que o casal assistiu na noite anterior.<\/p>\n<p style=\"text-align: justify;\">F\u00e1bio Assun\u00e7\u00e3o chegou por volta das 16h na audi\u00eancia para audi\u00eancia de cust\u00f3dia, acompanhado da namorada, do advogado e de policiais militares ap\u00f3s ser <a href=\"http:\/\/senoticias.com.br\/se\/ator-fabio-assuncao-e-detido-no-sao-joao-de-arcoverde-em-pernambuco-veja-video\/\"><strong>autuado em flagrante neste s\u00e1bado (24) em procedimento legal conduzido pela delegada Cristina Gomes<\/strong><\/a>.<\/p>\n<p style=\"text-align: justify;\">O Portal FolhaPE tentou contato com a assessoria de imprensa do ator, mas n\u00e3o obteve resposta. Por telefone, a reportagem conversou rapidamente com familiares de Pally Siqueira, mas eles n\u00e3o quiseram comentar o assunto. Em contato breve, afirmaram apenas que estava tudo bem e que ningu\u00e9m matou ou roubou, ent\u00e3o tudo seria resolvido.<\/p>\n<p><strong>&#8220;Tribunal da internet&#8221;<\/strong><\/p>\n<p style=\"text-align: justify;\">Com celulares, populares registraram a pris\u00e3o do ator. A informa\u00e7\u00e3o de alastrou rapidamente e os v\u00eddeos de F\u00e1bio Assun\u00e7\u00e3o ap\u00f3s a festa de S\u00e3o Jo\u00e3o de Arcoverde viralizaram nas redes sociais e motivaram um debate sobre o uso de \u00e1lcool e outras drogas, j\u00e1 que \u00e9 do conhecimento p\u00fablico a luta do ator contra a depend\u00eancia qu\u00edmica. Muitos internautas defenderam F\u00e1bio e questionaram o &#8220;tribunal da internet&#8221;.<\/p>\n<p style=\"text-align: justify;\">Alterado, o ator chegou a quebrar o vidro de uma viatura da Pol\u00edcia Militar. Um dos v\u00eddeos mostra quando ele pede que chamem o sargento respons\u00e1vel por sua pris\u00e3o. &#8220;Eu vou ser preso o caralho. Desacato \u00e9 ele quem fez agora. Pede um aut\u00f3grafo pra ele e me libera. Ele me algemou. Eu n\u00e3o sou criminoso. Pede um aut\u00f3grafo pra ele. Tu \u00e9 a esc\u00f3ria da pol\u00edcia&#8221;, dizia, na mala da viatura policial.<\/p>\n<p style=\"text-align: justify;\">Imagens feitas ainda durante a noite mostram o global discutindo com populares. Ele chega a cair no ch\u00e3o e briga com um homem, mesmo sob o apelo das pessoas que estavam com ele para que entrasse no carro.<\/p>\n<p style=\"text-align: justify;\">Por meio de nota, a Pol\u00edcia Militar de Pernambuco (PMPE) informou que recebeu uma den\u00fancia de que o ator teria se envolvido em uma confus\u00e3o no P\u00e1tio de Eventos da cidade. Segundo a PM, ele foi levado para o Hospital Memorial Arcoverde, onde teria ficado agressivo com as pessoas.<\/p>\n<p style=\"text-align: justify;\">Ao ser colocado na viatura policial, F\u00e1bio teria ficado agressivo, sendo necess\u00e1rio o uso de algemas. Ainda de acordo com os militares, ele continuou violento e quebrou o vidro traseiro da viatura policial. Testemunhas informaram que o ator estava sob efeito de \u00e1lcool.<\/p>\n<p style=\"text-align: justify;\"><img loading=\"lazy\" decoding=\"async\" class=\"aligncenter size-full wp-image-104200\" src=\"http:\/\/senoticias.com.br\/se\/wp-content\/uploads\/2017\/06\/Logo-fone-1-2-1-2-4-6.jpg\" alt=\"Logo-fone-1-2-1-2-4-6\" width=\"599\" height=\"78\" srcset=\"https:\/\/senoticias.com.br\/se\/wp-content\/uploads\/2017\/06\/Logo-fone-1-2-1-2-4-6.jpg 599w, https:\/\/senoticias.com.br\/se\/wp-content\/uploads\/2017\/06\/Logo-fone-1-2-1-2-4-6-300x39.jpg 300w\" sizes=\"(max-width: 599px) 100vw, 599px\" \/><\/p>\n<p style=\"text-align: justify;\"><strong>Acompanhe tamb\u00e9m o SE Not\u00edcias no<\/strong><span class=\"apple-converted-space\"><b>\u00a0<\/b><\/span><a href=\"https:\/\/twitter.com\/Senoticias\" target=\"_blank\"><b>Twitter<\/b><\/a><strong>,<\/strong><span class=\"apple-converted-space\"><b>\u00a0<\/b><\/span><a href=\"https:\/\/www.facebook.com\/senoticias1\" target=\"_blank\"><b>Facebook<\/b><span class=\"apple-converted-space\"><b>\u00a0<\/b><\/span><\/a><strong>e no<\/strong><span class=\"apple-converted-space\"><b>\u00a0<\/b><\/span><a href=\"https:\/\/www.instagram.com\/senoticias\/\" target=\"_blank\"><b>Instagram<\/b><\/a><\/p>\n<p style=\"text-align: justify;\">\n","protected":false},"excerpt":{"rendered":"<p>por\u00a0Priscilla Aguiar, do Portal Folha Pernambuco O ator F\u00e1bio Assun\u00e7\u00e3o foi liberado em audi\u00eancia de cust\u00f3dia realizada no F\u00f3rum de Arcoverde, em Pernambuco, ap\u00f3s pagar uma fian\u00e7a de dez sal\u00e1rios m\u00ednimos &#8211; equivalente a R$ 9.370 &#8211; arbitrada pelo juiz Thiago Pacheco. O plantonista analisou o flagrante feito na Delegacia de Pol\u00edcia da 156\u00aa Circunscri\u00e7\u00e3o [&hellip;]<\/p>\n","protected":false},"author":2,"featured_media":104300,"comment_status":"closed","ping_status":"closed","sticky":false,"template":"","format":"standard","meta":{"footnotes":""},"categories":[2961,7],"tags":[4305,4313,4314],"class_list":{"0":"post-104299","1":"post","2":"type-post","3":"status-publish","4":"format-standard","5":"has-post-thumbnail","7":"category-nacional","8":"category-policia","9":"tag-fabio-assuncao","10":"tag-liberado","11":"tag-pagar-fianca"},"_links":{"self":[{"href":"https:\/\/senoticias.com.br\/se\/wp-json\/wp\/v2\/posts\/104299"}],"collection":[{"href":"https:\/\/senoticias.com.br\/se\/wp-json\/wp\/v2\/posts"}],"about":[{"href":"https:\/\/senoticias.com.br\/se\/wp-json\/wp\/v2\/types\/post"}],"author":[{"embeddable":true,"href":"https:\/\/senoticias.com.br\/se\/wp-json\/wp\/v2\/users\/2"}],"replies":[{"embeddable":true,"href":"https:\/\/senoticias.com.br\/se\/wp-json\/wp\/v2\/comments?post=104299"}],"version-history":[{"count":0,"href":"https:\/\/senoticias.com.br\/se\/wp-json\/wp\/v2\/posts\/104299\/revisions"}],"wp:featuredmedia":[{"embeddable":true,"href":"https:\/\/senoticias.com.br\/se\/wp-json\/wp\/v2\/media\/104300"}],"wp:attachment":[{"href":"https:\/\/senoticias.com.br\/se\/wp-json\/wp\/v2\/media?parent=104299"}],"wp:term":[{"taxonomy":"category","embeddable":true,"href":"https:\/\/senoticias.com.br\/se\/wp-json\/wp\/v2\/categories?post=104299"},{"taxonomy":"post_tag","embeddable":true,"href":"https:\/\/senoticias.com.br\/se\/wp-json\/wp\/v2\/tags?post=104299"}],"curies":[{"name":"wp","href":"https:\/\/api.w.org\/{rel}","templated":true}]}}