{"id":104271,"date":"2017-06-23T15:56:01","date_gmt":"2017-06-23T18:56:01","guid":{"rendered":"http:\/\/senoticias.com.br\/se\/?p=104271"},"modified":"2017-06-23T15:56:01","modified_gmt":"2017-06-23T18:56:01","slug":"arraia-do-povo-abre-os-festejos-juninos-do-estado","status":"publish","type":"post","link":"https:\/\/senoticias.com.br\/se\/arraia-do-povo-abre-os-festejos-juninos-do-estado\/","title":{"rendered":"Arrai\u00e1 do Povo abre os festejos juninos do Estado"},"content":{"rendered":"<p style=\"text-align: justify;\">A d\u00e9cima edi\u00e7\u00e3o do Arrai\u00e1 do Povo abriu seus festejos com muita m\u00fasica, alegria e forr\u00f3. Mesmo abaixo de chuva, o p\u00fablico compareceu \u00e0 Orla de Atalaia nesta quinta-feira, 22, para acompanhar um dos mais tradicionais e importantes festejos juninos do pa\u00eds.<\/p>\n<p style=\"text-align: justify;\">No primeiro dia de festa, o governador Jackson Barreto visitou o Arrai\u00e1, acompanhado de v\u00e1rios secret\u00e1rios de Estado. \u201cNo S\u00e3o Jo\u00e3o nordestino,o que n\u00e3o pode faltar \u00e9 forr\u00f3, afinal, Sergipe \u00e9 o pa\u00eds do forr\u00f3. Ent\u00e3o, \u00e9 uma satisfa\u00e7\u00e3o abrir o Arrai\u00e1 do Povo, e tenho total certeza que este vai ser um dos festejos mais lindos da hist\u00f3ria da Orla. Este \u00e9 um evento que gera turismo, gera emprego, renda, anima nossa cidade e oportuniza ao povo ter acesso as nossas tradi\u00e7\u00f5es culturais\u201d, afirmou o governador.<\/p>\n<div id=\"attachment_104272\" style=\"width: 609px\" class=\"wp-caption aligncenter\"><img loading=\"lazy\" decoding=\"async\" aria-describedby=\"caption-attachment-104272\" class=\"size-full wp-image-104272\" src=\"http:\/\/senoticias.com.br\/se\/wp-content\/uploads\/2017\/06\/falamansa-SENOTICIAS-e1498244110403.jpg\" alt=\"Foto: ASN\" width=\"599\" height=\"399\" \/><p id=\"caption-attachment-104272\" class=\"wp-caption-text\">Foto: ASN<\/p><\/div>\n<p style=\"text-align: justify;\">Com seu emocionante concerto junino, a Orquestra Sinf\u00f4nica de Sergipe (Orsse) abriu a programa\u00e7\u00e3o do Palco Clemilda, seguida da Quadrilha Junina Retirantes do Sert\u00e3o, depois houve a apresenta\u00e7\u00e3o de Correia dos Oito Baixos, Jurandi da Feira e Falamansa. J\u00e1 no Coreto Ismar Barreto, o p\u00fablico assistiu a apresenta\u00e7\u00e3o do grupo Peneirou Xer\u00e9m, Gilson do Acordeon e Odir Cairus.<\/p>\n<p style=\"text-align: justify;\">\u201cContamos os dias para vir para a Aracaju, que \u00e9 um lugar que j\u00e1 faz parte da nossa hist\u00f3ria nesses 19 anos de carreira. \u00c2ncoraSempre encontramos aqui o carinho de um p\u00fablico que gosta da banda e que acompanha o nosso trabalho. Esse Arrai\u00e1 \u00e9 lindo e faz jus ao seu nome porque \u00e9 uma festa feita para o povo, e o clima de proximidade \u00e9 o melhor term\u00f4metro para saber o quanto estamos no caminho certo\u201d, declarou o vocalista da banda Falamansa, Tato.<\/p>\n<p style=\"text-align: justify;\">Com 52 anos de carreia, o sanfoneiro sergipano Correia dos Oito Baixos conta que participou de todas as dez edi\u00e7\u00f5es do Arrai\u00e1 do Povo. \u201cEstou muito feliz de participar mais uma vez de um evento t\u00e3o grandioso quanto este. \u00c9 um evento que abre espa\u00e7o para a cultura dos sergipanos. Por isso, n\u00e3o podemos deixar essa festa morrer, deixar este espa\u00e7o acabar jamais\u201d, defendeu.<\/p>\n<p style=\"text-align: justify;\">Esse ano, a festa segue at\u00e9 o dia 30 de junho, reunindo mais de 50 atra\u00e7\u00f5es entre artistas e bandas sergipanas, nordestinas e de destaque nacional, quadrilhas e grupos folcl\u00f3ricos, selecionadas via edital. Mais uma vez, o espa\u00e7o conta com toda infraestrutura para os visitantes, formando uma verdadeira vila do interior, com igreja, bodega, estandes de comidas t\u00edpicas, artesanato, al\u00e9m de espa\u00e7o kids, tablado e palco.<\/p>\n<p style=\"text-align: justify;\">Para o secret\u00e1rio de Estado da Cultura, Jo\u00e3o Augusto Gama, o objetivo principal do Arrai\u00e1 do Povo \u00e9 ser um evento democr\u00e1tico, tanto para os artistas que participam por meio do edital, como para o p\u00fablico, j\u00e1 que abriga atra\u00e7\u00f5es diversificadas. \u201cVemos um apre\u00e7o muito grande da popula\u00e7\u00e3o pelo Arrai\u00e1 do Povo, que soma dez anos de tradi\u00e7\u00f5es aqui na orla. Uma festa bonita que envolve as fam\u00edlias, com tranquilidade, seguran\u00e7a, e atra\u00e7\u00f5es que exaltam nossa cultura popular\u201d, refor\u00e7ou.<\/p>\n<p style=\"text-align: justify;\">A alegria e diversidade do p\u00fablico comprovou o sucesso do evento mais uma vez. A professora baiana Guilmar Almeida elogiou o evento. \u201cSou de Salvador e este \u00e9 o segundo ano que venho para os festejos do Arrai\u00e1 do Povo. Acho tudo lindo, mas a minha atra\u00e7\u00e3o preferida s\u00e3o as quadrilhas juninas. As dan\u00e7as, o folclore, as comidas t\u00edpicas, \u00e9 tudo maravilhoso\u201d, ressaltou.<\/p>\n<p style=\"text-align: justify;\">J\u00e1 a advogada, Augusta Leal disse ter gostado muito das novidades da programa\u00e7\u00e3o. \u201cSempre acompanho o Arrai\u00e1, que \u00e9 uma festa maravilhosa. Este ano gostei muito de ver a Orquestra Sinf\u00f4nica que apresentou um repert\u00f3rio todo junino instrumental\u201d, completou.<\/p>\n<p style=\"text-align: justify;\">O Arrai\u00e1 do Povo faz parte do Encontro Nordestino de Cultura, evento promovido pelo Governo do Estado, por meio da Secretaria de Estado da Cultura (Secult), com patroc\u00ednio do Banese, Caixa Econ\u00f4mica Federal e apoio da Unit, Marat\u00e1, Sebrae e Funda\u00e7\u00e3o Aperip\u00ea. Participaram do evento a Superintend\u00eancia Municipal de Transporte e Tr\u00e2nsito (SMTT), A Pol\u00edcia Militar, Vigil\u00e2ncia Sanit\u00e1ria Estadual e Municipal, Defesa Civil, Secretaria de Estado da Sa\u00fade, Secretaria Municipal de Meio Ambiente, Secretaria de Inclus\u00e3o Social, Secretaria de Comunica\u00e7\u00e3o, Emsetur, Pacific Eventos e BHS Eventos.<\/p>\n<p style=\"text-align: justify;\">Confira a programa\u00e7\u00e3o completa <a href=\"http:\/\/cultura.se.gov.br\/index.php\/2017\/06\/23\/governo-de-sergipe-abre-os-festejos-do-arraia-do-povo\/\">aqui.<\/a><\/p>\n<p style=\"text-align: justify;\">\n<p style=\"text-align: justify;\"><img loading=\"lazy\" decoding=\"async\" class=\"aligncenter size-full wp-image-104200\" src=\"http:\/\/senoticias.com.br\/se\/wp-content\/uploads\/2017\/06\/Logo-fone-1-2-1-2-4-6.jpg\" alt=\"Logo-fone-1-2-1-2-4-6\" width=\"599\" height=\"78\" srcset=\"https:\/\/senoticias.com.br\/se\/wp-content\/uploads\/2017\/06\/Logo-fone-1-2-1-2-4-6.jpg 599w, https:\/\/senoticias.com.br\/se\/wp-content\/uploads\/2017\/06\/Logo-fone-1-2-1-2-4-6-300x39.jpg 300w\" sizes=\"(max-width: 599px) 100vw, 599px\" \/><\/p>\n<p><em><strong>Acompanhe tamb\u00e9m o SE Not\u00edcias no<\/strong><span class=\"apple-converted-space\"><b>\u00a0<\/b><\/span><a href=\"https:\/\/twitter.com\/Senoticias\" target=\"_blank\"><b>Twitter<\/b><\/a><strong>,<\/strong><span class=\"apple-converted-space\"><b>\u00a0<\/b><\/span><a href=\"https:\/\/www.facebook.com\/senoticias1\" target=\"_blank\"><b>Facebook<\/b><span class=\"apple-converted-space\"><b>\u00a0<\/b><\/span><\/a><strong>e no<\/strong><span class=\"apple-converted-space\"><b>\u00a0<\/b><\/span><a href=\"https:\/\/www.instagram.com\/senoticias\/\" target=\"_blank\"><b>Instagram<\/b><\/a><\/em><\/p>\n<p>Por\u00a0ANS<\/p>\n","protected":false},"excerpt":{"rendered":"<p>A d\u00e9cima edi\u00e7\u00e3o do Arrai\u00e1 do Povo abriu seus festejos com muita m\u00fasica, alegria e forr\u00f3. Mesmo abaixo de chuva, o p\u00fablico compareceu \u00e0 Orla de Atalaia nesta quinta-feira, 22, para acompanhar um dos mais tradicionais e importantes festejos juninos do pa\u00eds. No primeiro dia de festa, o governador Jackson Barreto visitou o Arrai\u00e1, acompanhado [&hellip;]<\/p>\n","protected":false},"author":2,"featured_media":0,"comment_status":"closed","ping_status":"closed","sticky":false,"template":"","format":"standard","meta":{"footnotes":""},"categories":[21],"tags":[4291,2853,4292,3404],"class_list":{"0":"post-104271","1":"post","2":"type-post","3":"status-publish","4":"format-standard","6":"category-entretenimento","7":"tag-arraiadopovo","8":"tag-forro","9":"tag-orladaatalaia","10":"tag-saojoao"},"_links":{"self":[{"href":"https:\/\/senoticias.com.br\/se\/wp-json\/wp\/v2\/posts\/104271"}],"collection":[{"href":"https:\/\/senoticias.com.br\/se\/wp-json\/wp\/v2\/posts"}],"about":[{"href":"https:\/\/senoticias.com.br\/se\/wp-json\/wp\/v2\/types\/post"}],"author":[{"embeddable":true,"href":"https:\/\/senoticias.com.br\/se\/wp-json\/wp\/v2\/users\/2"}],"replies":[{"embeddable":true,"href":"https:\/\/senoticias.com.br\/se\/wp-json\/wp\/v2\/comments?post=104271"}],"version-history":[{"count":0,"href":"https:\/\/senoticias.com.br\/se\/wp-json\/wp\/v2\/posts\/104271\/revisions"}],"wp:attachment":[{"href":"https:\/\/senoticias.com.br\/se\/wp-json\/wp\/v2\/media?parent=104271"}],"wp:term":[{"taxonomy":"category","embeddable":true,"href":"https:\/\/senoticias.com.br\/se\/wp-json\/wp\/v2\/categories?post=104271"},{"taxonomy":"post_tag","embeddable":true,"href":"https:\/\/senoticias.com.br\/se\/wp-json\/wp\/v2\/tags?post=104271"}],"curies":[{"name":"wp","href":"https:\/\/api.w.org\/{rel}","templated":true}]}}