{"id":104252,"date":"2017-06-22T17:18:58","date_gmt":"2017-06-22T20:18:58","guid":{"rendered":"http:\/\/senoticias.com.br\/se\/?p=104252"},"modified":"2017-06-22T17:18:58","modified_gmt":"2017-06-22T20:18:58","slug":"professores-da-rede-publica-ganham-em-media-r-33-mil","status":"publish","type":"post","link":"https:\/\/senoticias.com.br\/se\/professores-da-rede-publica-ganham-em-media-r-33-mil\/","title":{"rendered":"Professores da rede p\u00fablica ganham, em m\u00e9dia, R$ 3,3 mil"},"content":{"rendered":"<p style=\"text-align: justify;\">Os professores da educa\u00e7\u00e3o b\u00e1sica da rede p\u00fablica (federal, estadual e municipal) ganhavam, em m\u00e9dia, um sal\u00e1rio de R$ 3,3 mil em 2014. O menor sal\u00e1rio \u00e9 dos professores da rede municipal, que ganhavam R$ 3,11 mil para uma jornada de 40 horas semanais.<\/p>\n<p style=\"text-align: justify;\">Os dados s\u00e3o de um estudo in\u00e9dito do Instituto Nacional de Estudos e Pesquisas Educacionais An\u00edsio Teixeira (Inep). Segundo o levantamento, a maior remunera\u00e7\u00e3o m\u00e9dia \u00e9 dos professores da rede federal de ensino que atuam, prioritariamente, no ensino m\u00e9dio, com R$ 7,76 mil. Os professores da rede estadual ganham em m\u00e9dia R$ 3,47 mil. Na rede privada, a m\u00e9dia de sal\u00e1rios \u00e9 de R$ 2,59 mil.<\/p>\n<div id=\"attachment_104253\" style=\"width: 609px\" class=\"wp-caption aligncenter\"><img loading=\"lazy\" decoding=\"async\" aria-describedby=\"caption-attachment-104253\" class=\"size-full wp-image-104253\" src=\"http:\/\/senoticias.com.br\/se\/wp-content\/uploads\/2017\/06\/professores-SENOTICIAS-e1498162631946.jpg\" alt=\"Foto: SEED\" width=\"599\" height=\"399\" \/><p id=\"caption-attachment-104253\" class=\"wp-caption-text\">Foto: SEED<\/p><\/div>\n<p style=\"text-align: justify;\">O levantamento apontou a exist\u00eancia de 2 milh\u00f5es de professores em todo o pa\u00eds. Os dados de remunera\u00e7\u00e3o de docentes foram obtidos pela combina\u00e7\u00e3o de dados do Censo Escolar e da Rela\u00e7\u00e3o Anual de Informa\u00e7\u00f5es Sociais (Rais), do Minist\u00e9rio do Trabalho e Previd\u00eancia Social. A metodologia considerou a m\u00e9dia das remunera\u00e7\u00f5es mensais informadas na Rais compostas por sal\u00e1rios, adicionais, bonifica\u00e7\u00f5es e gratifica\u00e7\u00f5es, sem incluir o 13\u00ba sal\u00e1rio.<\/p>\n<p style=\"text-align: justify;\">Segundo o Inep, o estudo servir\u00e1 de base para um debate nacional com as redes de ensino sobre a remunera\u00e7\u00e3o m\u00e9dia dos professores em exerc\u00edcio na educa\u00e7\u00e3o b\u00e1sica. As informa\u00e7\u00f5es poder\u00e3o contribuir, por exemplo, para a formula\u00e7\u00e3o do Custo Aluno-Qualidade Inicial (Caqi) e para discuss\u00f5es sobre a carreira dos professores.<\/p>\n<p style=\"text-align: justify;\"><img loading=\"lazy\" decoding=\"async\" class=\"aligncenter size-full wp-image-104200\" src=\"http:\/\/senoticias.com.br\/se\/wp-content\/uploads\/2017\/06\/Logo-fone-1-2-1-2-4-6.jpg\" alt=\"Logo-fone-1-2-1-2-4-6\" width=\"599\" height=\"78\" srcset=\"https:\/\/senoticias.com.br\/se\/wp-content\/uploads\/2017\/06\/Logo-fone-1-2-1-2-4-6.jpg 599w, https:\/\/senoticias.com.br\/se\/wp-content\/uploads\/2017\/06\/Logo-fone-1-2-1-2-4-6-300x39.jpg 300w\" sizes=\"(max-width: 599px) 100vw, 599px\" \/><\/p>\n<p style=\"text-align: justify;\">\n<p><em><strong>Acompanhe tamb\u00e9m o SE Not\u00edcias no<\/strong><span class=\"apple-converted-space\"><b>\u00a0<\/b><\/span><a href=\"https:\/\/twitter.com\/Senoticias\" target=\"_blank\"><b>Twitter<\/b><\/a><strong>,<\/strong><span class=\"apple-converted-space\"><b>\u00a0<\/b><\/span><a href=\"https:\/\/www.facebook.com\/senoticias1\" target=\"_blank\"><b>Facebook<\/b><span class=\"apple-converted-space\"><b>\u00a0<\/b><\/span><\/a><strong>e no<\/strong><span class=\"apple-converted-space\"><b>\u00a0<\/b><\/span><a href=\"https:\/\/www.instagram.com\/senoticias\/\" target=\"_blank\"><b>Instagram<\/b><\/a><\/em><\/p>\n<p>Por Ag\u00eancia Brasil<\/p>\n","protected":false},"excerpt":{"rendered":"<p>Os professores da educa\u00e7\u00e3o b\u00e1sica da rede p\u00fablica (federal, estadual e municipal) ganhavam, em m\u00e9dia, um sal\u00e1rio de R$ 3,3 mil em 2014. O menor sal\u00e1rio \u00e9 dos professores da rede municipal, que ganhavam R$ 3,11 mil para uma jornada de 40 horas semanais. Os dados s\u00e3o de um estudo in\u00e9dito do Instituto Nacional de [&hellip;]<\/p>\n","protected":false},"author":2,"featured_media":0,"comment_status":"closed","ping_status":"closed","sticky":false,"template":"","format":"standard","meta":{"footnotes":""},"categories":[44,2961],"tags":[3357,3784,3539],"class_list":{"0":"post-104252","1":"post","2":"type-post","3":"status-publish","4":"format-standard","6":"category-educacao","7":"category-nacional","8":"tag-professores","9":"tag-redepublica","10":"tag-salario"},"_links":{"self":[{"href":"https:\/\/senoticias.com.br\/se\/wp-json\/wp\/v2\/posts\/104252"}],"collection":[{"href":"https:\/\/senoticias.com.br\/se\/wp-json\/wp\/v2\/posts"}],"about":[{"href":"https:\/\/senoticias.com.br\/se\/wp-json\/wp\/v2\/types\/post"}],"author":[{"embeddable":true,"href":"https:\/\/senoticias.com.br\/se\/wp-json\/wp\/v2\/users\/2"}],"replies":[{"embeddable":true,"href":"https:\/\/senoticias.com.br\/se\/wp-json\/wp\/v2\/comments?post=104252"}],"version-history":[{"count":0,"href":"https:\/\/senoticias.com.br\/se\/wp-json\/wp\/v2\/posts\/104252\/revisions"}],"wp:attachment":[{"href":"https:\/\/senoticias.com.br\/se\/wp-json\/wp\/v2\/media?parent=104252"}],"wp:term":[{"taxonomy":"category","embeddable":true,"href":"https:\/\/senoticias.com.br\/se\/wp-json\/wp\/v2\/categories?post=104252"},{"taxonomy":"post_tag","embeddable":true,"href":"https:\/\/senoticias.com.br\/se\/wp-json\/wp\/v2\/tags?post=104252"}],"curies":[{"name":"wp","href":"https:\/\/api.w.org\/{rel}","templated":true}]}}