{"id":104213,"date":"2017-06-21T16:03:01","date_gmt":"2017-06-21T19:03:01","guid":{"rendered":"http:\/\/senoticias.com.br\/se\/?p=104213"},"modified":"2017-06-21T16:03:01","modified_gmt":"2017-06-21T19:03:01","slug":"temer-e-presidente-da-russia-assinam-acordos-para-incentivar-comercio-bilateral","status":"publish","type":"post","link":"https:\/\/senoticias.com.br\/se\/temer-e-presidente-da-russia-assinam-acordos-para-incentivar-comercio-bilateral\/","title":{"rendered":"Temer e presidente da R\u00fassia assinam acordos para incentivar com\u00e9rcio bilateral"},"content":{"rendered":"<p style=\"text-align: justify;\">Os governos brasileiro e russo assinaram hoje (21) uma s\u00e9rie de acordos para desburocratizar e incentivar as rela\u00e7\u00f5es comerciais entre os dois pa\u00edses, bem como favorecer a coopera\u00e7\u00e3o econ\u00f4mica, os investimentos e os di\u00e1logos bilaterais. Em discurso, Temer assumiu o compromisso de aproximar Mercosul e Uni\u00e3o Econ\u00f4mica Euro-Asi\u00e1tica, quando o Brasil assumir a presid\u00eancia do bloco sul-americano, no pr\u00f3ximo semestre.<\/p>\n<p style=\"text-align: justify;\">Durante cerim\u00f4nia de assinatura dos atos, no Pal\u00e1cio do Kremilin, os presidentes Michel Temer, do Brasil, e Vladimir Putin, da R\u00fasssia, assinaram uma declara\u00e7\u00e3o conjunta na qual os dois pa\u00edses manifestam posi\u00e7\u00f5es e agendas de interesse comum relativas \u00e0 pol\u00edtica internacional. Referindo-se a um dos memorandos assinados, sobre o di\u00e1logo estrat\u00e9gico na \u00e1rea de pol\u00edtica externa, o presidente Putin disse que o documento prev\u00ea \u201cum n\u00edvel mais alto da coordena\u00e7\u00e3o de nossos esfor\u00e7os no que diz respeito ao combate a novos desafios, tais como terrorismo\u201d, ao destacar pontos favor\u00e1veis \u201c\u00e0 paz internacional\u201d e contr\u00e1rios \u00e0 prolifera\u00e7\u00e3o de armamentos.<\/p>\n<div id=\"attachment_104214\" style=\"width: 609px\" class=\"wp-caption aligncenter\"><img loading=\"lazy\" decoding=\"async\" aria-describedby=\"caption-attachment-104214\" class=\"size-full wp-image-104214\" src=\"http:\/\/senoticias.com.br\/se\/wp-content\/uploads\/2017\/06\/temer-SENOTICIAS-e1498071756812.jpg\" alt=\"Foto: Veja\" width=\"599\" height=\"399\" \/><p id=\"caption-attachment-104214\" class=\"wp-caption-text\">Foto: Veja<\/p><\/div>\n<p style=\"text-align: justify;\">Em seu discurso, o presidente Temer disse que Brasil e R\u00fassia s\u00e3o pa\u00edses conscientes de seu papel na cena internacional, motivo pelo qual t\u00eam parcerias tanto no \u00e2mbito do G20, grupo que abrange as 20 maiores economias mundiais, quanto no Brics, bloco formado por Brasil, R\u00fassia, China, \u00cdndia e \u00c1frica do Sul. \u201cO presidente Putin e eu mantivemos di\u00e1logo sobre quest\u00f5es globais. Compartilhamos o entendimento de que as institui\u00e7\u00f5es internacionais devem ser mais representativas e eficazes; intercambiamos vis\u00f5es sobre alguns dos temas mais prementes das agendas de paz e seguran\u00e7a mundiais\u201d, disse Michel Temer.<\/p>\n<p style=\"text-align: justify;\">O presidente brasileiro disse que os acordos assinados hoje facilitar\u00e3o o com\u00e9rcio e os reinvestimentos, al\u00e9m de aprofundar o di\u00e1logo pol\u00edtico. Ele lembrou que nos primeiros cinco meses desse ano, as trocas comerciais entre Brasil e R\u00fassia aumentaram em 40%, na compara\u00e7\u00e3o com o mesmo per\u00edodo do ano passado. \u201cMas ainda h\u00e1 espa\u00e7o para mais e mais investimentos\u201d, acrescentou.<\/p>\n<p style=\"text-align: justify;\">\u201cAssegurei ao presidente Putin que no pr\u00f3ximo semestre, quando o Brasil ter\u00e1 a presid\u00eancia do Mercosul, trabalharemos por uma maior aproxima\u00e7\u00e3o com a Uni\u00e3o Econ\u00f4mica Euro-asi\u00e1tica\u201d, disse Temer.<\/p>\n<p style=\"text-align: justify;\">O presidente Michel Temer viaja ainda hoje para a Noruega, onde o foco ser\u00e1 o meio ambiente. O pa\u00eds j\u00e1 repassou ao Fundo Amaz\u00f4nia, administrado pelo Banco Nacional de Desenvolvimento Econ\u00f4mico e Social (BNDES), R$ 2,8 bilh\u00f5es e mant\u00e9m-se como o maior financiador da iniciativa. Atualmente, s\u00e3o 89 projetos em \u00e1reas como combate ao desmatamento, regulariza\u00e7\u00e3o fundi\u00e1ria e gest\u00e3o territorial e ambiental de terras ind\u00edgenas. Al\u00e9m disso, a Noruega \u00e9 o oitavo maior investidor estrangeiro no Brasil, com presen\u00e7a no setor de energia.<\/p>\n<p style=\"text-align: justify;\">Est\u00e3o agendadas reuni\u00f5es com o Rei Harald V, com a primeira-ministra, Erna Solberg, e com o presidente do Parlamento, Olemic Thommessen.<\/p>\n<p style=\"text-align: justify;\">\n<p style=\"text-align: justify;\"><img loading=\"lazy\" decoding=\"async\" class=\"aligncenter size-full wp-image-104200\" src=\"http:\/\/senoticias.com.br\/se\/wp-content\/uploads\/2017\/06\/Logo-fone-1-2-1-2-4-6.jpg\" alt=\"Logo-fone-1-2-1-2-4-6\" width=\"599\" height=\"78\" srcset=\"https:\/\/senoticias.com.br\/se\/wp-content\/uploads\/2017\/06\/Logo-fone-1-2-1-2-4-6.jpg 599w, https:\/\/senoticias.com.br\/se\/wp-content\/uploads\/2017\/06\/Logo-fone-1-2-1-2-4-6-300x39.jpg 300w\" sizes=\"(max-width: 599px) 100vw, 599px\" \/><\/p>\n<p style=\"text-align: justify;\">\n<p><em><strong>Acompanhe tamb\u00e9m o SE Not\u00edcias no<\/strong><span class=\"apple-converted-space\"><b>\u00a0<\/b><\/span><a href=\"https:\/\/twitter.com\/Senoticias\" target=\"_blank\"><b>Twitter<\/b><\/a><strong>,<\/strong><span class=\"apple-converted-space\"><b>\u00a0<\/b><\/span><a href=\"https:\/\/www.facebook.com\/senoticias1\" target=\"_blank\"><b>Facebook<\/b><span class=\"apple-converted-space\"><b>\u00a0<\/b><\/span><\/a><strong>e no<\/strong><span class=\"apple-converted-space\"><b>\u00a0<\/b><\/span><a href=\"https:\/\/www.instagram.com\/senoticias\/\" target=\"_blank\"><b>Instagram<\/b><\/a><\/em><\/p>\n<p>Por Ag\u00eancia Brasil<\/p>\n","protected":false},"excerpt":{"rendered":"<p>Os governos brasileiro e russo assinaram hoje (21) uma s\u00e9rie de acordos para desburocratizar e incentivar as rela\u00e7\u00f5es comerciais entre os dois pa\u00edses, bem como favorecer a coopera\u00e7\u00e3o econ\u00f4mica, os investimentos e os di\u00e1logos bilaterais. Em discurso, Temer assumiu o compromisso de aproximar Mercosul e Uni\u00e3o Econ\u00f4mica Euro-Asi\u00e1tica, quando o Brasil assumir a presid\u00eancia do [&hellip;]<\/p>\n","protected":false},"author":2,"featured_media":0,"comment_status":"closed","ping_status":"closed","sticky":false,"template":"","format":"standard","meta":{"footnotes":""},"categories":[2961],"tags":[370,2168,4257,369,637],"class_list":{"0":"post-104213","1":"post","2":"type-post","3":"status-publish","4":"format-standard","6":"category-nacional","7":"tag-brasil","8":"tag-politica","9":"tag-putin","10":"tag-russia","11":"tag-temer"},"_links":{"self":[{"href":"https:\/\/senoticias.com.br\/se\/wp-json\/wp\/v2\/posts\/104213"}],"collection":[{"href":"https:\/\/senoticias.com.br\/se\/wp-json\/wp\/v2\/posts"}],"about":[{"href":"https:\/\/senoticias.com.br\/se\/wp-json\/wp\/v2\/types\/post"}],"author":[{"embeddable":true,"href":"https:\/\/senoticias.com.br\/se\/wp-json\/wp\/v2\/users\/2"}],"replies":[{"embeddable":true,"href":"https:\/\/senoticias.com.br\/se\/wp-json\/wp\/v2\/comments?post=104213"}],"version-history":[{"count":0,"href":"https:\/\/senoticias.com.br\/se\/wp-json\/wp\/v2\/posts\/104213\/revisions"}],"wp:attachment":[{"href":"https:\/\/senoticias.com.br\/se\/wp-json\/wp\/v2\/media?parent=104213"}],"wp:term":[{"taxonomy":"category","embeddable":true,"href":"https:\/\/senoticias.com.br\/se\/wp-json\/wp\/v2\/categories?post=104213"},{"taxonomy":"post_tag","embeddable":true,"href":"https:\/\/senoticias.com.br\/se\/wp-json\/wp\/v2\/tags?post=104213"}],"curies":[{"name":"wp","href":"https:\/\/api.w.org\/{rel}","templated":true}]}}