{"id":104211,"date":"2017-06-21T15:53:41","date_gmt":"2017-06-21T18:53:41","guid":{"rendered":"http:\/\/senoticias.com.br\/se\/?p=104211"},"modified":"2017-06-21T15:53:41","modified_gmt":"2017-06-21T18:53:41","slug":"biblioteca-publica-epifanio-doria-realiza-cursos-gratuitos-em-julho","status":"publish","type":"post","link":"https:\/\/senoticias.com.br\/se\/biblioteca-publica-epifanio-doria-realiza-cursos-gratuitos-em-julho\/","title":{"rendered":"Biblioteca P\u00fablica Epif\u00e2nio D\u00f3ria realiza cursos gratuitos em julho"},"content":{"rendered":"<p style=\"text-align: justify;\">Preocupada em oferecer atividades que atraiam o p\u00fablico e contribuam com a forma\u00e7\u00e3o de seus usu\u00e1rios, a Biblioteca P\u00fablica Epif\u00e2nio D\u00f3ria estar\u00e1 oferecendo, a partir de julho deste ano, cursos de capacita\u00e7\u00e3o gratuitos de ingl\u00eas, soroban (\u00e1baco), inform\u00e1tica e Braille. As atividades fazem parte do programa \u2018Conecta Biblioteca\u2019, realizado pela ONG Recode e Caravan Studios e aderido pelo Governo de Sergipe.<\/p>\n<div id=\"attachment_104212\" style=\"width: 609px\" class=\"wp-caption aligncenter\"><img loading=\"lazy\" decoding=\"async\" aria-describedby=\"caption-attachment-104212\" class=\"size-full wp-image-104212\" src=\"http:\/\/senoticias.com.br\/se\/wp-content\/uploads\/2017\/06\/secult-SENOTICIAS-1-e1498071176597.jpg\" alt=\"Os cursos fazem parte do programa \u2018Conecta Biblioteca\u2019, desenvolvido em todo o pa\u00eds\/ Foto: Ascom\/Secult\" width=\"599\" height=\"399\" \/><p id=\"caption-attachment-104212\" class=\"wp-caption-text\">Os cursos fazem parte do programa \u2018Conecta Biblioteca\u2019, desenvolvido em todo o pa\u00eds\/ Foto: Ascom\/Secult<\/p><\/div>\n<p style=\"text-align: justify;\">Trata-se de um programa nacional de est\u00edmulo \u00e0 transforma\u00e7\u00e3o social com o objetivo de aproximar a comunidade da biblioteca e atrair novos usu\u00e1rios para esses equipamentos culturais. A ideia \u00e9 aproveitar melhor os recursos tecnol\u00f3gicos das bibliotecas p\u00fablicas para promover conhecimento e gera\u00e7\u00e3o de oportunidades, especialmente para os jovens em situa\u00e7\u00e3o de vulnerabilidade.<\/p>\n<p style=\"text-align: justify;\">Segundo a diretora da biblioteca, Juciene de Jesus, a ades\u00e3o ao programa condiz com as diretrizes da Biblioteca P\u00fablica Epif\u00e2nio D\u00f3rea (BPED) no sentido de desenvolver a\u00e7\u00f5es produtivas que atraiam o p\u00fablico. \u201cEste \u00e9 um momento muito especial, pois estamos dando mais um passo neste sentido, com a ades\u00e3o ao programa conecta aqui na Epif\u00e2nio D\u00f3ria\u201d, ressaltou.<\/p>\n<p style=\"text-align: justify;\">O Programa tamb\u00e9m oferece aos profissionais desses espa\u00e7os uma capacita\u00e7\u00e3o de dois anos, com m\u00f3dulos presenciais e \u00e0 dist\u00e2ncia, em temas como pesquisa da comunidade, gest\u00e3o participativa, estrat\u00e9gias de comunica\u00e7\u00e3o e capta\u00e7\u00e3o de recursos.<\/p>\n<p style=\"text-align: justify;\">O \u2018Conecta Biblioteca\u2019 tem patroc\u00ednio da Funda\u00e7\u00e3o Bill &amp; Melinda Gates e apoio do Sistema Nacional de Bibliotecas P\u00fablicas (SNBP) e da Diretoria do Livro, Leitura, Literatura e Bibliotecas (DLLLB), do Minist\u00e9rio da Cultura. Interessados em participar dos cursos de julho j\u00e1 podem fazer suas inscri\u00e7\u00f5es na BPED, localizada na Rua Dr. Leonardo leite, s\/n. Bairro 13 de Julho, CEP: 49020 \u2013 150. Aracaju\/SE. Mais informa\u00e7\u00f5es podem ser obtidas pelo telefone (79) 3179-1907.<\/p>\n<p style=\"text-align: justify;\">Para ver a programa\u00e7\u00e3o completa, clique <a href=\"http:\/\/cultura.se.gov.br\/index.php\/2017\/06\/21\/biblioteca-publica-epifanio-doria-realiza-cursos-gratuitos-em-julho\/\">aqui<\/a>.<\/p>\n<p style=\"text-align: justify;\">\n<p style=\"text-align: justify;\"><img loading=\"lazy\" decoding=\"async\" class=\"aligncenter size-full wp-image-104200\" src=\"http:\/\/senoticias.com.br\/se\/wp-content\/uploads\/2017\/06\/Logo-fone-1-2-1-2-4-6.jpg\" alt=\"Logo-fone-1-2-1-2-4-6\" width=\"599\" height=\"78\" srcset=\"https:\/\/senoticias.com.br\/se\/wp-content\/uploads\/2017\/06\/Logo-fone-1-2-1-2-4-6.jpg 599w, https:\/\/senoticias.com.br\/se\/wp-content\/uploads\/2017\/06\/Logo-fone-1-2-1-2-4-6-300x39.jpg 300w\" sizes=\"(max-width: 599px) 100vw, 599px\" \/><\/p>\n<p><em><strong>Acompanhe tamb\u00e9m o SE Not\u00edcias no<\/strong><span class=\"apple-converted-space\"><b>\u00a0<\/b><\/span><a href=\"https:\/\/twitter.com\/Senoticias\" target=\"_blank\"><b>Twitter<\/b><\/a><strong>,<\/strong><span class=\"apple-converted-space\"><b>\u00a0<\/b><\/span><a href=\"https:\/\/www.facebook.com\/senoticias1\" target=\"_blank\"><b>Facebook<\/b><span class=\"apple-converted-space\"><b>\u00a0<\/b><\/span><\/a><strong>e no<\/strong><span class=\"apple-converted-space\"><b>\u00a0<\/b><\/span><a href=\"https:\/\/www.instagram.com\/senoticias\/\" target=\"_blank\"><b>Instagram<\/b><\/a><\/em><\/p>\n<p>Por ASN<\/p>\n","protected":false},"excerpt":{"rendered":"<p>Preocupada em oferecer atividades que atraiam o p\u00fablico e contribuam com a forma\u00e7\u00e3o de seus usu\u00e1rios, a Biblioteca P\u00fablica Epif\u00e2nio D\u00f3ria estar\u00e1 oferecendo, a partir de julho deste ano, cursos de capacita\u00e7\u00e3o gratuitos de ingl\u00eas, soroban (\u00e1baco), inform\u00e1tica e Braille. As atividades fazem parte do programa \u2018Conecta Biblioteca\u2019, realizado pela ONG Recode e Caravan Studios [&hellip;]<\/p>\n","protected":false},"author":2,"featured_media":0,"comment_status":"closed","ping_status":"closed","sticky":false,"template":"","format":"standard","meta":{"footnotes":""},"categories":[40,8],"tags":[3255,2663,3022],"class_list":{"0":"post-104211","1":"post","2":"type-post","3":"status-publish","4":"format-standard","6":"category-cultura","7":"category-esporte-e-cultura","8":"tag-biblioteca","9":"tag-cultura","10":"tag-cursos"},"_links":{"self":[{"href":"https:\/\/senoticias.com.br\/se\/wp-json\/wp\/v2\/posts\/104211"}],"collection":[{"href":"https:\/\/senoticias.com.br\/se\/wp-json\/wp\/v2\/posts"}],"about":[{"href":"https:\/\/senoticias.com.br\/se\/wp-json\/wp\/v2\/types\/post"}],"author":[{"embeddable":true,"href":"https:\/\/senoticias.com.br\/se\/wp-json\/wp\/v2\/users\/2"}],"replies":[{"embeddable":true,"href":"https:\/\/senoticias.com.br\/se\/wp-json\/wp\/v2\/comments?post=104211"}],"version-history":[{"count":0,"href":"https:\/\/senoticias.com.br\/se\/wp-json\/wp\/v2\/posts\/104211\/revisions"}],"wp:attachment":[{"href":"https:\/\/senoticias.com.br\/se\/wp-json\/wp\/v2\/media?parent=104211"}],"wp:term":[{"taxonomy":"category","embeddable":true,"href":"https:\/\/senoticias.com.br\/se\/wp-json\/wp\/v2\/categories?post=104211"},{"taxonomy":"post_tag","embeddable":true,"href":"https:\/\/senoticias.com.br\/se\/wp-json\/wp\/v2\/tags?post=104211"}],"curies":[{"name":"wp","href":"https:\/\/api.w.org\/{rel}","templated":true}]}}