{"id":104209,"date":"2017-06-21T15:40:12","date_gmt":"2017-06-21T18:40:12","guid":{"rendered":"http:\/\/senoticias.com.br\/se\/?p=104209"},"modified":"2017-06-21T15:40:12","modified_gmt":"2017-06-21T18:40:12","slug":"edvaldo-participa-de-evento-sobre-cidades-inteligentes-em-sao-paulo","status":"publish","type":"post","link":"https:\/\/senoticias.com.br\/se\/edvaldo-participa-de-evento-sobre-cidades-inteligentes-em-sao-paulo\/","title":{"rendered":"Edvaldo participa de evento sobre cidades inteligentes em S\u00e3o Paulo"},"content":{"rendered":"<p style=\"text-align: justify;\">O prefeito Edvaldo Nogueira participou, nesta quarta-feira, 21, do \u201cConnected Smart Cities\u201d, o maior evento nacional na tem\u00e1tica Cidade Inteligente. Ele foi acompanhado do secret\u00e1rio municipal do Desenvolvimento Econ\u00f4mico, Tecnol\u00f3gico, da Ci\u00eancia e do Turismo, Jorge Santana. O evento acontece hoje e amanh\u00e3, no Centro de Conven\u00e7\u00f5es Frei Caneca, em S\u00e3o Paulo.<\/p>\n<p style=\"text-align: justify;\">Edvaldo, que ontem, 20, participou da 1\u00aa reuni\u00e3o da diretoria executiva da Frente Nacional de Prefeitos, tratando de conectividade nas cidades e parcerias p\u00fablico-privadas (PPPs), hoje acompanhou e discutiu com especialistas de diversas \u00e1reas o crescimento das cidades de forma planejada, notadamente nos eixos da mobilidade, meio ambiente, urbanismo e qualidade de vida. Eixos que fazem parte do projeto Cidade Inteligente, Humana e Criativa, \u201cbase do nosso programa de governo para Aracaju\u201d, conforme destacou o prefeito.<\/p>\n<div id=\"attachment_104210\" style=\"width: 609px\" class=\"wp-caption aligncenter\"><img loading=\"lazy\" decoding=\"async\" aria-describedby=\"caption-attachment-104210\" class=\"size-full wp-image-104210\" src=\"http:\/\/senoticias.com.br\/se\/wp-content\/uploads\/2017\/06\/edvaldo-sp-SENOTICIAS-e1498070342659.jpg\" alt=\"Foto: divulga\u00e7\u00e3o\" width=\"599\" height=\"429\" \/><p id=\"caption-attachment-104210\" class=\"wp-caption-text\">Foto: divulga\u00e7\u00e3o<\/p><\/div>\n<p style=\"text-align: justify;\">&#8220;Cada dia que passa fico mais convencido da import\u00e2ncia do projeto que estamos planejando para Aracaju. Pensar a nossa cidade a partir do uso das tecnologias e da conectividade \u00e9 fundamental para encontrarmos solu\u00e7\u00f5es para os problemas. Este evento \u00e9 mais um passo que damos no sentido de buscar experi\u00eancias exitosas para aplicar em Aracaju. S\u00e3o ideias, muitas vezes simples, que repercutir\u00e3o enormemente na vida dos cidad\u00e3os&#8221;, afirmou o prefeito.<\/p>\n<p style=\"text-align: justify;\"><strong>Projetos vi\u00e1veis<\/strong><\/p>\n<p style=\"text-align: justify;\">Em recente pesquisa da Connected Smart Cities, elaborada pela consultoria Urban Systems, no ranking das 100 cidades mais inteligentes (e conectadas) do pa\u00eds, Aracaju ocupa a 94\u00aa posi\u00e7\u00e3o, com 23,408 pontos. As capitais nordestinas mais bem pontuadas s\u00e3o: Recife, na 10\u00aa posi\u00e7\u00e3o, com 29,339 pontos; e Salvador, na 17\u00aa posi\u00e7\u00e3o, com 28,031 pontos. O ranking elenca como cidades inteligentes aquelas que conseguem aliar intelig\u00eancia e tecnologia em diversos aspectos, como urbaniza\u00e7\u00e3o e meio ambiente.<\/p>\n<p style=\"text-align: justify;\">Para Jorge Santana, o evento se reveste de extrema import\u00e2ncia uma vez que contribuir\u00e1 para que o programa de Cidade Inteligente, Humana e Criativa, que ser\u00e1 implantado pelo prefeito Edvaldo Nogueira, seja ainda mais efetivo. O secret\u00e1rio ressalta que est\u00e1 empenhado para melhorar a posi\u00e7\u00e3o de Aracaju no ranking. \u201cO entusiasmo e a determina\u00e7\u00e3o do prefeito contagiou toda a equipe de auxiliares e isso vai garantir o \u00eaxito do programa\u201c, avaliou.<\/p>\n<p style=\"text-align: justify;\">Jorge participa do evento at\u00e9 amanh\u00e3, 22, e pela an\u00e1lise do que foi discutido no primeiro dia do Connected Smart Cities, tra\u00e7a cen\u00e1rios positivos para Aracaju. \u201cEstamos confirmando, atrav\u00e9s de exemplos concretos, a viabilidade de projetos como Aracaju Conectada e Aracaju na Palma da M\u00e3o, al\u00e9m de conhecer v\u00e1rias outras iniciativas fascinantes\u201d, destacou.<\/p>\n<p style=\"text-align: justify;\">Participam do Connected Smart Cities gestores p\u00fablicos federais, estaduais e municipais; empres\u00e1rios, engenheiros, arquitetos, urbanistas, advogados, consultores, planejadores e pensadores de organiza\u00e7\u00f5es comprometidas com o desenvolvimento de cidades inteligentes, al\u00e9m de construtoras, investidores e universidades.<\/p>\n<p style=\"text-align: justify;\">\n<p style=\"text-align: justify;\"><img loading=\"lazy\" decoding=\"async\" class=\"aligncenter size-full wp-image-104200\" src=\"http:\/\/senoticias.com.br\/se\/wp-content\/uploads\/2017\/06\/Logo-fone-1-2-1-2-4-6.jpg\" alt=\"Logo-fone-1-2-1-2-4-6\" width=\"599\" height=\"78\" srcset=\"https:\/\/senoticias.com.br\/se\/wp-content\/uploads\/2017\/06\/Logo-fone-1-2-1-2-4-6.jpg 599w, https:\/\/senoticias.com.br\/se\/wp-content\/uploads\/2017\/06\/Logo-fone-1-2-1-2-4-6-300x39.jpg 300w\" sizes=\"(max-width: 599px) 100vw, 599px\" \/><\/p>\n<p><em><strong>Acompanhe tamb\u00e9m o SE Not\u00edcias no<\/strong><span class=\"apple-converted-space\"><b>\u00a0<\/b><\/span><a href=\"https:\/\/twitter.com\/Senoticias\" target=\"_blank\"><b>Twitter<\/b><\/a><strong>,<\/strong><span class=\"apple-converted-space\"><b>\u00a0<\/b><\/span><a href=\"https:\/\/www.facebook.com\/senoticias1\" target=\"_blank\"><b>Facebook<\/b><span class=\"apple-converted-space\"><b>\u00a0<\/b><\/span><\/a><strong>e no<\/strong><span class=\"apple-converted-space\"><b>\u00a0<\/b><\/span><a href=\"https:\/\/www.instagram.com\/senoticias\/\" target=\"_blank\"><b>Instagram<\/b><\/a><\/em><\/p>\n<p>Por AAN<\/p>\n","protected":false},"excerpt":{"rendered":"<p>O prefeito Edvaldo Nogueira participou, nesta quarta-feira, 21, do \u201cConnected Smart Cities\u201d, o maior evento nacional na tem\u00e1tica Cidade Inteligente. Ele foi acompanhado do secret\u00e1rio municipal do Desenvolvimento Econ\u00f4mico, Tecnol\u00f3gico, da Ci\u00eancia e do Turismo, Jorge Santana. O evento acontece hoje e amanh\u00e3, no Centro de Conven\u00e7\u00f5es Frei Caneca, em S\u00e3o Paulo. Edvaldo, que ontem, [&hellip;]<\/p>\n","protected":false},"author":2,"featured_media":0,"comment_status":"closed","ping_status":"closed","sticky":false,"template":"","format":"standard","meta":{"footnotes":""},"categories":[38],"tags":[339,3126,4255,314,4256],"class_list":{"0":"post-104209","1":"post","2":"type-post","3":"status-publish","4":"format-standard","6":"category-municipios","7":"tag-aracaju","8":"tag-evento","9":"tag-inteligente","10":"tag-prefeito","11":"tag-saopaulo"},"_links":{"self":[{"href":"https:\/\/senoticias.com.br\/se\/wp-json\/wp\/v2\/posts\/104209"}],"collection":[{"href":"https:\/\/senoticias.com.br\/se\/wp-json\/wp\/v2\/posts"}],"about":[{"href":"https:\/\/senoticias.com.br\/se\/wp-json\/wp\/v2\/types\/post"}],"author":[{"embeddable":true,"href":"https:\/\/senoticias.com.br\/se\/wp-json\/wp\/v2\/users\/2"}],"replies":[{"embeddable":true,"href":"https:\/\/senoticias.com.br\/se\/wp-json\/wp\/v2\/comments?post=104209"}],"version-history":[{"count":0,"href":"https:\/\/senoticias.com.br\/se\/wp-json\/wp\/v2\/posts\/104209\/revisions"}],"wp:attachment":[{"href":"https:\/\/senoticias.com.br\/se\/wp-json\/wp\/v2\/media?parent=104209"}],"wp:term":[{"taxonomy":"category","embeddable":true,"href":"https:\/\/senoticias.com.br\/se\/wp-json\/wp\/v2\/categories?post=104209"},{"taxonomy":"post_tag","embeddable":true,"href":"https:\/\/senoticias.com.br\/se\/wp-json\/wp\/v2\/tags?post=104209"}],"curies":[{"name":"wp","href":"https:\/\/api.w.org\/{rel}","templated":true}]}}