{"id":104207,"date":"2017-06-21T15:33:07","date_gmt":"2017-06-21T18:33:07","guid":{"rendered":"http:\/\/senoticias.com.br\/se\/?p=104207"},"modified":"2017-06-21T15:33:07","modified_gmt":"2017-06-21T18:33:07","slug":"secretaria-do-meio-ambiente-de-aracaju-muda-de-endereco","status":"publish","type":"post","link":"https:\/\/senoticias.com.br\/se\/secretaria-do-meio-ambiente-de-aracaju-muda-de-endereco\/","title":{"rendered":"Secretaria do Meio Ambiente de Aracaju muda de endere\u00e7o"},"content":{"rendered":"<div id=\"attachment_104208\" style=\"width: 609px\" class=\"wp-caption aligncenter\"><img loading=\"lazy\" decoding=\"async\" aria-describedby=\"caption-attachment-104208\" class=\"size-full wp-image-104208\" src=\"http:\/\/senoticias.com.br\/se\/wp-content\/uploads\/2017\/06\/sema-SENOTICIAS-e1498069952931.jpg\" alt=\"Foto: Ascom\/ Sema\" width=\"599\" height=\"449\" \/><p id=\"caption-attachment-104208\" class=\"wp-caption-text\">Foto: Ascom\/ Sema<\/p><\/div>\n<p style=\"text-align: justify;\">A Secretaria Municipal do Meio Ambiente (Sema) informa que, devido a mudan\u00e7a para o novo pr\u00e9dio, no per\u00edodo de 21 a 30 de junho, o atendimento n\u00e3o ser\u00e1 realizado. \u00a0Na segunda-feira, 3, o atendimento ser\u00e1 normalizado j\u00e1 na nova sede, localizada na rua Santa Luzia, 914, bairro S\u00e3o Jos\u00e9. Os prazos para atendimento \u00e0s notifica\u00e7\u00f5es est\u00e3o suspensos no per\u00edodo da mudan\u00e7a.<\/p>\n<p style=\"text-align: justify;\">\n<p style=\"text-align: justify;\"><img loading=\"lazy\" decoding=\"async\" class=\"aligncenter size-full wp-image-104200\" src=\"http:\/\/senoticias.com.br\/se\/wp-content\/uploads\/2017\/06\/Logo-fone-1-2-1-2-4-6.jpg\" alt=\"Logo-fone-1-2-1-2-4-6\" width=\"599\" height=\"78\" srcset=\"https:\/\/senoticias.com.br\/se\/wp-content\/uploads\/2017\/06\/Logo-fone-1-2-1-2-4-6.jpg 599w, https:\/\/senoticias.com.br\/se\/wp-content\/uploads\/2017\/06\/Logo-fone-1-2-1-2-4-6-300x39.jpg 300w\" sizes=\"(max-width: 599px) 100vw, 599px\" \/><\/p>\n<p><em><strong>Acompanhe tamb\u00e9m o SE Not\u00edcias no<\/strong><span class=\"apple-converted-space\"><b>\u00a0<\/b><\/span><a href=\"https:\/\/twitter.com\/Senoticias\" target=\"_blank\"><b>Twitter<\/b><\/a><strong>,<\/strong><span class=\"apple-converted-space\"><b>\u00a0<\/b><\/span><a href=\"https:\/\/www.facebook.com\/senoticias1\" target=\"_blank\"><b>Facebook<\/b><span class=\"apple-converted-space\"><b>\u00a0<\/b><\/span><\/a><strong>e no<\/strong><span class=\"apple-converted-space\"><b>\u00a0<\/b><\/span><a href=\"https:\/\/www.instagram.com\/senoticias\/\" target=\"_blank\"><b>Instagram<\/b><\/a><\/em><\/p>\n<p>Por AAN<\/p>\n","protected":false},"excerpt":{"rendered":"<p>A Secretaria Municipal do Meio Ambiente (Sema) informa que, devido a mudan\u00e7a para o novo pr\u00e9dio, no per\u00edodo de 21 a 30 de junho, o atendimento n\u00e3o ser\u00e1 realizado. \u00a0Na segunda-feira, 3, o atendimento ser\u00e1 normalizado j\u00e1 na nova sede, localizada na rua Santa Luzia, 914, bairro S\u00e3o Jos\u00e9. Os prazos para atendimento \u00e0s notifica\u00e7\u00f5es [&hellip;]<\/p>\n","protected":false},"author":2,"featured_media":0,"comment_status":"closed","ping_status":"closed","sticky":false,"template":"","format":"standard","meta":{"footnotes":""},"categories":[38],"tags":[339,4254,4226,3333,3833],"class_list":{"0":"post-104207","1":"post","2":"type-post","3":"status-publish","4":"format-standard","6":"category-municipios","7":"tag-aracaju","8":"tag-endereco","9":"tag-meioambiente","10":"tag-mudanca","11":"tag-sema"},"_links":{"self":[{"href":"https:\/\/senoticias.com.br\/se\/wp-json\/wp\/v2\/posts\/104207"}],"collection":[{"href":"https:\/\/senoticias.com.br\/se\/wp-json\/wp\/v2\/posts"}],"about":[{"href":"https:\/\/senoticias.com.br\/se\/wp-json\/wp\/v2\/types\/post"}],"author":[{"embeddable":true,"href":"https:\/\/senoticias.com.br\/se\/wp-json\/wp\/v2\/users\/2"}],"replies":[{"embeddable":true,"href":"https:\/\/senoticias.com.br\/se\/wp-json\/wp\/v2\/comments?post=104207"}],"version-history":[{"count":0,"href":"https:\/\/senoticias.com.br\/se\/wp-json\/wp\/v2\/posts\/104207\/revisions"}],"wp:attachment":[{"href":"https:\/\/senoticias.com.br\/se\/wp-json\/wp\/v2\/media?parent=104207"}],"wp:term":[{"taxonomy":"category","embeddable":true,"href":"https:\/\/senoticias.com.br\/se\/wp-json\/wp\/v2\/categories?post=104207"},{"taxonomy":"post_tag","embeddable":true,"href":"https:\/\/senoticias.com.br\/se\/wp-json\/wp\/v2\/tags?post=104207"}],"curies":[{"name":"wp","href":"https:\/\/api.w.org\/{rel}","templated":true}]}}