{"id":104182,"date":"2017-06-20T17:11:25","date_gmt":"2017-06-20T20:11:25","guid":{"rendered":"http:\/\/senoticias.com.br\/se\/?p=104182"},"modified":"2017-06-20T17:11:25","modified_gmt":"2017-06-20T20:11:25","slug":"fachin-retira-de-moro-processos-sobre-lula-e-odebrecht","status":"publish","type":"post","link":"https:\/\/senoticias.com.br\/se\/fachin-retira-de-moro-processos-sobre-lula-e-odebrecht\/","title":{"rendered":"Fachin retira de Moro processos sobre Lula e Odebrecht"},"content":{"rendered":"<div id=\"attachment_104183\" style=\"width: 285px\" class=\"wp-caption alignleft\"><img loading=\"lazy\" decoding=\"async\" aria-describedby=\"caption-attachment-104183\" class=\"size-full wp-image-104183\" src=\"http:\/\/senoticias.com.br\/se\/wp-content\/uploads\/2017\/06\/lula-SENOTICIAS.jpg\" alt=\"\u00c0 \u00e9poca em que os casos foram remetidos a S\u00e9rgio Moro, no in\u00edcio de abril, o ex-presidente Lula negou qualquer ilegalidade, afirmando que as acusa\u00e7\u00f5es eram \u201cfr\u00edvolas\u201d e \u201csem nenhuma materialidade\u201d.  \" width=\"275\" height=\"183\" srcset=\"https:\/\/senoticias.com.br\/se\/wp-content\/uploads\/2017\/06\/lula-SENOTICIAS.jpg 275w, https:\/\/senoticias.com.br\/se\/wp-content\/uploads\/2017\/06\/lula-SENOTICIAS-90x60.jpg 90w, https:\/\/senoticias.com.br\/se\/wp-content\/uploads\/2017\/06\/lula-SENOTICIAS-180x120.jpg 180w, https:\/\/senoticias.com.br\/se\/wp-content\/uploads\/2017\/06\/lula-SENOTICIAS-95x64.jpg 95w\" sizes=\"(max-width: 275px) 100vw, 275px\" \/><p id=\"caption-attachment-104183\" class=\"wp-caption-text\">\u00c0 \u00e9poca em que os casos foram remetidos a S\u00e9rgio Moro, no in\u00edcio de abril, o ex-presidente Lula negou qualquer ilegalidade, afirmando que as acusa\u00e7\u00f5es eram \u201cfr\u00edvolas\u201d e \u201csem nenhuma materialidade\u201d.<\/p><\/div>\n<p style=\"text-align: justify;\">O ministro Edson Fachin, relator da Opera\u00e7\u00e3o Lava Jato no Supremo Tribunal Federal (STF), tirou do juiz S\u00e9rgio Moro, da 13\u00aa Vara Federal de Curitiba, tr\u00eas casos contra o ex-presidente Luiz In\u00e1cio Lula da Silva que tiveram origem nas dela\u00e7\u00f5es premiadas de executivos e ex-funcion\u00e1rios da Odebrecht.<\/p>\n<p style=\"text-align: justify;\">Um diz respeito ao suposto tr\u00e1fico de influ\u00eancia do ex-presidente, que em troca de vantagens indevidas teria atuado em favor da empresa em negocia\u00e7\u00f5es referentes a Angola, mesmo que em preju\u00edzo do Banco Nacional de Desenvolvimento Econ\u00f4mico e Social (BNDES).<\/p>\n<p style=\"text-align: justify;\">O pedido de investiga\u00e7\u00e3o sobre o assunto teve origem nos depoimentos de Em\u00edlio Odebrecht e Marcelo Bahia Odebrecht, controladores do grupo, e de mais tr\u00eas ex-funcion\u00e1rios da empresa.<\/p>\n<p style=\"text-align: justify;\">Fachin determinou a remessa das provas referentes a esse caso para a Justi\u00e7a Federal do Distrito Federal, por se tratarem \u201cde fatos que supostamente se passaram na capital da Rep\u00fablica\u201d, escreveu o ministro no despacho divulgado nesta ter\u00e7a-feira (20).<\/p>\n<p style=\"text-align: justify;\">\u201cAssim, do cotejo das raz\u00f5es recursais com os depoimentos prestados pelos colaboradores n\u00e3o constato, realmente, rela\u00e7\u00e3o dos fatos com a opera\u00e7\u00e3o de repercuss\u00e3o nacional que tramita perante a Se\u00e7\u00e3o Judici\u00e1ria do Paran\u00e1\u201d, escreveu Fachin. O ministro acatou um recurso da defesa.<\/p>\n<p style=\"text-align: justify;\">Outro caso trata da suposta atua\u00e7\u00e3o de Lula e tamb\u00e9m da ex-presidente Dilma Rousseff em favor da libera\u00e7\u00e3o de recursos do BNDES para a constru\u00e7\u00e3o das Usinas Hidrel\u00e9tricas de Jirau e de Santo Ant\u00f4nio, ambas em Rond\u00f4nia. Eles tamb\u00e9m teriam agido para acelerar licen\u00e7as ambientais, segundo o depoimento de Em\u00edlio Odebrecht e de Henrique Serrano de Prado, ex-executivo da \u00e1rea de energia. A investiga\u00e7\u00e3o foi remetida por Fachin tamb\u00e9m ao Distrito Federal.<\/p>\n<p style=\"text-align: justify;\">Um terceiro caso trata do suposto pagamento de uma mesada pela Odebrecht a Jos\u00e9 Ferreira da Silva, o Frei Chico, l\u00edder sindical e irm\u00e3o de Lula, segundo relatos dos ex-executivos da empresa Hilberto Mascarenhas Filho e Alexandrino Alencar. Os repasses seriam feitos como um modo de prestigiar o ex-presidente, declararam os colaboradores. Fachin determinou que a investiga\u00e7\u00e3o sobre o assunto seja remetida \u00e0 Justi\u00e7a Federal de S\u00e3o Paulo, tamb\u00e9m a pedido da defesa de Lula.<\/p>\n<p style=\"text-align: justify;\">Nas tr\u00eas situa\u00e7\u00f5es, a Procuradoria-Geral da Rep\u00fablica (PGR) se manifestou contra a retirada dos processos de Moro, alegando que guardam rela\u00e7\u00e3o com as investiga\u00e7\u00f5es da Lava Jato conduzidas no Paran\u00e1.<\/p>\n<p style=\"text-align: justify;\">\u00c0 \u00e9poca em que os casos foram remetidos a S\u00e9rgio Moro, no in\u00edcio de abril, o ex-presidente Lula negou qualquer ilegalidade, afirmando que as acusa\u00e7\u00f5es eram \u201cfr\u00edvolas\u201d e \u201csem nenhuma materialidade\u201d.<\/p>\n<p style=\"text-align: justify;\">\n<p style=\"text-align: justify;\"><img loading=\"lazy\" decoding=\"async\" class=\"aligncenter size-full wp-image-103836\" src=\"http:\/\/senoticias.com.br\/se\/wp-content\/uploads\/2017\/06\/Logo-fone-1-2-1-2-4-2.jpg\" alt=\"Logo-fone-1-2-1-2-4-2\" width=\"599\" height=\"78\" srcset=\"https:\/\/senoticias.com.br\/se\/wp-content\/uploads\/2017\/06\/Logo-fone-1-2-1-2-4-2.jpg 599w, https:\/\/senoticias.com.br\/se\/wp-content\/uploads\/2017\/06\/Logo-fone-1-2-1-2-4-2-300x39.jpg 300w\" sizes=\"(max-width: 599px) 100vw, 599px\" \/><\/p>\n<p style=\"text-align: justify;\">\n<p style=\"text-align: justify;\"><em><strong>Acompanhe tamb\u00e9m o SE Not\u00edcias no<\/strong><span class=\"apple-converted-space\"><b>\u00a0<\/b><\/span><a href=\"https:\/\/twitter.com\/Senoticias\" target=\"_blank\"><b>Twitter<\/b><\/a><strong>,<\/strong><span class=\"apple-converted-space\"><b>\u00a0<\/b><\/span><a href=\"https:\/\/www.facebook.com\/senoticias1\" target=\"_blank\"><b>Facebook<\/b><span class=\"apple-converted-space\"><b>\u00a0<\/b><\/span><\/a><strong>e no<\/strong><span class=\"apple-converted-space\"><b>\u00a0<\/b><\/span><a href=\"https:\/\/www.instagram.com\/senoticias\/\" target=\"_blank\"><b>Instagram<\/b><\/a><\/em><\/p>\n<p style=\"text-align: justify;\">Por Ag\u00eancia Brasil<\/p>\n","protected":false},"excerpt":{"rendered":"<p>O ministro Edson Fachin, relator da Opera\u00e7\u00e3o Lava Jato no Supremo Tribunal Federal (STF), tirou do juiz S\u00e9rgio Moro, da 13\u00aa Vara Federal de Curitiba, tr\u00eas casos contra o ex-presidente Luiz In\u00e1cio Lula da Silva que tiveram origem nas dela\u00e7\u00f5es premiadas de executivos e ex-funcion\u00e1rios da Odebrecht. Um diz respeito ao suposto tr\u00e1fico de influ\u00eancia [&hellip;]<\/p>\n","protected":false},"author":2,"featured_media":0,"comment_status":"closed","ping_status":"closed","sticky":false,"template":"","format":"standard","meta":{"footnotes":""},"categories":[6],"tags":[90,391,2168],"class_list":{"0":"post-104182","1":"post","2":"type-post","3":"status-publish","4":"format-standard","6":"category-politica","7":"tag-lula","8":"tag-moro","9":"tag-politica"},"_links":{"self":[{"href":"https:\/\/senoticias.com.br\/se\/wp-json\/wp\/v2\/posts\/104182"}],"collection":[{"href":"https:\/\/senoticias.com.br\/se\/wp-json\/wp\/v2\/posts"}],"about":[{"href":"https:\/\/senoticias.com.br\/se\/wp-json\/wp\/v2\/types\/post"}],"author":[{"embeddable":true,"href":"https:\/\/senoticias.com.br\/se\/wp-json\/wp\/v2\/users\/2"}],"replies":[{"embeddable":true,"href":"https:\/\/senoticias.com.br\/se\/wp-json\/wp\/v2\/comments?post=104182"}],"version-history":[{"count":0,"href":"https:\/\/senoticias.com.br\/se\/wp-json\/wp\/v2\/posts\/104182\/revisions"}],"wp:attachment":[{"href":"https:\/\/senoticias.com.br\/se\/wp-json\/wp\/v2\/media?parent=104182"}],"wp:term":[{"taxonomy":"category","embeddable":true,"href":"https:\/\/senoticias.com.br\/se\/wp-json\/wp\/v2\/categories?post=104182"},{"taxonomy":"post_tag","embeddable":true,"href":"https:\/\/senoticias.com.br\/se\/wp-json\/wp\/v2\/tags?post=104182"}],"curies":[{"name":"wp","href":"https:\/\/api.w.org\/{rel}","templated":true}]}}