{"id":104178,"date":"2017-06-20T16:57:56","date_gmt":"2017-06-20T19:57:56","guid":{"rendered":"http:\/\/senoticias.com.br\/se\/?p=104178"},"modified":"2017-06-20T16:57:56","modified_gmt":"2017-06-20T19:57:56","slug":"supremo-julga-pedido-de-prisao-preventiva-contra-o-senador-aecio-neves","status":"publish","type":"post","link":"https:\/\/senoticias.com.br\/se\/supremo-julga-pedido-de-prisao-preventiva-contra-o-senador-aecio-neves\/","title":{"rendered":"Supremo julga pedido de pris\u00e3o preventiva contra o senador A\u00e9cio Neves"},"content":{"rendered":"<p style=\"text-align: justify;\">A Primeira Turma do Supremo Tribunal Federal (STF) deve julgar hoje (20) pedido de pris\u00e3o preventiva feita pela Procuradoria-Geral da Rep\u00fablica (PGR) contra o senador A\u00e9cio Neves (PSDB-MG). A sess\u00e3o est\u00e1 prevista para as 14h.<\/p>\n<p style=\"text-align: justify;\">Os cinco ministros do colegiado v\u00e3o julgar um recurso da PGR contra a decis\u00e3o do primeiro relator do caso, ministro Edson Fachin, que rejeitou o pedido de pris\u00e3o e concordou apenas com o afastamento do parlamentar do cargo.<\/p>\n<div id=\"attachment_104179\" style=\"width: 609px\" class=\"wp-caption aligncenter\"><img loading=\"lazy\" decoding=\"async\" aria-describedby=\"caption-attachment-104179\" class=\"size-full wp-image-104179\" src=\"http:\/\/senoticias.com.br\/se\/wp-content\/uploads\/2017\/06\/aecio-SENOTICIAS-1-e1497988613971.jpg\" alt=\"Na semana passada, a PGR refor\u00e7ou o pedido de pris\u00e3o e alegou que A\u00e9cio Neves n\u00e3o est\u00e1 cumprindo a medida cautelar de afastamento. Foto: O Globo\" width=\"599\" height=\"360\" \/><p id=\"caption-attachment-104179\" class=\"wp-caption-text\">Na semana passada, a PGR refor\u00e7ou o pedido de pris\u00e3o e alegou que A\u00e9cio Neves n\u00e3o est\u00e1 cumprindo a medida cautelar de afastamento. Foto: O Globo<\/p><\/div>\n<p style=\"text-align: justify;\">A\u00e9cio Neves foi investigado pela Pol\u00edcia Federal (PF) na Opera\u00e7\u00e3o Patmos, originada a partir das dela\u00e7\u00f5es da empresa JBS, e denunciado ao Supremo pelos crimes de corrup\u00e7\u00e3o e obstru\u00e7\u00e3o da Justi\u00e7a. Na den\u00fancia, a PGR acusa A\u00e9cio Neves de solicitar R$ 2 milh\u00f5es ao empres\u00e1rio Joesley Batista, um dos delatores da JBS.<\/p>\n<p style=\"text-align: justify;\">Na semana passada, a PGR refor\u00e7ou o pedido de pris\u00e3o e alegou que A\u00e9cio Neves n\u00e3o est\u00e1 cumprindo a medida cautelar de afastamento. Ao reiterar o pedido, Janot citou uma postagem do senador afastado, em sua p\u00e1gina no facebook, no dia 30 de maio, em que ele aparece em uma foto acompanhado dos senadores Tasso Jereissati (CE), Antonio Anastasia (MG), C\u00e1ssio Cunha Lima (PB) e Jos\u00e9 Serra (SP), colegas de partido. \u201cNa pauta, vota\u00e7\u00f5es no Congresso e a agenda pol\u00edtica\u201d, diz a legenda da foto.<\/p>\n<p style=\"text-align: justify;\">Em nota, a assessoria de A\u00e9cio Neves informou que o senador afastado tem cumprido integralmente a decis\u00e3o do ministro Edson Fachin e se mant\u00e9m afastado das atividades parlamentares. \u201cEntre as cautelares determinadas n\u00e3o consta o impedimento de receber visitas e discutir como cidad\u00e3o, e n\u00e3o como parlamentar, assuntos diversos\u201d, diz o texto.<\/p>\n<p style=\"text-align: justify;\">A Primeira Turma do Supremo \u00e9 composta pelos ministros Alexandre de Moraes, Lu\u00eds Roberto Barroso, Rosa Weber, Luiz Fux, e o presidente e relator do processo sobre A\u00e9cio, Marco Aur\u00e9lio.<\/p>\n<p style=\"text-align: justify;\">\n<p style=\"text-align: justify;\"><img loading=\"lazy\" decoding=\"async\" class=\"aligncenter size-full wp-image-103836\" src=\"http:\/\/senoticias.com.br\/se\/wp-content\/uploads\/2017\/06\/Logo-fone-1-2-1-2-4-2.jpg\" alt=\"Logo-fone-1-2-1-2-4-2\" width=\"599\" height=\"78\" srcset=\"https:\/\/senoticias.com.br\/se\/wp-content\/uploads\/2017\/06\/Logo-fone-1-2-1-2-4-2.jpg 599w, https:\/\/senoticias.com.br\/se\/wp-content\/uploads\/2017\/06\/Logo-fone-1-2-1-2-4-2-300x39.jpg 300w\" sizes=\"(max-width: 599px) 100vw, 599px\" \/><\/p>\n<p style=\"text-align: justify;\"><em><strong>Acompanhe tamb\u00e9m o SE Not\u00edcias no<\/strong><span class=\"apple-converted-space\"><b>\u00a0<\/b><\/span><a href=\"https:\/\/twitter.com\/Senoticias\" target=\"_blank\"><b>Twitter<\/b><\/a><strong>,<\/strong><span class=\"apple-converted-space\"><b>\u00a0<\/b><\/span><a href=\"https:\/\/www.facebook.com\/senoticias1\" target=\"_blank\"><b>Facebook<\/b><span class=\"apple-converted-space\"><b>\u00a0<\/b><\/span><\/a><strong>e no<\/strong><span class=\"apple-converted-space\"><b>\u00a0<\/b><\/span><a href=\"https:\/\/www.instagram.com\/senoticias\/\" target=\"_blank\"><b>Instagram<\/b><\/a><\/em><\/p>\n<p style=\"text-align: justify;\">Por Ag\u00eancia Brasil<\/p>\n","protected":false},"excerpt":{"rendered":"<p>A Primeira Turma do Supremo Tribunal Federal (STF) deve julgar hoje (20) pedido de pris\u00e3o preventiva feita pela Procuradoria-Geral da Rep\u00fablica (PGR) contra o senador A\u00e9cio Neves (PSDB-MG). A sess\u00e3o est\u00e1 prevista para as 14h. Os cinco ministros do colegiado v\u00e3o julgar um recurso da PGR contra a decis\u00e3o do primeiro relator do caso, ministro [&hellip;]<\/p>\n","protected":false},"author":2,"featured_media":0,"comment_status":"closed","ping_status":"closed","sticky":false,"template":"","format":"standard","meta":{"footnotes":""},"categories":[6],"tags":[3660,2168,836],"class_list":{"0":"post-104178","1":"post","2":"type-post","3":"status-publish","4":"format-standard","6":"category-politica","7":"tag-aecio","8":"tag-politica","9":"tag-stf"},"_links":{"self":[{"href":"https:\/\/senoticias.com.br\/se\/wp-json\/wp\/v2\/posts\/104178"}],"collection":[{"href":"https:\/\/senoticias.com.br\/se\/wp-json\/wp\/v2\/posts"}],"about":[{"href":"https:\/\/senoticias.com.br\/se\/wp-json\/wp\/v2\/types\/post"}],"author":[{"embeddable":true,"href":"https:\/\/senoticias.com.br\/se\/wp-json\/wp\/v2\/users\/2"}],"replies":[{"embeddable":true,"href":"https:\/\/senoticias.com.br\/se\/wp-json\/wp\/v2\/comments?post=104178"}],"version-history":[{"count":0,"href":"https:\/\/senoticias.com.br\/se\/wp-json\/wp\/v2\/posts\/104178\/revisions"}],"wp:attachment":[{"href":"https:\/\/senoticias.com.br\/se\/wp-json\/wp\/v2\/media?parent=104178"}],"wp:term":[{"taxonomy":"category","embeddable":true,"href":"https:\/\/senoticias.com.br\/se\/wp-json\/wp\/v2\/categories?post=104178"},{"taxonomy":"post_tag","embeddable":true,"href":"https:\/\/senoticias.com.br\/se\/wp-json\/wp\/v2\/tags?post=104178"}],"curies":[{"name":"wp","href":"https:\/\/api.w.org\/{rel}","templated":true}]}}