{"id":104141,"date":"2017-06-19T16:00:59","date_gmt":"2017-06-19T19:00:59","guid":{"rendered":"http:\/\/senoticias.com.br\/se\/?p=104141"},"modified":"2017-06-19T16:00:59","modified_gmt":"2017-06-19T19:00:59","slug":"correios-encerram-servico-e-sedex-a-partir-desta-segunda","status":"publish","type":"post","link":"https:\/\/senoticias.com.br\/se\/correios-encerram-servico-e-sedex-a-partir-desta-segunda\/","title":{"rendered":"Correios encerram servi\u00e7o e-Sedex a partir desta segunda"},"content":{"rendered":"<p style=\"text-align: justify;\">Os Correios descontinuaram a partir desta segunda-feira (19) o servi\u00e7o de e-Sedex. O motivo, segundo a empresa, \u00e9 a aprova\u00e7\u00e3o de sua nova pol\u00edtica comercial. &#8220;Dessa forma, todas as postagens de encomendas dever\u00e3o ser realizadas por SEDEX ou PAC&#8221;, disseram os Correios em nota.<\/p>\n<p style=\"text-align: justify;\">O E-Sedex era o servi\u00e7o de encomenda expressa dos Correios para produtos adquiridos pela internet e com at\u00e9 15 quilos, com pre\u00e7os diferenciados para as lojas online que contratassem este servi\u00e7o. A entrega era feita em at\u00e9 3 dias. Foi lan\u00e7ado em 2000.<\/p>\n<div id=\"attachment_104142\" style=\"width: 609px\" class=\"wp-caption aligncenter\"><img loading=\"lazy\" decoding=\"async\" aria-describedby=\"caption-attachment-104142\" class=\"size-full wp-image-104142\" src=\"http:\/\/senoticias.com.br\/se\/wp-content\/uploads\/2017\/06\/correio-SENOTICIAS-e1497898370567.jpg\" alt=\"E-Sedex foi descontinuado pelos Correios (Foto: G1 )\" width=\"599\" height=\"449\" \/><p id=\"caption-attachment-104142\" class=\"wp-caption-text\">E-Sedex foi descontinuado pelos Correios (Foto: G1 )<\/p><\/div>\n<p style=\"text-align: justify;\">\nJ\u00e1 o PAC \u00e9 o servi\u00e7o de encomenda da linha econ\u00f4mica para o envio exclusivo de mercadoria e o Sedex, de encomenda expressa de documentos e mercadorias.<br \/>\nOs Correios informaram ainda que prosseguem com a implanta\u00e7\u00e3o de um novo servi\u00e7o voltado \u00e0s entregas de mercadorias compradas via internet, o Correios Log. No entanto, n\u00e3o foi informado quando o novo servi\u00e7o entrar\u00e1 em opera\u00e7\u00e3o.<\/p>\n<p style=\"text-align: justify;\">\n<strong>Veja abaixo a \u00edntegra da nota dos Correios:<\/strong><\/p>\n<p style=\"text-align: justify;\">\n<em>&#8220;A partir da pr\u00f3xima segunda-feira (19), em virtude da aprova\u00e7\u00e3o da nova Pol\u00edtica Comercial dos Correios, o servi\u00e7o e-SEDEX ser\u00e1 descontinuado. Dessa forma, todas as postagens de encomendas dever\u00e3o ser realizadas por SEDEX ou PAC.<\/em><\/p>\n<p style=\"text-align: justify;\">\n<em>Al\u00e9m desses servi\u00e7os, os Correios possuem parcerias com os maiores marketplaces do pa\u00eds e prosseguem com a implanta\u00e7\u00e3o do novo servi\u00e7o Correios Log &#8211; Com\u00e9rcio Eletr\u00f4nico, tamb\u00e9m conhecido como e-Fulfillment, que possibilita \u00e0 loja virtual ter toda a sua opera\u00e7\u00e3o de armazenamento, prepara\u00e7\u00e3o de pedido, postagem e log\u00edstica completamente realizada pelos Correios, com otimiza\u00e7\u00f5es operacionais e de custos para os clientes.<\/em><\/p>\n<p style=\"text-align: justify;\">\n<em>Mantendo o compromisso de transpar\u00eancia com os seus clientes, os Correios refor\u00e7am a parceria com o com\u00e9rcio eletr\u00f4nico, e afirmam que continuar\u00e3o a ser a empresa mais acess\u00edvel ao e-commerce em todo o Brasil. As mudan\u00e7as da nova Pol\u00edtica Comercial da estatal visam atender melhor ao com\u00e9rcio eletr\u00f4nico, destinando pacotes de encomendas espec\u00edficos para os clientes desse setor, como os servi\u00e7os SEDEX, PAC e Log\u00edstica Reversa, que atendem \u00e0s diversas necessidades de pre\u00e7os e prazos dos lojistas, al\u00e9m dos consumidores finais.&#8221;<\/em><\/p>\n<p style=\"text-align: justify;\">\n<strong>Dificuldades<\/strong><\/p>\n<p style=\"text-align: justify;\">\nOs Correios t\u00eam acumulado preju\u00edzos nos \u00faltimos anos. A empresa acumula dois rombos de R$ 4 bilh\u00f5es nos \u00faltimos dois anos, com preju\u00edzo de cerca de R$ 2 bilh\u00f5es em 2016 e R$ 2,1 bilh\u00f5es no ano anterior.<\/p>\n<p style=\"text-align: justify;\">\nRecentemente o ministro de Ci\u00eancia e Tecnologia, Gilberto Kassab, afirmou que os Correios correm &#8220;contra o rel\u00f3gio&#8221; para evitar a privatiza\u00e7\u00e3o. Segundo Kassab, a estatal necessita de um profundo corte de gastos para n\u00e3o ser privatizada.<\/p>\n<p style=\"text-align: justify;\">\nEm 2016, os Correios anunciaram um Programa de Demiss\u00e3o Incentivada (PDI) e pretendia atingir a meta de 8 mil servidores, mas apenas 5,5 mil aderiram ao programa. Em abril deste ano, o presidente dos Correios, Guilherme Campos, disse que a demiss\u00e3o de servidores concursados vem sendo estudada. Segundo eles, os Correios n\u00e3o t\u00eam condi\u00e7\u00f5es de continuar arcando com sua atual folha de pagamento.<\/p>\n<p style=\"text-align: justify;\">\nEm meio \u00e0 mais grave crise financeira de sua hist\u00f3ria, a Empresa Brasileira de Correios e Tel\u00e9grafos (ECT) planeja tamb\u00e9m fechar cerca de 200 ag\u00eancias neste ano, sobretudo nos grandes centros urbanos.<\/p>\n<p style=\"text-align: justify;\">\n<p style=\"text-align: justify;\"><img loading=\"lazy\" decoding=\"async\" class=\"aligncenter size-full wp-image-103836\" src=\"http:\/\/senoticias.com.br\/se\/wp-content\/uploads\/2017\/06\/Logo-fone-1-2-1-2-4-2.jpg\" alt=\"Logo-fone-1-2-1-2-4-2\" width=\"599\" height=\"78\" srcset=\"https:\/\/senoticias.com.br\/se\/wp-content\/uploads\/2017\/06\/Logo-fone-1-2-1-2-4-2.jpg 599w, https:\/\/senoticias.com.br\/se\/wp-content\/uploads\/2017\/06\/Logo-fone-1-2-1-2-4-2-300x39.jpg 300w\" sizes=\"(max-width: 599px) 100vw, 599px\" \/><\/p>\n<p style=\"text-align: justify;\">\n<p><em><strong>Acompanhe tamb\u00e9m o SE Not\u00edcias no<\/strong><span class=\"apple-converted-space\"><b>\u00a0<\/b><\/span><a href=\"https:\/\/twitter.com\/Senoticias\" target=\"_blank\"><b>Twitter<\/b><\/a><strong>,<\/strong><span class=\"apple-converted-space\"><b>\u00a0<\/b><\/span><a href=\"https:\/\/www.facebook.com\/senoticias1\" target=\"_blank\"><b>Facebook<\/b><span class=\"apple-converted-space\"><b>\u00a0<\/b><\/span><\/a><strong>e no<\/strong><span class=\"apple-converted-space\"><b>\u00a0<\/b><\/span><a href=\"https:\/\/www.instagram.com\/senoticias\/\" target=\"_blank\"><b>Instagram<\/b><\/a><\/em><\/p>\n<p>Fonte: G1<\/p>\n<p style=\"text-align: justify;\">\n","protected":false},"excerpt":{"rendered":"<p>Os Correios descontinuaram a partir desta segunda-feira (19) o servi\u00e7o de e-Sedex. O motivo, segundo a empresa, \u00e9 a aprova\u00e7\u00e3o de sua nova pol\u00edtica comercial. &#8220;Dessa forma, todas as postagens de encomendas dever\u00e3o ser realizadas por SEDEX ou PAC&#8221;, disseram os Correios em nota. O E-Sedex era o servi\u00e7o de encomenda expressa dos Correios para [&hellip;]<\/p>\n","protected":false},"author":2,"featured_media":0,"comment_status":"closed","ping_status":"closed","sticky":false,"template":"","format":"standard","meta":{"footnotes":""},"categories":[15,2961],"tags":[3477,4222,3670],"class_list":{"0":"post-104141","1":"post","2":"type-post","3":"status-publish","4":"format-standard","6":"category-destaques","7":"category-nacional","8":"tag-correios","9":"tag-e-sedex","10":"tag-nacional"},"_links":{"self":[{"href":"https:\/\/senoticias.com.br\/se\/wp-json\/wp\/v2\/posts\/104141"}],"collection":[{"href":"https:\/\/senoticias.com.br\/se\/wp-json\/wp\/v2\/posts"}],"about":[{"href":"https:\/\/senoticias.com.br\/se\/wp-json\/wp\/v2\/types\/post"}],"author":[{"embeddable":true,"href":"https:\/\/senoticias.com.br\/se\/wp-json\/wp\/v2\/users\/2"}],"replies":[{"embeddable":true,"href":"https:\/\/senoticias.com.br\/se\/wp-json\/wp\/v2\/comments?post=104141"}],"version-history":[{"count":0,"href":"https:\/\/senoticias.com.br\/se\/wp-json\/wp\/v2\/posts\/104141\/revisions"}],"wp:attachment":[{"href":"https:\/\/senoticias.com.br\/se\/wp-json\/wp\/v2\/media?parent=104141"}],"wp:term":[{"taxonomy":"category","embeddable":true,"href":"https:\/\/senoticias.com.br\/se\/wp-json\/wp\/v2\/categories?post=104141"},{"taxonomy":"post_tag","embeddable":true,"href":"https:\/\/senoticias.com.br\/se\/wp-json\/wp\/v2\/tags?post=104141"}],"curies":[{"name":"wp","href":"https:\/\/api.w.org\/{rel}","templated":true}]}}