{"id":104136,"date":"2017-06-19T13:17:15","date_gmt":"2017-06-19T16:17:15","guid":{"rendered":"http:\/\/senoticias.com.br\/se\/?p=104136"},"modified":"2017-06-19T13:18:32","modified_gmt":"2017-06-19T16:18:32","slug":"prefeito-de-estancia-antecipa-pagamento-da-folha-do-mes-no-dia-21-de-junho","status":"publish","type":"post","link":"https:\/\/senoticias.com.br\/se\/prefeito-de-estancia-antecipa-pagamento-da-folha-do-mes-no-dia-21-de-junho\/","title":{"rendered":"Prefeito de Est\u00e2ncia antecipa pagamento da folha do m\u00eas, no dia 21 de junho"},"content":{"rendered":"<p class=\"m_-4894379510403860274gmail-western\" align=\"justify\"><span style=\"color: #4b4b4b;\"><span style=\"font-family: Roboto, sans-serif;\">O prefeito de Est\u00e2ncia, Gilson Andrade (PTC) vai antecipar o pagamento da folha referente ao m\u00eas de Junho na pr\u00f3xima quarta-feira, dia 21. O gestor municipal explica que por tratar-se de um m\u00eas festivo na cidade, acha justo antecipar o pagamento de todos os servidores efetivos, assim como os comissionados e pensionistas. \u201cAssim como fizemos no m\u00eas de Maio ao realizarmos o pagamento dentro do m\u00eas e de forma antecipada, na pr\u00f3xima quarta-feira, dia 21, e quinta-feira, antev\u00e9spera de S\u00e3o Jo\u00e3o, concluiremos o pagamento de toda folha deste m\u00eas de Junho\u201d, destacou.<\/span><\/span><\/p>\n<div id=\"attachment_70990\" style=\"width: 595px\" class=\"wp-caption aligncenter\"><img loading=\"lazy\" decoding=\"async\" aria-describedby=\"caption-attachment-70990\" class=\"size-full wp-image-70990\" src=\"http:\/\/senoticias.com.br\/se\/wp-content\/uploads\/2014\/10\/Gilson-Andrade-2-net..jpg\" alt=\"Prefeito Gilson Andrade antecipa pagamento da folha do m\u00eas. (Divulga\u00e7\u00e3o\/Ag\u00eancia\" width=\"585\" height=\"388\" srcset=\"https:\/\/senoticias.com.br\/se\/wp-content\/uploads\/2014\/10\/Gilson-Andrade-2-net..jpg 585w, https:\/\/senoticias.com.br\/se\/wp-content\/uploads\/2014\/10\/Gilson-Andrade-2-net.-300x198.jpg 300w, https:\/\/senoticias.com.br\/se\/wp-content\/uploads\/2014\/10\/Gilson-Andrade-2-net.-342x226.jpg 342w\" sizes=\"(max-width: 585px) 100vw, 585px\" \/><p id=\"caption-attachment-70990\" class=\"wp-caption-text\">Prefeito Gilson Andrade antecipa pagamento da folha do m\u00eas. (Foto: arquivo\/Ag\u00eancia Alese)<\/p><\/div>\n<p class=\"m_-4894379510403860274gmail-western\" align=\"justify\">O prefeito Gilson Andrade tamb\u00e9m realizou na \u00faltima sexta-feira, 16, o pagamento de todas as rescis\u00f5es dos cargos comissionados que foram exonerados pelo gestor anterior, referentes ao m\u00eas de novembro de 2016. Al\u00e9m disso, ele aguarda o aval da Procuradoria-Geral e Controladoria do Munic\u00edpio para que tamb\u00e9m seja antecipado o pagamento dos exonerados no m\u00eas de Dezembro, que estava agendado para Julho. \u201cSe n\u00e3o pagarmos todos, pelo menos grande parte viabilizaremos, pois, esse \u00e9 o nosso compromisso\u201d, disse.<\/p>\n<p class=\"m_-4894379510403860274gmail-western\" align=\"justify\">Desde que assumiu a Prefeitura de Est\u00e2ncia, o prefeito Gilson Andrade assumiu o compromisso de pagar em dias todos os fornecedores, prestadores de servi\u00e7os, al\u00e9m de realizar o recolhimento dos encargos sociais. \u201c\u00c9 desta forma que a nossa gest\u00e3o trabalha, compromissada com todos os servidores, prestadores de servi\u00e7os e fornecedores\u201d, frisou.<\/p>\n<p class=\"m_-4894379510403860274gmail-western\" align=\"justify\"><span style=\"color: #4b4b4b;\"><span style=\"font-family: Roboto, sans-serif;\">Confira o Calend\u00e1rio de Pagamento referente ao m\u00eas de Junho\/ 2017:<\/span><\/span><\/p>\n<p class=\"m_-4894379510403860274gmail-western\" align=\"justify\"><strong><span style=\"color: #4b4b4b;\"><span style=\"font-family: Roboto, sans-serif;\">Dia 21 de Junho (Quarta-feira)<\/span><\/span><\/strong><\/p>\n<p class=\"m_-4894379510403860274gmail-western\" align=\"justify\">Superintend\u00eancia Municipal de Transportes e Tr\u00e2nsito (SMTT)<br \/>\n<span style=\"color: #4b4b4b;\"><span style=\"font-family: Roboto, sans-serif;\">Secretaria Municipais da Administra\u00e7\u00e3o Geral, Assist\u00eancia Social, Sa\u00fade, al\u00e9m de Aposentados e Pensionistas<\/span><\/span><\/p>\n<p><strong><span style=\"color: #4b4b4b;\"><span style=\"font-family: Roboto, sans-serif;\">Dia 22 de Junho (Quinta-feira)<\/span><\/span><\/strong><\/p>\n<p class=\"m_-4894379510403860274gmail-western\" align=\"justify\"><span style=\"color: #4b4b4b;\"><span style=\"font-family: Roboto, sans-serif;\">Servi\u00e7o Aut\u00f4nomo de \u00c1gua e Esgoto (SAAE)<br \/>\n<\/span><\/span><span style=\"color: #4b4b4b;\"><span style=\"font-family: Roboto, sans-serif;\">Secretaria Municipal da Educa\u00e7\u00e3o<\/span><\/span><\/p>\n<p class=\"m_-4894379510403860274gmail-western\" align=\"justify\"><strong>Acompanhe tamb\u00e9m o SE Not\u00edcias no<\/strong><span class=\"apple-converted-space\"><b>\u00a0<\/b><\/span><a href=\"https:\/\/twitter.com\/Senoticias\" target=\"_blank\"><b>Twitter<\/b><\/a><strong>,<\/strong><span class=\"apple-converted-space\"><b>\u00a0<\/b><\/span><a href=\"https:\/\/www.facebook.com\/senoticias1\" target=\"_blank\"><b>Facebook<\/b><span class=\"apple-converted-space\"><b>\u00a0<\/b><\/span><\/a><strong>e no<\/strong><span class=\"apple-converted-space\"><b>\u00a0<\/b><\/span><a href=\"https:\/\/www.instagram.com\/senoticias\/\" target=\"_blank\"><b>Instagram<\/b><\/a><\/p>\n<p class=\"m_-4894379510403860274gmail-western\" align=\"justify\"><img loading=\"lazy\" decoding=\"async\" class=\"aligncenter size-full wp-image-103836\" src=\"http:\/\/senoticias.com.br\/se\/wp-content\/uploads\/2017\/06\/Logo-fone-1-2-1-2-4-2.jpg\" alt=\"Logo-fone-1-2-1-2-4-2\" width=\"599\" height=\"78\" srcset=\"https:\/\/senoticias.com.br\/se\/wp-content\/uploads\/2017\/06\/Logo-fone-1-2-1-2-4-2.jpg 599w, https:\/\/senoticias.com.br\/se\/wp-content\/uploads\/2017\/06\/Logo-fone-1-2-1-2-4-2-300x39.jpg 300w\" sizes=\"(max-width: 599px) 100vw, 599px\" \/><\/p>\n<p class=\"m_-4894379510403860274gmail-western\" align=\"justify\"><em>por ascom\/Est\u00e2ncia<\/em><\/p>\n","protected":false},"excerpt":{"rendered":"<p>O prefeito de Est\u00e2ncia, Gilson Andrade (PTC) vai antecipar o pagamento da folha referente ao m\u00eas de Junho na pr\u00f3xima quarta-feira, dia 21. O gestor municipal explica que por tratar-se de um m\u00eas festivo na cidade, acha justo antecipar o pagamento de todos os servidores efetivos, assim como os comissionados e pensionistas. \u201cAssim como fizemos [&hellip;]<\/p>\n","protected":false},"author":2,"featured_media":70990,"comment_status":"closed","ping_status":"closed","sticky":false,"template":"","format":"standard","meta":{"footnotes":""},"categories":[15],"tags":[4219,4220,4218],"class_list":{"0":"post-104136","1":"post","2":"type-post","3":"status-publish","4":"format-standard","5":"has-post-thumbnail","7":"category-destaques","8":"tag-antecipa-pagamento","9":"tag-folha-do-mes","10":"tag-prefeito-de-estancia"},"_links":{"self":[{"href":"https:\/\/senoticias.com.br\/se\/wp-json\/wp\/v2\/posts\/104136"}],"collection":[{"href":"https:\/\/senoticias.com.br\/se\/wp-json\/wp\/v2\/posts"}],"about":[{"href":"https:\/\/senoticias.com.br\/se\/wp-json\/wp\/v2\/types\/post"}],"author":[{"embeddable":true,"href":"https:\/\/senoticias.com.br\/se\/wp-json\/wp\/v2\/users\/2"}],"replies":[{"embeddable":true,"href":"https:\/\/senoticias.com.br\/se\/wp-json\/wp\/v2\/comments?post=104136"}],"version-history":[{"count":0,"href":"https:\/\/senoticias.com.br\/se\/wp-json\/wp\/v2\/posts\/104136\/revisions"}],"wp:featuredmedia":[{"embeddable":true,"href":"https:\/\/senoticias.com.br\/se\/wp-json\/wp\/v2\/media\/70990"}],"wp:attachment":[{"href":"https:\/\/senoticias.com.br\/se\/wp-json\/wp\/v2\/media?parent=104136"}],"wp:term":[{"taxonomy":"category","embeddable":true,"href":"https:\/\/senoticias.com.br\/se\/wp-json\/wp\/v2\/categories?post=104136"},{"taxonomy":"post_tag","embeddable":true,"href":"https:\/\/senoticias.com.br\/se\/wp-json\/wp\/v2\/tags?post=104136"}],"curies":[{"name":"wp","href":"https:\/\/api.w.org\/{rel}","templated":true}]}}