{"id":104133,"date":"2017-06-19T12:36:44","date_gmt":"2017-06-19T15:36:44","guid":{"rendered":"http:\/\/senoticias.com.br\/se\/?p=104133"},"modified":"2017-06-20T05:23:00","modified_gmt":"2017-06-20T08:23:00","slug":"alguns-secretarios-queimam-o-governo-afirma-fabio-reis","status":"publish","type":"post","link":"https:\/\/senoticias.com.br\/se\/alguns-secretarios-queimam-o-governo-afirma-fabio-reis\/","title":{"rendered":"\u201cAlguns secret\u00e1rios queimam o governo\u201d, afirma F\u00e1bio Reis"},"content":{"rendered":"<p style=\"text-align: justify;\"><em>&#8220;Nosso candidato a Governador j\u00e1 est\u00e1 decidido e ser\u00e1 Belivaldo Chagas. E um senador ser\u00e1 Jackson Barreto, isto j\u00e1 \u00e9 fato consumado, n\u00e3o se discute mais&#8221;.<\/em><\/p>\n<div id=\"attachment_104134\" style=\"width: 610px\" class=\"wp-caption aligncenter\"><img loading=\"lazy\" decoding=\"async\" aria-describedby=\"caption-attachment-104134\" class=\"size-full wp-image-104134\" src=\"http:\/\/senoticias.com.br\/se\/wp-content\/uploads\/2017\/06\/Deputado-Fabio-Reis-SENOTICIAS.jpg\" alt=\"Alguns secret\u00e1rios queimam o governo\u201d, afirma F\u00e1bio Reis\" width=\"600\" height=\"900\" srcset=\"https:\/\/senoticias.com.br\/se\/wp-content\/uploads\/2017\/06\/Deputado-Fabio-Reis-SENOTICIAS.jpg 600w, https:\/\/senoticias.com.br\/se\/wp-content\/uploads\/2017\/06\/Deputado-Fabio-Reis-SENOTICIAS-200x300.jpg 200w\" sizes=\"(max-width: 600px) 100vw, 600px\" \/><p id=\"caption-attachment-104134\" class=\"wp-caption-text\">Alguns secret\u00e1rios queimam o governo\u201d, afirma F\u00e1bio Reis. (Foto: arquivo\/F\u00e1bio Reis)<\/p><\/div>\n<p style=\"text-align: justify;\">Nesta entrevista concedida ao BLOG DO MAX\/JORNAL DA CIDADE, o deputado federal <strong>F\u00e1bio Reis (PMDB)<\/strong> confirma que recebeu convites de outros partidos, mas n\u00e3o pensa em mudar de sigla.<\/p>\n<p style=\"text-align: justify;\">Sobre as cobran\u00e7as que fez ao governo recentemente, <strong>o deputado disse que s\u00e3o naturais de um aliado<\/strong>. \u201cN\u00e3o posso cobrar isso da oposi\u00e7\u00e3o, n\u00e9\u201d?, falou Reis.<\/p>\n<p>&nbsp;<\/p>\n<p style=\"text-align: justify;\">Ele avaliou ainda que<strong> tendo em vista o dif\u00edcil momento econ\u00f4mico, o governador Jackson Barreto tem feito um bom trabalho<\/strong> \u2013 mas reclama: \u201cEm alguns casos existem \u2018auxiliares que n\u00e3o se mexem na cadeira e pensam apenas neles mesmos ou na elei\u00e7\u00e3o do chefe pol\u00edtico deles\u201d.<\/p>\n<p>&nbsp;<\/p>\n<p>Confira abaixo a entrevista completa, onde o parlamentar ainda opina sobre o momento pol\u00edtico nacional.<\/p>\n<p style=\"text-align: justify;\"><strong>BLOG DO MAX\u00a0&#8211; O presidente Temer conseguir\u00e1 chegar ao final do mandato?<\/strong><br \/>\n<strong>F\u00e1bio Reis<\/strong> &#8211; N\u00f3s vimemos em uma democracia. Hoje n\u00f3s temos um pa\u00eds dividido entre quem n\u00e3o gosta do presidente e quem gosta, entre quem quer ver o circo pegar fogo e quem quer fazer o correto. O \u00f3rg\u00e3o pol\u00edtico que poderia afastar o presidente seria o Tribunal Superior Eleitoral, que n\u00e3o o afastou por que o pa\u00eds precisa de estabilidade. Ent\u00e3o este assunto foi encerrado e o que temos neste momento \u00e9 que pensar na estabilidade do Pa\u00eds. Estados come\u00e7am a novamente atrasar sal\u00e1rios de servidores, o que \u00e9 preocupante. Temos que ajudar o governo a retomar o crescimento, para a ind\u00fastria produzir, para o com\u00e9rcio voltar a vender e para que haja a retomada da gera\u00e7\u00e3o do emprego. Essa deve ser a nossa prioridade. Quest\u00f5es de ordem jur\u00eddica devem ser analisadas pelo judici\u00e1rio e fiscalizadas pelo Minist\u00e9rio P\u00fablico, de forma independente. Na minha opini\u00e3o, n\u00e3o cabe ao Congresso analisar quest\u00f5es judicias.<\/p>\n<p style=\"text-align: justify;\"><strong>BM\u00a0&#8211; Com o julgamento do TSE o senhor avalia que a pior parte da turbul\u00eancia pol\u00edtica j\u00e1 passou, ou muita coisa est\u00e1 por vir?<\/strong><br \/>\n<strong>FR &#8211;<\/strong> N\u00e3o temos como mensurar. A verdade \u00e9 que vivemos tempos dif\u00edceis, mas cabe a cada um de n\u00f3s saber que perante a lei ningu\u00e9m pode ser tratado diferente. Todos somos iguais e temos as mesmas obriga\u00e7\u00f5es e deveres. \u00c9 preciso que o MPF, o judici\u00e1rio e a Pol\u00edcia Federal continuem tendo independ\u00eancia, porque ningu\u00e9m pode estar acima da lei.<\/p>\n<p style=\"text-align: justify;\"><strong>BM\u00a0&#8211; O atual governo tem sido bom para Sergipe? Tem garantido recursos para o estado?<\/strong><br \/>\n<strong>FR &#8211;<\/strong> O governador tem feito das tripas cora\u00e7\u00e3o para pagar o sal\u00e1rio em dia, mandou fazer cortes em custeio, mandou reduzir despesas, criou recentemente um grupo muito bom para captar recursos federais. JB tem feito a parte dele, o problema em alguns casos \u00e9 o auxiliar que n\u00e3o se mexe na cadeira e pensa apenas nele ou na elei\u00e7\u00e3o do chefe pol\u00edtico dele. A\u00ed fica complicado.<\/p>\n<p>&nbsp;<\/p>\n<p style=\"text-align: justify;\"><strong>BM\u00a0&#8211; O l\u00edder do governo, deputado Andr\u00e9 Moura, tem sido procurado por gestores e pol\u00edticos, na busca de verbas para o estado. Ele tem efetivamente conseguido verbas importantes?<\/strong><br \/>\n<strong>FR &#8211;<\/strong> Andr\u00e9 estava no lugar certo e na hora certa. Tem aproveitado a oportunidade e capitalizado politicamente muito bem suas a\u00e7\u00f5es.<\/p>\n<p style=\"text-align: justify;\"><strong>BM- A parceria entre Andr\u00e9 Moura e Jackson Barreto pode evoluir para a \u00e1rea pol\u00edtica? O senhor acha que eles podem estar juntos em 2018?<\/strong><br \/>\n<strong>FR &#8211;<\/strong> Em pol\u00edtica eu j\u00e1 vi de tudo e n\u00e3o duvido de nada, mas neste caso e na atual conjuntura, para um apoio majorit\u00e1rio a chance seria zero. Nosso candidato a Governador j\u00e1 est\u00e1 decidido e ser\u00e1 Belivaldo Chagas. E um senador ser\u00e1 Jackson Barreto, isto j\u00e1 \u00e9 fato consumado, n\u00e3o se discute mais.<\/p>\n<p><strong>BM- Recentemente foi ventilada a possibilidade de o senhor deixar o PMDB. Existe essa possibilidade? O senhor est\u00e1 satisfeito com o seu partido hoje?<\/strong><br \/>\n<strong>FR &#8211;<\/strong> H\u00e1 duas situa\u00e7\u00f5es que preciso deixar claro. Sim, fui convidado por dois partidos a mudar de legenda, mas n\u00e3o tenho nenhum motivo para deixar o PMDB. At\u00e9 por que o pr\u00f3prio Jackson Barreto j\u00e1 reiterou seu apoio publicamente a mim, que votar\u00e1 novamente como na \u00faltima elei\u00e7\u00e3o. Ent\u00e3o, tenho motivos para ficar no PMDB.<\/p>\n<p>&nbsp;<\/p>\n<p style=\"text-align: justify;\"><strong>BM\u00a0&#8211; Recentemente o senhor fez cobran\u00e7as ao governador Jackson Barreto. Est\u00e1 tudo bem na rela\u00e7\u00e3o pol\u00edtica entre voc\u00eas, h\u00e1 alguma rusga?<\/strong><br \/>\n<strong>FR &#8211;<\/strong> Est\u00e1 t\u00e3o bem que na mesma semana o Governador j\u00e1 autorizou a licita\u00e7\u00e3o de uma das obras que solicitamos para regi\u00e3o centro-sul, a da rodovia q liga Po\u00e7o Verde a Tobias Barreto. Faltam as outras, a duplica\u00e7\u00e3o da rodovia da entrada de Lagarto e outras mais. Precisa resolver a duplica\u00e7\u00e3o da rodovia Jo\u00e3o Bebe \u00c1gua, em S\u00e3o Crist\u00f3v\u00e3o,<br \/>\ntem a quest\u00e3o de uma ind\u00fastria para gerar emprego l\u00e1 tamb\u00e9m. O prefeito Marcos j\u00e1 est\u00e1 disponibilizando a \u00e1rea e o governo deve ajudar a levar ind\u00fastria em bem pouco tempo. As cobran\u00e7as s\u00e3o naturais e de aliado. N\u00e3o posso cobrar isso da oposi\u00e7\u00e3o, n\u00e9?<\/p>\n<p style=\"text-align: justify;\"><strong>BM- Como o senhor tem avaliado o governo de Jackson? Quais seriam os principais problemas?<\/strong><br \/>\n<strong>FR &#8211;<\/strong> Daria uma nota 7,00 ao governo, como um todo. Com as dificuldades pelas quais o pa\u00eds passa, tem sido um governo bom para o povo sergipano. Os maiores problemas deles s\u00e3o os auxiliares, que n\u00e3o incorporam o esp\u00edrito de grupo e n\u00e3o abra\u00e7am o projeto do governo. O que o governador e seu vice Belivaldo fazem para melhorar, eles desfazem e queimam o governo. Alguns secret\u00e1rios queimam o governo.<\/p>\n<p><strong>BM- O PMDB ter\u00e1 mesmo candidato ao Governo, em 2018? Belivaldo Chagas \u00e9 o \u00fanico nome ou existem outros?<\/strong><br \/>\n<strong>FR \u2013<\/strong> O PMDB j\u00e1 tem nome e candidato: Belivaldo Chagas. No momento oportuno isso ser\u00e1 dito oficialmente pelo governador JB.<\/p>\n<p><strong>BM\u00a0&#8211; Estando filiado ao PMDB, partido do presidente, o senhor tem conseguido trazer recursos para o estado? Tem liberado emendas? <\/strong><br \/>\n<strong>FR<\/strong> &#8211; Eu j\u00e1 consegui mais de R$ 116 milh\u00f5es para todo o estado de Sergipe, em quase todas as \u00e1reas. Mas Sa\u00fade, Educa\u00e7\u00e3o e Esporte t\u00eam sido a minha prioridade.<\/p>\n<p style=\"text-align: justify;\"><img loading=\"lazy\" decoding=\"async\" class=\"aligncenter size-full wp-image-103836\" src=\"http:\/\/senoticias.com.br\/se\/wp-content\/uploads\/2017\/06\/Logo-fone-1-2-1-2-4-2.jpg\" alt=\"Logo-fone-1-2-1-2-4-2\" width=\"599\" height=\"78\" srcset=\"https:\/\/senoticias.com.br\/se\/wp-content\/uploads\/2017\/06\/Logo-fone-1-2-1-2-4-2.jpg 599w, https:\/\/senoticias.com.br\/se\/wp-content\/uploads\/2017\/06\/Logo-fone-1-2-1-2-4-2-300x39.jpg 300w\" sizes=\"(max-width: 599px) 100vw, 599px\" \/><\/p>\n<p style=\"text-align: justify;\"><strong>Acompanhe tamb\u00e9m o SE Not\u00edcias no<\/strong><span class=\"apple-converted-space\"><b>\u00a0<\/b><\/span><a href=\"https:\/\/twitter.com\/Senoticias\" target=\"_blank\"><b>Twitter<\/b><\/a><strong>,<\/strong><span class=\"apple-converted-space\"><b>\u00a0<\/b><\/span><a href=\"https:\/\/www.facebook.com\/senoticias1\" target=\"_blank\"><b>Facebook<\/b><span class=\"apple-converted-space\"><b>\u00a0<\/b><\/span><\/a><strong>e no<\/strong><span class=\"apple-converted-space\"><b>\u00a0<\/b><\/span><a href=\"https:\/\/www.instagram.com\/senoticias\/\" target=\"_blank\"><b>Instagram<\/b><\/a><\/p>\n<p style=\"text-align: justify;\"><em>Mat\u00e9ria extra\u00edda do <a href=\"http:\/\/blogdomax.net\/noticias\/alguns-secretarios-queimam-o-governo-afirma-fabio-reis\">Blog do Max<\/a><\/em><\/p>\n","protected":false},"excerpt":{"rendered":"<p>&#8220;Nosso candidato a Governador j\u00e1 est\u00e1 decidido e ser\u00e1 Belivaldo Chagas. E um senador ser\u00e1 Jackson Barreto, isto j\u00e1 \u00e9 fato consumado, n\u00e3o se discute mais&#8221;. Nesta entrevista concedida ao BLOG DO MAX\/JORNAL DA CIDADE, o deputado federal F\u00e1bio Reis (PMDB) confirma que recebeu convites de outros partidos, mas n\u00e3o pensa em mudar de sigla. [&hellip;]<\/p>\n","protected":false},"author":2,"featured_media":104134,"comment_status":"closed","ping_status":"closed","sticky":false,"template":"","format":"standard","meta":{"footnotes":""},"categories":[15,6],"tags":[4215,4216,4214,4217],"class_list":{"0":"post-104133","1":"post","2":"type-post","3":"status-publish","4":"format-standard","5":"has-post-thumbnail","7":"category-destaques","8":"category-politica","9":"tag-alguns-secretarios","10":"tag-deputado-federal","11":"tag-fabio-reis","12":"tag-federal-fabio-reis"},"_links":{"self":[{"href":"https:\/\/senoticias.com.br\/se\/wp-json\/wp\/v2\/posts\/104133"}],"collection":[{"href":"https:\/\/senoticias.com.br\/se\/wp-json\/wp\/v2\/posts"}],"about":[{"href":"https:\/\/senoticias.com.br\/se\/wp-json\/wp\/v2\/types\/post"}],"author":[{"embeddable":true,"href":"https:\/\/senoticias.com.br\/se\/wp-json\/wp\/v2\/users\/2"}],"replies":[{"embeddable":true,"href":"https:\/\/senoticias.com.br\/se\/wp-json\/wp\/v2\/comments?post=104133"}],"version-history":[{"count":0,"href":"https:\/\/senoticias.com.br\/se\/wp-json\/wp\/v2\/posts\/104133\/revisions"}],"wp:featuredmedia":[{"embeddable":true,"href":"https:\/\/senoticias.com.br\/se\/wp-json\/wp\/v2\/media\/104134"}],"wp:attachment":[{"href":"https:\/\/senoticias.com.br\/se\/wp-json\/wp\/v2\/media?parent=104133"}],"wp:term":[{"taxonomy":"category","embeddable":true,"href":"https:\/\/senoticias.com.br\/se\/wp-json\/wp\/v2\/categories?post=104133"},{"taxonomy":"post_tag","embeddable":true,"href":"https:\/\/senoticias.com.br\/se\/wp-json\/wp\/v2\/tags?post=104133"}],"curies":[{"name":"wp","href":"https:\/\/api.w.org\/{rel}","templated":true}]}}