{"id":104131,"date":"2017-06-19T09:40:22","date_gmt":"2017-06-19T12:40:22","guid":{"rendered":"http:\/\/senoticias.com.br\/se\/?p=104131"},"modified":"2017-06-19T09:43:08","modified_gmt":"2017-06-19T12:43:08","slug":"forca-nacional-apreende-9kg-de-maconha-no-santa-maria","status":"publish","type":"post","link":"https:\/\/senoticias.com.br\/se\/forca-nacional-apreende-9kg-de-maconha-no-santa-maria\/","title":{"rendered":"For\u00e7a Nacional apreende 9kg de maconha no Santa Maria"},"content":{"rendered":"<p style=\"text-align: justify;\">Nessa sexta-feira, 16, uma guarni\u00e7\u00e3o da For\u00e7a Nacional prendeu um homem e apreendeu 9kg de maconha no bairro Santa Maria, na \u00e1rea do conjunto Marivan. Os policiais faziam patrulhamento ostensivo no local quando pararam um ve\u00edculo Fox cinza de placa IAI 0100, onde encontraram a droga.<\/p>\n<div id=\"attachment_104132\" style=\"width: 609px\" class=\"wp-caption aligncenter\"><img loading=\"lazy\" decoding=\"async\" aria-describedby=\"caption-attachment-104132\" class=\"size-full wp-image-104132\" src=\"http:\/\/senoticias.com.br\/se\/wp-content\/uploads\/2017\/06\/Forca-naciona-SE-Noticias-e1497875877203.jpg\" alt=\"A a\u00e7\u00e3o aconteceu durante patrulhamento de rotina\" width=\"599\" height=\"382\" \/><p id=\"caption-attachment-104132\" class=\"wp-caption-text\">A a\u00e7\u00e3o aconteceu durante patrulhamento de rotina da For\u00e7a Nacional. (Foto: arquivo\/SSP\/SE)<\/p><\/div>\n<p>O indiv\u00edduo que estava no banco do carona conseguiu fugir por um matagal nas proximidades. Ao realizar a revista ao ve\u00edculo, foram encontrados dez tabletes de maconha prensada, que resultava em nove quilos ao total, uma faca de ca\u00e7a,um rel\u00f3gio dourado,tr\u00eas celulares e R$380,00 em dinheiro. O condutor, identificado como Cristiano dos Santos, assumiu ser o propriet\u00e1rio da droga.<\/p>\n<p>Diante dos fatos apresentados, ele foi encaminhado \u00e0 Delegacia Plantonista Sul, onde foi autuado por tr\u00e1fico de drogas.<\/p>\n<p style=\"text-align: justify;\"><img loading=\"lazy\" decoding=\"async\" class=\"aligncenter size-full wp-image-103836\" src=\"http:\/\/senoticias.com.br\/se\/wp-content\/uploads\/2017\/06\/Logo-fone-1-2-1-2-4-2.jpg\" alt=\"Logo-fone-1-2-1-2-4-2\" width=\"599\" height=\"78\" srcset=\"https:\/\/senoticias.com.br\/se\/wp-content\/uploads\/2017\/06\/Logo-fone-1-2-1-2-4-2.jpg 599w, https:\/\/senoticias.com.br\/se\/wp-content\/uploads\/2017\/06\/Logo-fone-1-2-1-2-4-2-300x39.jpg 300w\" sizes=\"(max-width: 599px) 100vw, 599px\" \/><\/p>\n<p style=\"text-align: justify;\"><strong>Acompanhe tamb\u00e9m o SE Not\u00edcias no<\/strong><span class=\"apple-converted-space\"><b>\u00a0<\/b><\/span><a href=\"https:\/\/twitter.com\/Senoticias\" target=\"_blank\"><b>Twitter<\/b><\/a><strong>,<\/strong><span class=\"apple-converted-space\"><b>\u00a0<\/b><\/span><a href=\"https:\/\/www.facebook.com\/senoticias1\" target=\"_blank\"><b>Facebook<\/b><span class=\"apple-converted-space\"><b>\u00a0<\/b><\/span><\/a><strong>e no<\/strong><span class=\"apple-converted-space\"><b>\u00a0<\/b><\/span><a href=\"https:\/\/www.instagram.com\/senoticias\/\" target=\"_blank\"><b>Instagram<\/b><\/a><\/p>\n<p style=\"text-align: justify;\"><em>por ascom\/SSP\/SE<\/em><\/p>\n","protected":false},"excerpt":{"rendered":"<p>Nessa sexta-feira, 16, uma guarni\u00e7\u00e3o da For\u00e7a Nacional prendeu um homem e apreendeu 9kg de maconha no bairro Santa Maria, na \u00e1rea do conjunto Marivan. Os policiais faziam patrulhamento ostensivo no local quando pararam um ve\u00edculo Fox cinza de placa IAI 0100, onde encontraram a droga. O indiv\u00edduo que estava no banco do carona conseguiu [&hellip;]<\/p>\n","protected":false},"author":2,"featured_media":104132,"comment_status":"closed","ping_status":"closed","sticky":false,"template":"","format":"standard","meta":{"footnotes":""},"categories":[15,7],"tags":[4213,1729,324],"class_list":{"0":"post-104131","1":"post","2":"type-post","3":"status-publish","4":"format-standard","5":"has-post-thumbnail","7":"category-destaques","8":"category-policia","9":"tag-9kg-de-maconha","10":"tag-forca-nacional","11":"tag-santa-maria"},"_links":{"self":[{"href":"https:\/\/senoticias.com.br\/se\/wp-json\/wp\/v2\/posts\/104131"}],"collection":[{"href":"https:\/\/senoticias.com.br\/se\/wp-json\/wp\/v2\/posts"}],"about":[{"href":"https:\/\/senoticias.com.br\/se\/wp-json\/wp\/v2\/types\/post"}],"author":[{"embeddable":true,"href":"https:\/\/senoticias.com.br\/se\/wp-json\/wp\/v2\/users\/2"}],"replies":[{"embeddable":true,"href":"https:\/\/senoticias.com.br\/se\/wp-json\/wp\/v2\/comments?post=104131"}],"version-history":[{"count":0,"href":"https:\/\/senoticias.com.br\/se\/wp-json\/wp\/v2\/posts\/104131\/revisions"}],"wp:featuredmedia":[{"embeddable":true,"href":"https:\/\/senoticias.com.br\/se\/wp-json\/wp\/v2\/media\/104132"}],"wp:attachment":[{"href":"https:\/\/senoticias.com.br\/se\/wp-json\/wp\/v2\/media?parent=104131"}],"wp:term":[{"taxonomy":"category","embeddable":true,"href":"https:\/\/senoticias.com.br\/se\/wp-json\/wp\/v2\/categories?post=104131"},{"taxonomy":"post_tag","embeddable":true,"href":"https:\/\/senoticias.com.br\/se\/wp-json\/wp\/v2\/tags?post=104131"}],"curies":[{"name":"wp","href":"https:\/\/api.w.org\/{rel}","templated":true}]}}