{"id":104114,"date":"2017-06-18T18:06:35","date_gmt":"2017-06-18T21:06:35","guid":{"rendered":"http:\/\/senoticias.com.br\/se\/?p=104114"},"modified":"2017-06-18T18:07:16","modified_gmt":"2017-06-18T21:07:16","slug":"mais-um-acidente-envolvendo-onibus-e-veiculo-e-registrado-em-aracaju","status":"publish","type":"post","link":"https:\/\/senoticias.com.br\/se\/mais-um-acidente-envolvendo-onibus-e-veiculo-e-registrado-em-aracaju\/","title":{"rendered":"Mais um acidente envolvendo \u00f4nibus \u00e9 registrado em Aracaju"},"content":{"rendered":"<div class=\"mc-column content-text active-extra-styles active-capital-letter\" data-block-type=\"unstyled\" data-block-weight=\"26\">\n<p class=\"content-text__container theme-color-primary-first-letter\" style=\"text-align: justify;\" data-track-category=\"Link no Texto\" data-track-links=\"\">Neste domingo (18), a Superintend\u00eancia Municipal de Transporte e Tr\u00e2nsito (SMTT) registrou mais um acidente envolvendo um \u00f4nibus da empresa Tropical, que colidiu com um ve\u00edculo entre a Ruas S\u00e3o Crist\u00f3v\u00e3o e Bas\u00edlio Rocha, no Bairro Get\u00falio Vargas, em Aracaju, por volta das 11h\u00a0deste domingo.<\/p>\n<div id=\"attachment_104115\" style=\"width: 595px\" class=\"wp-caption aligncenter\"><img loading=\"lazy\" decoding=\"async\" aria-describedby=\"caption-attachment-104115\" class=\"size-full wp-image-104115\" src=\"http:\/\/senoticias.com.br\/se\/wp-content\/uploads\/2017\/06\/Acidente-Aracaju-SE-NOTICIAS.jpeg\" alt=\" O \u00f4nibus envolvido \u00e9 da empresa Tropical.\" width=\"585\" height=\"306\" srcset=\"https:\/\/senoticias.com.br\/se\/wp-content\/uploads\/2017\/06\/Acidente-Aracaju-SE-NOTICIAS.jpeg 585w, https:\/\/senoticias.com.br\/se\/wp-content\/uploads\/2017\/06\/Acidente-Aracaju-SE-NOTICIAS-300x157.jpeg 300w\" sizes=\"(max-width: 585px) 100vw, 585px\" \/><p id=\"caption-attachment-104115\" class=\"wp-caption-text\"><br \/>O \u00f4nibus envolvido \u00e9 da empresa Tropical. (Foto: redes sociais)<\/p><\/div>\n<\/div>\n<div class=\"mc-column content-text active-extra-styles \" data-block-type=\"unstyled\" data-block-weight=\"29\">\n<p class=\"content-text__container \" style=\"text-align: justify;\" data-track-category=\"Link no Texto\" data-track-links=\"\">O Servi\u00e7o de Atendimento M\u00f3vel de Urg\u00eancia (Samu) foi acionado e prestou os primeiros socorros. Todas as v\u00edtimas foram encaminhadas para Huse, receberam os primeiros atendimentos e foram\u00a0liberados em seguida.<\/p>\n<p class=\"content-text__container \" style=\"text-align: justify;\" data-track-category=\"Link no Texto\" data-track-links=\"\"><strong>Outro acidente<\/strong><\/p>\n<p class=\"content-text__container \" style=\"text-align: justify;\" data-track-category=\"Link no Texto\" data-track-links=\"\">No in\u00edcio da tarde de sexta-feira, 16 de junho, a ex-cantora da Banda Cavaleiros do Forr\u00f3, Eliza Cl\u00edvia, 36 anos, e seu marido, S\u00e9rgio Ramos, morreram em um acidente de tr\u00e2nsito envolvendo um \u00f4nibus do transporte p\u00fablico coletivo e um carro de passeio. <a href=\"http:\/\/senoticias.com.br\/se\/duas-pessoas-morrem-em-acidente-de-transito-no-centro-de-aracaju\/\">O acidente aconteceu no cruzamento entre as ruas Maruim e Arau\u00e1, no Centro da capital Aracaju.<\/a><\/p>\n<p class=\"content-text__container \" style=\"text-align: justify;\" data-track-category=\"Link no Texto\" data-track-links=\"\"><img loading=\"lazy\" decoding=\"async\" class=\"aligncenter size-full wp-image-103836\" src=\"http:\/\/senoticias.com.br\/se\/wp-content\/uploads\/2017\/06\/Logo-fone-1-2-1-2-4-2.jpg\" alt=\"Logo-fone-1-2-1-2-4-2\" width=\"599\" height=\"78\" srcset=\"https:\/\/senoticias.com.br\/se\/wp-content\/uploads\/2017\/06\/Logo-fone-1-2-1-2-4-2.jpg 599w, https:\/\/senoticias.com.br\/se\/wp-content\/uploads\/2017\/06\/Logo-fone-1-2-1-2-4-2-300x39.jpg 300w\" sizes=\"(max-width: 599px) 100vw, 599px\" \/><\/p>\n<p class=\"content-text__container \" style=\"text-align: justify;\" data-track-category=\"Link no Texto\" data-track-links=\"\"><strong>Acompanhe tamb\u00e9m o SE Not\u00edcias no<\/strong><span class=\"apple-converted-space\"><b>\u00a0<\/b><\/span><a href=\"https:\/\/twitter.com\/Senoticias\" target=\"_blank\"><b>Twitter<\/b><\/a><strong>,<\/strong><span class=\"apple-converted-space\"><b>\u00a0<\/b><\/span><a href=\"https:\/\/www.facebook.com\/senoticias1\" target=\"_blank\"><b>Facebook<\/b><span class=\"apple-converted-space\"><b>\u00a0<\/b><\/span><\/a><strong>e no<\/strong><span class=\"apple-converted-space\"><b>\u00a0<\/b><\/span><a href=\"https:\/\/www.instagram.com\/senoticias\/\" target=\"_blank\"><b>Instagram<\/b><\/a><\/p>\n<\/div>\n<p class=\"content-text__container \" style=\"text-align: justify;\" data-track-category=\"Link no Texto\" data-track-links=\"\">\n","protected":false},"excerpt":{"rendered":"<p>Neste domingo (18), a Superintend\u00eancia Municipal de Transporte e Tr\u00e2nsito (SMTT) registrou mais um acidente envolvendo um \u00f4nibus da empresa Tropical, que colidiu com um ve\u00edculo entre a Ruas S\u00e3o Crist\u00f3v\u00e3o e Bas\u00edlio Rocha, no Bairro Get\u00falio Vargas, em Aracaju, por volta das 11h\u00a0deste domingo. O Servi\u00e7o de Atendimento M\u00f3vel de Urg\u00eancia (Samu) foi acionado [&hellip;]<\/p>\n","protected":false},"author":2,"featured_media":104115,"comment_status":"closed","ping_status":"closed","sticky":false,"template":"","format":"standard","meta":{"footnotes":""},"categories":[15],"tags":[61,339,2875],"class_list":{"0":"post-104114","1":"post","2":"type-post","3":"status-publish","4":"format-standard","5":"has-post-thumbnail","7":"category-destaques","8":"tag-acidente","9":"tag-aracaju","10":"tag-onibus"},"_links":{"self":[{"href":"https:\/\/senoticias.com.br\/se\/wp-json\/wp\/v2\/posts\/104114"}],"collection":[{"href":"https:\/\/senoticias.com.br\/se\/wp-json\/wp\/v2\/posts"}],"about":[{"href":"https:\/\/senoticias.com.br\/se\/wp-json\/wp\/v2\/types\/post"}],"author":[{"embeddable":true,"href":"https:\/\/senoticias.com.br\/se\/wp-json\/wp\/v2\/users\/2"}],"replies":[{"embeddable":true,"href":"https:\/\/senoticias.com.br\/se\/wp-json\/wp\/v2\/comments?post=104114"}],"version-history":[{"count":0,"href":"https:\/\/senoticias.com.br\/se\/wp-json\/wp\/v2\/posts\/104114\/revisions"}],"wp:featuredmedia":[{"embeddable":true,"href":"https:\/\/senoticias.com.br\/se\/wp-json\/wp\/v2\/media\/104115"}],"wp:attachment":[{"href":"https:\/\/senoticias.com.br\/se\/wp-json\/wp\/v2\/media?parent=104114"}],"wp:term":[{"taxonomy":"category","embeddable":true,"href":"https:\/\/senoticias.com.br\/se\/wp-json\/wp\/v2\/categories?post=104114"},{"taxonomy":"post_tag","embeddable":true,"href":"https:\/\/senoticias.com.br\/se\/wp-json\/wp\/v2\/tags?post=104114"}],"curies":[{"name":"wp","href":"https:\/\/api.w.org\/{rel}","templated":true}]}}