{"id":104112,"date":"2017-06-18T14:40:43","date_gmt":"2017-06-18T17:40:43","guid":{"rendered":"http:\/\/senoticias.com.br\/se\/?p=104112"},"modified":"2017-06-18T14:41:35","modified_gmt":"2017-06-18T17:41:35","slug":"com-19-trios-eletricos-parada-gay-reune-multidao-em-sao-paulo","status":"publish","type":"post","link":"https:\/\/senoticias.com.br\/se\/com-19-trios-eletricos-parada-gay-reune-multidao-em-sao-paulo\/","title":{"rendered":"Com 19 trios el\u00e9tricos, Parada Gay re\u00fane multid\u00e3o em S\u00e3o Paulo"},"content":{"rendered":"<p>&nbsp;<\/p>\n<p style=\"text-align: justify;\">A 21\u00aa Parada do Orgulho LGBT de S\u00e3o Paulo acontece neste domingo (18) em S\u00e3o Paulo com previs\u00e3o de reunir 3 milh\u00f5es de pessoas. No total, 19 trios el\u00e9tricos desfilam em trajeto que come\u00e7ou na Avenida Paulista e descer\u00e1 a Rua da Consola\u00e7\u00e3o, chegando ao Vale do Anhangaba\u00fa.<\/p>\n<p style=\"text-align: justify;\">O evento come\u00e7ou oficialmente \u00e0s 12h30. O tema deste ano \u00e9 &#8220;Independente de nossas cren\u00e7as, nenhuma religi\u00e3o \u00e9 lei. Todas e todos por um estado laico&#8221;.<\/p>\n<div id=\"attachment_104113\" style=\"width: 609px\" class=\"wp-caption aligncenter\"><img loading=\"lazy\" decoding=\"async\" aria-describedby=\"caption-attachment-104113\" class=\"size-full wp-image-104113\" src=\"http:\/\/senoticias.com.br\/se\/wp-content\/uploads\/2017\/06\/PARADA-GUEY-SAO-PAULO-SENOTICIAS-e1497807507839.jpg\" alt=\"Naiara Azevedo, Daniela Mercury e Anitta participam da parada (Foto: Tiago Caldas\/Ag. Haack; Leonardo Benassatto\/Framephoto\/Estad\u00e3o Conte\u00fado; Elias Dantas\/Ag.Haack) )\" width=\"599\" height=\"375\" \/><p id=\"caption-attachment-104113\" class=\"wp-caption-text\">Naiara Azevedo, Daniela Mercury e Anitta participam da parada (Foto: Tiago Caldas\/Ag. Haack; Leonardo Benassatto\/Framephoto\/Estad\u00e3o Conte\u00fado; Elias Dantas\/Ag.Haack) )<\/p><\/div>\n<p style=\"text-align: justify;\">\u00c0s 11h, a Avenida Paulista j\u00e1 estava tomada de participantes, v\u00e1rios com fantasias especiais para o evento. A via tamb\u00e9m est\u00e1 decorada, e as cores lembrando um arco-\u00edris est\u00e3o presentes em faIxas de pedestres, em bal\u00f5es de g\u00e1s e no Conjunto Nacional, pr\u00e9dio que \u00e9 um dos s\u00edmbolos da avenida.<\/p>\n<p style=\"text-align: justify;\">Anitta e Naiara Azevedo v\u00e3o se apresentar no trio patrocinado por uma empresa de transporte individual de passageiros. Junto com elas, na festa batizada de Ch\u00e1 da Alice, estar\u00e3o M\u00e1rcia Freire, ex-vocalista da banda Cheiro de Amor, e a cantora amazonense Lorena Simpson. Daniela Mercury, que se apresentou no encerramento do Carnaval deste ano e na Virada Cultural, tamb\u00e9m \u00e9 atra\u00e7\u00e3o.<\/p>\n<p style=\"text-align: justify;\">A Prefeitura estima que 20% do p\u00fablico da Parada seja composto por turistas. Cerca de 600 mil pessoas que devem sair de outras cidades, estados e at\u00e9 pa\u00edses para participar do evento e movimentar a economia da capital paulista em aproximadamente R$ 45 milh\u00f5es.<\/p>\n<p style=\"text-align: justify;\">A Prefeitura de S\u00e3o Paulo investiu aproximadamente R$ 1,5 milh\u00e3o na infraestrutura do evento &#8211; a quantia \u00e9 a mesma disponibilizada para a edi\u00e7\u00e3o do ano passado, segundo a gest\u00e3o Jo\u00e3o Doria.<\/p>\n<p><img loading=\"lazy\" decoding=\"async\" class=\"aligncenter size-full wp-image-103836\" src=\"http:\/\/senoticias.com.br\/se\/wp-content\/uploads\/2017\/06\/Logo-fone-1-2-1-2-4-2.jpg\" alt=\"Logo-fone-1-2-1-2-4-2\" width=\"599\" height=\"78\" srcset=\"https:\/\/senoticias.com.br\/se\/wp-content\/uploads\/2017\/06\/Logo-fone-1-2-1-2-4-2.jpg 599w, https:\/\/senoticias.com.br\/se\/wp-content\/uploads\/2017\/06\/Logo-fone-1-2-1-2-4-2-300x39.jpg 300w\" sizes=\"(max-width: 599px) 100vw, 599px\" \/><\/p>\n<p><strong>Acompanhe tamb\u00e9m o SE Not\u00edcias no<\/strong><span class=\"apple-converted-space\"><b>\u00a0<\/b><\/span><a href=\"https:\/\/twitter.com\/Senoticias\" target=\"_blank\"><b>Twitter<\/b><\/a><strong>,<\/strong><span class=\"apple-converted-space\"><b>\u00a0<\/b><\/span><a href=\"https:\/\/www.facebook.com\/senoticias1\" target=\"_blank\"><b>Facebook<\/b><span class=\"apple-converted-space\"><b>\u00a0<\/b><\/span><\/a><strong>e no<\/strong><span class=\"apple-converted-space\"><b>\u00a0<\/b><\/span><a href=\"https:\/\/www.instagram.com\/senoticias\/\" target=\"_blank\"><b>Instagram<\/b><\/a><\/p>\n<p><em>Por Gabriela Gon\u00e7alves, G1 SP, S\u00e3o Paulo<\/em><\/p>\n","protected":false},"excerpt":{"rendered":"<p>&nbsp; A 21\u00aa Parada do Orgulho LGBT de S\u00e3o Paulo acontece neste domingo (18) em S\u00e3o Paulo com previs\u00e3o de reunir 3 milh\u00f5es de pessoas. No total, 19 trios el\u00e9tricos desfilam em trajeto que come\u00e7ou na Avenida Paulista e descer\u00e1 a Rua da Consola\u00e7\u00e3o, chegando ao Vale do Anhangaba\u00fa. O evento come\u00e7ou oficialmente \u00e0s 12h30. [&hellip;]<\/p>\n","protected":false},"author":2,"featured_media":104113,"comment_status":"closed","ping_status":"closed","sticky":false,"template":"","format":"standard","meta":{"footnotes":""},"categories":[15],"tags":[4207,4208],"class_list":{"0":"post-104112","1":"post","2":"type-post","3":"status-publish","4":"format-standard","5":"has-post-thumbnail","7":"category-destaques","8":"tag-parada-gay","9":"tag-parada-gay-2017"},"_links":{"self":[{"href":"https:\/\/senoticias.com.br\/se\/wp-json\/wp\/v2\/posts\/104112"}],"collection":[{"href":"https:\/\/senoticias.com.br\/se\/wp-json\/wp\/v2\/posts"}],"about":[{"href":"https:\/\/senoticias.com.br\/se\/wp-json\/wp\/v2\/types\/post"}],"author":[{"embeddable":true,"href":"https:\/\/senoticias.com.br\/se\/wp-json\/wp\/v2\/users\/2"}],"replies":[{"embeddable":true,"href":"https:\/\/senoticias.com.br\/se\/wp-json\/wp\/v2\/comments?post=104112"}],"version-history":[{"count":0,"href":"https:\/\/senoticias.com.br\/se\/wp-json\/wp\/v2\/posts\/104112\/revisions"}],"wp:featuredmedia":[{"embeddable":true,"href":"https:\/\/senoticias.com.br\/se\/wp-json\/wp\/v2\/media\/104113"}],"wp:attachment":[{"href":"https:\/\/senoticias.com.br\/se\/wp-json\/wp\/v2\/media?parent=104112"}],"wp:term":[{"taxonomy":"category","embeddable":true,"href":"https:\/\/senoticias.com.br\/se\/wp-json\/wp\/v2\/categories?post=104112"},{"taxonomy":"post_tag","embeddable":true,"href":"https:\/\/senoticias.com.br\/se\/wp-json\/wp\/v2\/tags?post=104112"}],"curies":[{"name":"wp","href":"https:\/\/api.w.org\/{rel}","templated":true}]}}