{"id":104109,"date":"2017-06-18T10:56:26","date_gmt":"2017-06-18T13:56:26","guid":{"rendered":"http:\/\/senoticias.com.br\/se\/?p=104109"},"modified":"2017-06-18T11:56:52","modified_gmt":"2017-06-18T14:56:52","slug":"tragedia-no-transito-sergipano-escreve-sydnei-ulisses","status":"publish","type":"post","link":"https:\/\/senoticias.com.br\/se\/tragedia-no-transito-sergipano-escreve-sydnei-ulisses\/","title":{"rendered":"Trag\u00e9dia no tr\u00e2nsito sergipano, escreve Sydnei Ulisses"},"content":{"rendered":"<p style=\"text-align: justify;\"><em>Sydnei Ulisses de Melo*<\/em><\/p>\n<p style=\"text-align: justify;\">O dia 16 de junho \u00faltimo foi marcado por acidentes que ceifaram a vida de pessoas queridas em Sergipe. Na capital a forrozeira Eliza Clivia, que passava pela cidade, perdeu a vida em um acidente na regi\u00e3o central.<\/p>\n<div id=\"attachment_104110\" style=\"width: 591px\" class=\"wp-caption aligncenter\"><img loading=\"lazy\" decoding=\"async\" aria-describedby=\"caption-attachment-104110\" class=\"size-full wp-image-104110\" src=\"http:\/\/senoticias.com.br\/se\/wp-content\/uploads\/2017\/06\/Acidente-em-Umbauba-SENOTICIAS.jpeg\" alt=\"Acidente em Umba\u00faba deixou dois mortos. (Foto: redes sociais)\" width=\"581\" height=\"723\" srcset=\"https:\/\/senoticias.com.br\/se\/wp-content\/uploads\/2017\/06\/Acidente-em-Umbauba-SENOTICIAS.jpeg 581w, https:\/\/senoticias.com.br\/se\/wp-content\/uploads\/2017\/06\/Acidente-em-Umbauba-SENOTICIAS-241x300.jpeg 241w\" sizes=\"(max-width: 581px) 100vw, 581px\" \/><p id=\"caption-attachment-104110\" class=\"wp-caption-text\">Acidente em Umba\u00faba deixou dois mortos. (Foto: redes sociais)<\/p><\/div>\n<p style=\"text-align: justify;\">No interior, retornando de Umba\u00faba, o casal amigo Carlos e Tania, foram alcan\u00e7ados pela fatalidade. A amiga T\u00e2nia Isabel Fortunato, conhecida por sua dedica\u00e7\u00e3o a harmonia familiar e a propaga\u00e7\u00e3o da f\u00e9 crist\u00e3 para todas as pessoas, foi retirada do nosso conv\u00edvio. A Igreja Batista em Sergipe est\u00e1 de luto por esta perda.<\/p>\n<p style=\"text-align: justify;\">O caso Eliza Cl\u00edvia ganhou repercuss\u00e3o nacional dado a visibilidade da cantora, \u00e9 natural que seja assim, afinal o alcance da m\u00fasica, sobretudo nestes dias de festejos juninos, \u00e9 realmente nacional, mas cabe-nos destacar que s\u00f3 em Sergipe morre pelo menos 3 pessoas a cada 2 dias e isso \u00e9 realmente preocupante.<\/p>\n<p style=\"text-align: justify;\">No Brasil s\u00e3o 50.000 mortes por ano. As pessoas lotam os pronto atendimentos, falta sangue nos bancos dos hospitais, acumulam-se as cirurgias especialmente as ortop\u00e9dicas, e tudo isso poderia ser minimizado com a\u00e7\u00f5es de conscientiza\u00e7\u00e3o feita na base familiar.<\/p>\n<p style=\"text-align: justify;\">\u00c9 flagrante a indisposi\u00e7\u00e3o social de discutir o tema e dar novos rumos aos n\u00fameros tr\u00e1gicos do tr\u00e2nsito brasileiro. Em uma a\u00e7\u00e3o quase isolada desenvolvemos o tema \u201cGentileza gera paz no tr\u00e2nsito\u201d, e apesar da nossa disposi\u00e7\u00e3o e oferta tivemos rar\u00edssimas oportunidades de tratar o assunto em escolas e empresas.<\/p>\n<p style=\"text-align: justify;\">O fato \u00e9 que s\u00f3 voltamos o pensamento a este tema quando a trag\u00e9dia nos alcan\u00e7a ceifando a vida de familiares, amigos ou pessoas de grande notoriedade. Lament\u00e1vel que seja assim.<\/p>\n<p style=\"text-align: justify;\">Outro forte indicativo da indisposi\u00e7\u00e3o social s\u00e3o os reclamos da popula\u00e7\u00e3o toda vez que uma a\u00e7\u00e3o para coibir os abusos \u00e9 implementada. Os radares de controle de velocidade s\u00e3o vistos como ferramenta de arrecada\u00e7\u00e3o mesmo restando claro que a aplica\u00e7\u00e3o de multa s\u00f3 ocorre quando a velocidade extrapola os limites da via.<\/p>\n<p style=\"text-align: justify;\">As colis\u00f5es, quase na totalidade provocadas pelos excessos de velocidade em Aracaju, superam a marca de 5000 por ano. Mesmo assim a quem prefira andar acima dos 60km permitido nas vias da capital, aumentando o risco de acidentes e reclamando dos controles, pelo menos at\u00e9 que algu\u00e9m pr\u00f3ximo seja alcan\u00e7ado pelos n\u00fameros do tr\u00e2nsito.<\/p>\n<p style=\"text-align: justify;\">Amanh\u00e3 \u00e9 outro dia, e a menos que fa\u00e7amos algo agora, continuaremos perdendo 400 a mais sergipanos todos os anos, e 50.000 lares brasileiros ser\u00e3o entristecidos com a perda de entes queridos.<\/p>\n<p style=\"text-align: justify;\">*Sydnei Ulisses de Melo \u00e9 instrutor de tr\u00e2nsito<\/p>\n","protected":false},"excerpt":{"rendered":"<p>Sydnei Ulisses de Melo* O dia 16 de junho \u00faltimo foi marcado por acidentes que ceifaram a vida de pessoas queridas em Sergipe. Na capital a forrozeira Eliza Clivia, que passava pela cidade, perdeu a vida em um acidente na regi\u00e3o central. No interior, retornando de Umba\u00faba, o casal amigo Carlos e Tania, foram alcan\u00e7ados [&hellip;]<\/p>\n","protected":false},"author":2,"featured_media":104110,"comment_status":"closed","ping_status":"closed","sticky":false,"template":"","format":"standard","meta":{"footnotes":""},"categories":[15],"tags":[4205,4204,4206],"class_list":{"0":"post-104109","1":"post","2":"type-post","3":"status-publish","4":"format-standard","5":"has-post-thumbnail","7":"category-destaques","8":"tag-sydnei-ulisses","9":"tag-tragedia-no-transito","10":"tag-transito-sergipano"},"_links":{"self":[{"href":"https:\/\/senoticias.com.br\/se\/wp-json\/wp\/v2\/posts\/104109"}],"collection":[{"href":"https:\/\/senoticias.com.br\/se\/wp-json\/wp\/v2\/posts"}],"about":[{"href":"https:\/\/senoticias.com.br\/se\/wp-json\/wp\/v2\/types\/post"}],"author":[{"embeddable":true,"href":"https:\/\/senoticias.com.br\/se\/wp-json\/wp\/v2\/users\/2"}],"replies":[{"embeddable":true,"href":"https:\/\/senoticias.com.br\/se\/wp-json\/wp\/v2\/comments?post=104109"}],"version-history":[{"count":0,"href":"https:\/\/senoticias.com.br\/se\/wp-json\/wp\/v2\/posts\/104109\/revisions"}],"wp:featuredmedia":[{"embeddable":true,"href":"https:\/\/senoticias.com.br\/se\/wp-json\/wp\/v2\/media\/104110"}],"wp:attachment":[{"href":"https:\/\/senoticias.com.br\/se\/wp-json\/wp\/v2\/media?parent=104109"}],"wp:term":[{"taxonomy":"category","embeddable":true,"href":"https:\/\/senoticias.com.br\/se\/wp-json\/wp\/v2\/categories?post=104109"},{"taxonomy":"post_tag","embeddable":true,"href":"https:\/\/senoticias.com.br\/se\/wp-json\/wp\/v2\/tags?post=104109"}],"curies":[{"name":"wp","href":"https:\/\/api.w.org\/{rel}","templated":true}]}}