{"id":104100,"date":"2017-06-16T21:28:10","date_gmt":"2017-06-17T00:28:10","guid":{"rendered":"http:\/\/senoticias.com.br\/se\/?p=104100"},"modified":"2017-06-17T11:47:07","modified_gmt":"2017-06-17T14:47:07","slug":"governo-de-sergipe-divulga-programacao-do-arraia-do-povo","status":"publish","type":"post","link":"https:\/\/senoticias.com.br\/se\/governo-de-sergipe-divulga-programacao-do-arraia-do-povo\/","title":{"rendered":"Governo de Sergipe divulga programa\u00e7\u00e3o do Arrai\u00e1 do Povo"},"content":{"rendered":"<div id=\"attachment_63735\" style=\"width: 356px\" class=\"wp-caption alignright\"><img loading=\"lazy\" decoding=\"async\" aria-describedby=\"caption-attachment-63735\" class=\"size-full wp-image-63735\" src=\"http:\/\/senoticias.com.br\/se\/wp-content\/uploads\/2014\/05\/1_news_69_1be9aeb87dd3a79bc5de9d6188aa7f5c.jpg\" alt=\"O Arrai\u00e1 do Povo ser\u00e1 nos mesmos moldes dos anteriores. (Foto: Jorge Henrique)\" width=\"346\" height=\"230\" srcset=\"https:\/\/senoticias.com.br\/se\/wp-content\/uploads\/2014\/05\/1_news_69_1be9aeb87dd3a79bc5de9d6188aa7f5c.jpg 346w, https:\/\/senoticias.com.br\/se\/wp-content\/uploads\/2014\/05\/1_news_69_1be9aeb87dd3a79bc5de9d6188aa7f5c-300x199.jpg 300w, https:\/\/senoticias.com.br\/se\/wp-content\/uploads\/2014\/05\/1_news_69_1be9aeb87dd3a79bc5de9d6188aa7f5c-342x227.jpg 342w\" sizes=\"(max-width: 346px) 100vw, 346px\" \/><p id=\"caption-attachment-63735\" class=\"wp-caption-text\">O Arrai\u00e1 do Povo ser\u00e1 nos mesmos moldes dos anteriores. (Foto: Jorge Henrique)<\/p><\/div>\n<p style=\"text-align: justify;\">Foi divulgada na noite desta sexta-feira, 16, a programa\u00e7\u00e3o completa do Arrai\u00e1 do Povo 2017, evento que integra o Encontro Nordestino de Cultura\u00a0e\u00a0promove os Festejos Juninos realizados\u00a0pelo Governo do Estado, atrav\u00e9s da Secretaria de Estado da Cultura (Secult).<\/p>\n<p style=\"text-align: justify;\">A festa inicia no dia 22 de junho com a presen\u00e7a da Orquestra Sinf\u00f4nica de Sergipe (ORSSE), apresentando ao p\u00fablico seu concerto junino; Quadrilha Junina Retirantes do Sert\u00e3o; Correia dos Oito Baixos; Jurandir da Feira; e Falamansa encerrando a noite no Palco Clemilda. J\u00e1 no Coreto, o grupo folcl\u00f3rico Peneirou Xer\u00e9m, Gilson do Acordeon e Odir Caius fazem a festa. A programa\u00e7\u00e3o tem in\u00edcio \u00e0s 19h e a \u00faltima atra\u00e7\u00e3o sobe ao palco a meia noite.<\/p>\n<p style=\"text-align: justify;\">Na v\u00e9spera de S\u00e3o Jo\u00e3o a festa ser\u00e1 comandada pelas bandas Rastap\u00e9, Casaca de Couro, Quadrilha Junina Pioneiros da Ro\u00e7a, al\u00e9m de Amorosa, Helber Mateus, Gilvan Lima, e do Samba de Coco da Barra dos Coqueiros. No dia 24, marcam presen\u00e7a na festa Mestrinho, Valtinho do Acordeon, Sena, Jo\u00e3o da Passarada, Sovifa Bai\u00f5es,Odir Caius, al\u00e9m do grupo folcl\u00f3rico Ben Ti Vi e a quadrilha Arriba Saia.<\/p>\n<p style=\"text-align: justify;\">O dia de S\u00e3o Pedro tamb\u00e9m ser\u00e1 um dos mais esperados. Sobem ao palco Clemilda, Glauber do Acordeon, Jo\u00e9sia Ramos, Maciel Sal\u00fa\u00a0e\u00a0Z\u00e9 Tramela. A noite ter\u00e1 ainda apresenta\u00e7\u00e3o da Quadrilha Junina Meu Sert\u00e3o. O\u00a0coreto ser\u00e1 comandando por Vem Vem do Nordeste e Jo\u00e3o Bezerra, Cassiano do Forr\u00f3 e Odir Caius. Nando Cordel, uma das grandes atra\u00e7\u00f5es em 2017, se apresenta no dia 30, acompanhado de Erivaldo de Carira e outros grandes nomes da m\u00fasica tradicional sergipana.<\/p>\n<p><strong>Confira a programa\u00e7\u00e3o completa abaixo:<\/strong><\/p>\n<p><strong>Dia 22 de junho \u2013 quinta-feira<\/strong><\/p>\n<p><strong>Palco Clemilda<\/strong><br \/>\n19:00 Abertura Oficial<br \/>\n19:30 Orquestra Sinfonica De Sergipe (Se)<br \/>\n20:30 Quadrilha Junina Retirantes Do Sert\u00e3o (Se)<br \/>\n21:00 Correia Dos Oito Baixos E Banda (Se)<br \/>\n22:00 Jurandi Da Feira<br \/>\n00:00 Falamansa (Sp)<\/p>\n<p><strong>Cor\u00eato Ari Soares<\/strong><br \/>\n19:00 Peneirou Xer\u00e9m (Se)<br \/>\n20:00 Gilson Do Acordeon (Se)<br \/>\n22:30 Odir Caius (Se)<\/p>\n<p><strong>Dia 23 de junho \u2013 sextafeira<\/strong><\/p>\n<p><strong>Palco Clemilda<\/strong><br \/>\n19:00 Helber Mateus (Se)<br \/>\n21:00 Quadrilha Junina Pioneiros Da Ro\u00e7a (Se)<br \/>\n21:30 Casaca De Couro (Se)<br \/>\n23:30 Amorosa (Se)<br \/>\n01:30 Banda Rastap\u00e9 (Sp)<\/p>\n<p>Cor\u00eato Ari Soares<br \/>\n19:00 Odir Caius (Se)<br \/>\n21:00 Samba De Coco Da Barra Dos Coqueiros (Se)<br \/>\n22:00 Gilvan Lima (Se)<\/p>\n<p><strong>Dia 24 de junho \u2013 s\u00e1bado<\/strong><\/p>\n<p><strong>Palco Clemilda<\/strong><br \/>\n18:00 Sovifa Bai\u00f5es (Se)<br \/>\n19:00 Quadrilha Arriba Saia (Se)<br \/>\n19:30 Sena (Se)<br \/>\n21:30 Jo\u00e3o Da Passarada (Se)<br \/>\n23:30 Mestrinho (Se)<br \/>\n01:30 Valtinho D Cordeon (Se)<\/p>\n<p><strong>Cor\u00eato Ari Soares<\/strong><br \/>\n18:30 Ben Ti Vi \u2013 O Rei Do Coquinho (Se)<br \/>\n20:30 Grupo Batalh\u00e3o 1\u00ba De S\u00e3o Jo\u00e3o (Se)<br \/>\n21:00 Odir Caius<\/p>\n<p><strong>Dia 25 de junho \u2013 domingo<\/strong><\/p>\n<p><strong>Palco Clemilda<\/strong><br \/>\n18:00 Quadrilha Xod\u00f3 Da Vila (Se)<br \/>\n18:30 Forr\u00f3 Maturi (Se)<br \/>\n20:30 Quadrilha Apaga A Fogueira (Se)<br \/>\n21:00 Wilma Araujo (Al)<br \/>\n23:00 Orquestra Sanf\u00f4nica 10 Anos (Se)<br \/>\n01:00 Quinteto Violado (Pe)<\/p>\n<p><strong>Cor\u00eato Ari Soares<\/strong><\/p>\n<p>19:30 Odir Caius<br \/>\n21:30 Pavio Do Forr\u00f3 (Se)<\/p>\n<p><strong>Dia 26 de junho \u2013 Segunda-feira<\/strong><\/p>\n<p><strong>Palco Clemilda<\/strong><br \/>\n19:00 Quadrilha Junina Asa Branca (Se)<br \/>\n19:30 Fernando Crate\u00fas (Se)<br \/>\n21:30 Quadrilha Junina Balan\u00e7a Mais N\u00e3o Cai (Se)<br \/>\n22:00 Luiz Fontineli (Se)<br \/>\n00:00 Cezinha (Pe)<\/p>\n<p><strong>Cor\u00eato Ari Soares<\/strong><br \/>\n19:30 Samba De Coco Da Paz \u2013 S\u00e3o Crist\u00f3v\u00e3o (Se)<br \/>\n20:30 Odir Caius Banda (Se)<br \/>\n22:30 Trio Piaui (Se)<br \/>\nDia 27 De Junho \u2013 Ter\u00e7a<br \/>\nPalco Clemilda<br \/>\n19:00 Quadrilha Junina Seculo Xx (Se)<br \/>\n19:30 Luiza Lu (Se)<br \/>\n21:30 Quadrilha Junina Unidos Em Asa Branca (Se)<br \/>\n22:00 Balan\u00e7a Eu (Se)<br \/>\n00:30 Sandro Beck(Al)<\/p>\n<p><strong>Cor\u00eato Ari Soares<\/strong><br \/>\n19:30 Odir Caius (Se)<br \/>\n21:30 Lula Do Acordeon E Banda Carir\u00ed (Se)<\/p>\n<p><strong>Dia 27 de junho \u2013 ter\u00e7a-feira \u2013 Especial<\/strong><\/p>\n<p><strong>Palco Clemilda<\/strong><br \/>\n15:00 Grilo Do Forr\u00f3 (Se)<\/p>\n<p><strong>Dia 28 de junho \u2013 quarta-feira<\/strong><\/p>\n<p><strong>Palco Clemilda<\/strong><br \/>\n19:00 Santana Forr\u00f3 Bai\u00e3o Da Penha (Se)<br \/>\n21:00 Quadrilha Poeirinha Do Sert\u00e3o (Se)<br \/>\n21:30 Silv\u00e9rio Pessoa<br \/>\n23:30 Banda Xotebai\u00e3o (Se)<br \/>\n01:30 Trio Virgulino (Ba)<\/p>\n<p><strong>Cor\u00eato Ari Soares<\/strong><br \/>\n19:00 Caceteiras Do Mestre Rindu (Se)<br \/>\n20:00 Raulzinho Do Acordeon (Se)<br \/>\n22:00 Luiz Rodrigues Retalhos Nordertinos (Se)<\/p>\n<p><strong>Dia 29 de junho \u2013 quinta-feira<\/strong><\/p>\n<p><strong>Palco Clemilda<\/strong><br \/>\n19:00 Glauber Do Acordeon (Se)<br \/>\n21:00 Quadrilha Meu Sert\u00e3o (Se)<br \/>\n21:30 Jo\u00e9sia Ramos (Se)<br \/>\n23:30 Maciel Sal\u00fa (Pe)<br \/>\n01:30 Z\u00e9 Tramela (Se)<\/p>\n<p><strong>Cor\u00eato Ari Soares<\/strong><br \/>\n19:00 Vem Vem Do Nordeste E Jo\u00e3o Bezerra (Se)<br \/>\n20:00 Odir Caius (Se)<br \/>\n22:00 Cassiano Do Forr\u00f3 (Se)<\/p>\n<p><strong>Dia 30 de junho \u2013 sexta-feira<\/strong><\/p>\n<p><strong>Palco Clemilda<\/strong><br \/>\n19:00 Quadrilha Assum Preto (Se)<br \/>\n19:30 Edson Costa E Banda Galope De Viola (Se)<br \/>\n21:30 Lourinho Do Acordeon (Se)<br \/>\n23:30 Erivaldo De Carira (Se)<br \/>\n01:30 Nando Cordel (Pe)<\/p>\n<p><strong>Cor\u00eato Ari Soares<\/strong><br \/>\n19:00 Z\u00e9 Americo Do Campo Do Brito (Se)<br \/>\n21:00 Os Bobinhos Do Forr\u00f3 (Se)<br \/>\n23:00 Bebero Da Para\u00edba (Pb)<\/p>\n<p><strong>Dia 01 de julho \u2013 s\u00e1bado<\/strong><\/p>\n<p><strong>Palco Clemilda<\/strong><br \/>\n19:00 Tom Robson (SE)<br \/>\n21:00 Arar\u00e3o Do Nordeste (SE)<br \/>\n23:00 Virginia Fontes(Se)<br \/>\n01:00 Antonio Carlos Du Aracaju (SE)<\/p>\n<p><img loading=\"lazy\" decoding=\"async\" class=\"aligncenter size-full wp-image-103836\" src=\"http:\/\/senoticias.com.br\/se\/wp-content\/uploads\/2017\/06\/Logo-fone-1-2-1-2-4-2.jpg\" alt=\"Logo-fone-1-2-1-2-4-2\" width=\"599\" height=\"78\" srcset=\"https:\/\/senoticias.com.br\/se\/wp-content\/uploads\/2017\/06\/Logo-fone-1-2-1-2-4-2.jpg 599w, https:\/\/senoticias.com.br\/se\/wp-content\/uploads\/2017\/06\/Logo-fone-1-2-1-2-4-2-300x39.jpg 300w\" sizes=\"(max-width: 599px) 100vw, 599px\" \/><\/p>\n<p><strong>Acompanhe tamb\u00e9m o SE Not\u00edcias no<\/strong><span class=\"apple-converted-space\"><b>\u00a0<\/b><\/span><a href=\"https:\/\/twitter.com\/Senoticias\" target=\"_blank\"><b>Twitter<\/b><\/a><strong>,<\/strong><span class=\"apple-converted-space\"><b>\u00a0<\/b><\/span><a href=\"https:\/\/www.facebook.com\/senoticias1\" target=\"_blank\"><b>Facebook<\/b><span class=\"apple-converted-space\"><b>\u00a0<\/b><\/span><\/a><strong>e no<\/strong><span class=\"apple-converted-space\"><b>\u00a0<\/b><\/span><a href=\"https:\/\/www.instagram.com\/senoticias\/\" target=\"_blank\"><b>Instagram<\/b><\/a><\/p>\n<p><em>Ascom\/Secult<\/em><\/p>\n","protected":false},"excerpt":{"rendered":"<p>Foi divulgada na noite desta sexta-feira, 16, a programa\u00e7\u00e3o completa do Arrai\u00e1 do Povo 2017, evento que integra o Encontro Nordestino de Cultura\u00a0e\u00a0promove os Festejos Juninos realizados\u00a0pelo Governo do Estado, atrav\u00e9s da Secretaria de Estado da Cultura (Secult). A festa inicia no dia 22 de junho com a presen\u00e7a da Orquestra Sinf\u00f4nica de Sergipe (ORSSE), [&hellip;]<\/p>\n","protected":false},"author":2,"featured_media":63735,"comment_status":"closed","ping_status":"closed","sticky":false,"template":"","format":"standard","meta":{"footnotes":""},"categories":[15,21],"tags":[616,4197,619,448,4198,1007,618],"class_list":{"0":"post-104100","1":"post","2":"type-post","3":"status-publish","4":"format-standard","5":"has-post-thumbnail","7":"category-destaques","8":"category-entretenimento","9":"tag-arraia-do-povo","10":"tag-arraia-do-povo-2017","11":"tag-festejos-juninos","12":"tag-governo-de-sergipe","13":"tag-programacao-do-arraia-do-povo","14":"tag-sao-joao","15":"tag-secult"},"_links":{"self":[{"href":"https:\/\/senoticias.com.br\/se\/wp-json\/wp\/v2\/posts\/104100"}],"collection":[{"href":"https:\/\/senoticias.com.br\/se\/wp-json\/wp\/v2\/posts"}],"about":[{"href":"https:\/\/senoticias.com.br\/se\/wp-json\/wp\/v2\/types\/post"}],"author":[{"embeddable":true,"href":"https:\/\/senoticias.com.br\/se\/wp-json\/wp\/v2\/users\/2"}],"replies":[{"embeddable":true,"href":"https:\/\/senoticias.com.br\/se\/wp-json\/wp\/v2\/comments?post=104100"}],"version-history":[{"count":0,"href":"https:\/\/senoticias.com.br\/se\/wp-json\/wp\/v2\/posts\/104100\/revisions"}],"wp:featuredmedia":[{"embeddable":true,"href":"https:\/\/senoticias.com.br\/se\/wp-json\/wp\/v2\/media\/63735"}],"wp:attachment":[{"href":"https:\/\/senoticias.com.br\/se\/wp-json\/wp\/v2\/media?parent=104100"}],"wp:term":[{"taxonomy":"category","embeddable":true,"href":"https:\/\/senoticias.com.br\/se\/wp-json\/wp\/v2\/categories?post=104100"},{"taxonomy":"post_tag","embeddable":true,"href":"https:\/\/senoticias.com.br\/se\/wp-json\/wp\/v2\/tags?post=104100"}],"curies":[{"name":"wp","href":"https:\/\/api.w.org\/{rel}","templated":true}]}}