{"id":104053,"date":"2017-06-15T09:15:51","date_gmt":"2017-06-15T12:15:51","guid":{"rendered":"http:\/\/senoticias.com.br\/se\/?p=104053"},"modified":"2017-06-15T09:15:51","modified_gmt":"2017-06-15T12:15:51","slug":"sergipe-e-bahia-discutem-reconhecimento-de-limites-dos-dois-estados","status":"publish","type":"post","link":"https:\/\/senoticias.com.br\/se\/sergipe-e-bahia-discutem-reconhecimento-de-limites-dos-dois-estados\/","title":{"rendered":"Sergipe e Bahia discutem reconhecimento de limites dos dois estados"},"content":{"rendered":"<p style=\"text-align: justify;\">Nesta quarta-feira, 26, durante todo o dia, aconteceu na Sala das Comiss\u00f5es da Assembleia Legislativa, reuni\u00e3o para an\u00e1lise da proposta de cria\u00e7\u00e3o da norma regulat\u00f3ria do limite pol\u00edtico-administrativo entre os estados da Bahia e Sergipe com a participa\u00e7\u00e3o de procuradores, deputados estaduais e representantes da Secretaria de Planejamento dos dois estados, al\u00e9m do IBGE. A Secretaria de Estado do Planejamento, Or\u00e7amento e Gest\u00e3o (Seplag) participou do evento atrav\u00e9s do secret\u00e1rio Rosman Pereira e do superintendente de Estudos e Pesquisas da Seplag, Ciro Brasil.<\/p>\n<div id=\"attachment_104054\" style=\"width: 609px\" class=\"wp-caption aligncenter\"><img loading=\"lazy\" decoding=\"async\" aria-describedby=\"caption-attachment-104054\" class=\"size-full wp-image-104054\" src=\"http:\/\/senoticias.com.br\/se\/wp-content\/uploads\/2017\/06\/Sergipe-e-Bahia-SENOTICIAS-e1497528755927.jpg\" alt=\"A reuni\u00e3o teve como finalidade proporcionar o reconhecimento dos limites dos estados atrav\u00e9s do uso de coordenadas geogr\u00e1ficas\" width=\"599\" height=\"400\" \/><p id=\"caption-attachment-104054\" class=\"wp-caption-text\">A reuni\u00e3o teve como finalidade proporcionar o reconhecimento dos limites dos estados atrav\u00e9s do uso de coordenadas geogr\u00e1ficas. (Foto: Victor Ribeiro\/Seplag)<\/p><\/div>\n<p style=\"text-align: justify;\">A reuni\u00e3o teve como finalidade proporcionar o reconhecimento dos limites dos estados atrav\u00e9s do uso de coordenadas geogr\u00e1ficas, uma vez que as leis e dados cartogr\u00e1ficos existentes que comprovam a divisa desses estados s\u00e3o dos anos 40, havendo defasagem. A legisla\u00e7\u00e3o da \u00e9poca n\u00e3o descreve com precis\u00e3o as divisas estaduais brasileiras, situa\u00e7\u00e3o que tem provocado conflitos territoriais interestaduais.<\/p>\n<p style=\"text-align: justify;\">Com isso, pela manh\u00e3, foi discutido qual o modelo pol\u00edtico e jur\u00eddico deve ser utilizado para se consolidar os limites de Sergipe e Bahia. Teve ainda a revis\u00e3o dos trabalhos de campo realizados pelas equipes dos dois estados das redefini\u00e7\u00f5es dos munic\u00edpios de Canind\u00e9 de S\u00e3o Francisco, Po\u00e7o Redondo, Monte Alegre de Sergipe, Nossa Senhora da Gl\u00f3ria, Carira, Pinh\u00e3o, Po\u00e7o Verde e Sim\u00e3o Dias, em Sergipe; e Santa Br\u00edgida, Pedro Alexandre, Coronel Jo\u00e3o S\u00e1 e Paripiranga, pertencentes \u00e0 Bahia.<\/p>\n<p style=\"text-align: justify;\">J\u00e1 \u00e0 tarde o gerente de Divis\u00e3o Territorial do IBGE, Jos\u00e9 Henrique da Silva, fez a apresenta\u00e7\u00e3o do resultado do trabalho de campo, atrav\u00e9s de memoriais descritivos e mapas de campo. Foi proposto um pacto pol\u00edtico entre os prefeitos, governadores e governo federal, por meio do IBGE, para se reconhecer os limites entre Sergipe e Bahia.<\/p>\n<p style=\"text-align: justify;\">Ao fazer uso da palavra na reuni\u00e3o, o secret\u00e1rio Rosman Pereira, parabenizou aos que participam do projeto buscando dirimir conflitos entre os dois estados. Agradeceu o envolvimento do IBGE e o apoio da Procuradoria Geral do Estado. Disse que estava aberto para tirar d\u00favidas e enalteceu o fato dos dois estados estarem discutindo, de forma pac\u00edfica e democr\u00e1tica com prefeitos e a popula\u00e7\u00e3o, o reconhecimento dos seus limites levando em considera\u00e7\u00e3o a identifica\u00e7\u00e3o social dos elementos.<\/p>\n<p style=\"text-align: justify;\">Segundo o superintendente de Estudos e Pesquisas da Seplag, Ciro Brasil, a Seplag e a Assembleia Legislativa v\u00e3o ter a miss\u00e3o de revisar os limites dos 75 munic\u00edpios. Ressalta que ser\u00e1 formada comiss\u00e3o especial para tratar dessa pauta.<\/p>\n<p style=\"text-align: justify;\">Ressalta Ciro que a defini\u00e7\u00e3o dos limites tem sido feita levando em considera\u00e7\u00e3o a identifica\u00e7\u00e3o de cada povoado, ou seja, a maneira como cada pessoa se enxerga e quais munic\u00edpios tem levado servi\u00e7os para a popula\u00e7\u00e3o como escolas e postos de sa\u00fade. \u201cA no\u00e7\u00e3o de pertencimento \u00e9 o que mais tem sido levado em conta\u201d, garante.<\/p>\n<p style=\"text-align: justify;\"><strong>Coordena\u00e7\u00e3o<br \/>\n<\/strong><br \/>\nO evento foi coordenado pela Superintend\u00eancia de Estudos e Pesquisas da Secretaria de Estado do Planejamento, Or\u00e7amento e Gest\u00e3o (Supes\/Seplag), em parceria com a Superintend\u00eancia de Estudos Econ\u00f4micos e Sociais da Bahia (SEI) e do Instituto Brasileiro de Geografia e Estat\u00edstica (IBGE).<\/p>\n<p style=\"text-align: justify;\"><strong>Participa\u00e7\u00e3o<br \/>\n<\/strong><br \/>\nParticiparam da reuni\u00e3o por Sergipe os deputados da Comiss\u00e3o de Assuntos Territoriais da Assembleia Legislativa de Sergipe: Garibalde Mendon\u00e7a, Maria Mendon\u00e7a, Luciano Pimentel e Ana L\u00facia Menezes; o procurador do Estado de Sergipe, Pedro Dias; e a prefeita de Monte Alegre, Marinez Lino. J\u00e1 pela Bahia, os deputados da Comiss\u00e3o Territorial da Assembleia Legislativa da Bahia: os deputados Crisostomo Antonio Lima (Z\u00f3) e Ubirajara Coroa; o Procurador Geral da Bahia, Paulo Moreno; e a diretora da Superintend\u00eancia de Estudos da Bahia, Eliane Boaventura.<\/p>\n<p style=\"text-align: justify;\"><img loading=\"lazy\" decoding=\"async\" class=\"aligncenter size-full wp-image-103836\" src=\"http:\/\/senoticias.com.br\/se\/wp-content\/uploads\/2017\/06\/Logo-fone-1-2-1-2-4-2.jpg\" alt=\"Logo-fone-1-2-1-2-4-2\" width=\"599\" height=\"78\" srcset=\"https:\/\/senoticias.com.br\/se\/wp-content\/uploads\/2017\/06\/Logo-fone-1-2-1-2-4-2.jpg 599w, https:\/\/senoticias.com.br\/se\/wp-content\/uploads\/2017\/06\/Logo-fone-1-2-1-2-4-2-300x39.jpg 300w\" sizes=\"(max-width: 599px) 100vw, 599px\" \/><\/p>\n<p style=\"text-align: justify;\"><em><strong>Acompanhe tamb\u00e9m o SE Not\u00edcias no<\/strong><span class=\"apple-converted-space\"><b>\u00a0<\/b><\/span><a href=\"https:\/\/twitter.com\/Senoticias\" target=\"_blank\"><b>Twitter<\/b><\/a><strong>,<\/strong><span class=\"apple-converted-space\"><b>\u00a0<\/b><\/span><a href=\"https:\/\/www.facebook.com\/senoticias1\" target=\"_blank\"><b>Facebook<\/b><span class=\"apple-converted-space\"><b>\u00a0<\/b><\/span><\/a><strong>e no<\/strong><span class=\"apple-converted-space\"><b>\u00a0<\/b><\/span><a href=\"https:\/\/www.instagram.com\/senoticias\/\" target=\"_blank\"><b>Instagram<\/b><\/a><\/em><\/p>\n<p style=\"text-align: justify;\"><em>Mat\u00e9ria extra\u00edda do <a href=\"http:\/\/seplag.se.gov.br\/index.php\/2017\/04\/27\/sergipe-e-bahia-discutem-reconhecimento-de-limites-dos-dois-estados\/\">site <\/a>da Seplog<\/em><\/p>\n","protected":false},"excerpt":{"rendered":"<p>Nesta quarta-feira, 26, durante todo o dia, aconteceu na Sala das Comiss\u00f5es da Assembleia Legislativa, reuni\u00e3o para an\u00e1lise da proposta de cria\u00e7\u00e3o da norma regulat\u00f3ria do limite pol\u00edtico-administrativo entre os estados da Bahia e Sergipe com a participa\u00e7\u00e3o de procuradores, deputados estaduais e representantes da Secretaria de Planejamento dos dois estados, al\u00e9m do IBGE. A [&hellip;]<\/p>\n","protected":false},"author":2,"featured_media":104054,"comment_status":"closed","ping_status":"closed","sticky":false,"template":"","format":"standard","meta":{"footnotes":""},"categories":[6],"tags":[4167,4165,4166,4164],"class_list":{"0":"post-104053","1":"post","2":"type-post","3":"status-publish","4":"format-standard","5":"has-post-thumbnail","7":"category-politica","8":"tag-fechado-acordo","9":"tag-limites-sergipe-e-bahia","10":"tag-limites-territoriais","11":"tag-sergipe-e-bahia"},"_links":{"self":[{"href":"https:\/\/senoticias.com.br\/se\/wp-json\/wp\/v2\/posts\/104053"}],"collection":[{"href":"https:\/\/senoticias.com.br\/se\/wp-json\/wp\/v2\/posts"}],"about":[{"href":"https:\/\/senoticias.com.br\/se\/wp-json\/wp\/v2\/types\/post"}],"author":[{"embeddable":true,"href":"https:\/\/senoticias.com.br\/se\/wp-json\/wp\/v2\/users\/2"}],"replies":[{"embeddable":true,"href":"https:\/\/senoticias.com.br\/se\/wp-json\/wp\/v2\/comments?post=104053"}],"version-history":[{"count":0,"href":"https:\/\/senoticias.com.br\/se\/wp-json\/wp\/v2\/posts\/104053\/revisions"}],"wp:featuredmedia":[{"embeddable":true,"href":"https:\/\/senoticias.com.br\/se\/wp-json\/wp\/v2\/media\/104054"}],"wp:attachment":[{"href":"https:\/\/senoticias.com.br\/se\/wp-json\/wp\/v2\/media?parent=104053"}],"wp:term":[{"taxonomy":"category","embeddable":true,"href":"https:\/\/senoticias.com.br\/se\/wp-json\/wp\/v2\/categories?post=104053"},{"taxonomy":"post_tag","embeddable":true,"href":"https:\/\/senoticias.com.br\/se\/wp-json\/wp\/v2\/tags?post=104053"}],"curies":[{"name":"wp","href":"https:\/\/api.w.org\/{rel}","templated":true}]}}