{"id":104043,"date":"2017-06-14T17:19:34","date_gmt":"2017-06-14T20:19:34","guid":{"rendered":"http:\/\/senoticias.com.br\/se\/?p=104043"},"modified":"2017-06-14T17:35:08","modified_gmt":"2017-06-14T20:35:08","slug":"veja-os-locais-onde-estao-instalados-os-radares-de-aracaju","status":"publish","type":"post","link":"https:\/\/senoticias.com.br\/se\/veja-os-locais-onde-estao-instalados-os-radares-de-aracaju\/","title":{"rendered":"Veja os locais onde est\u00e3o instalados os radares de Aracaju"},"content":{"rendered":"<div><\/div>\n<div>\n<div>\n<p style=\"text-align: justify;\">Os equipamentos de fiscaliza\u00e7\u00e3o eletr\u00f4nica causam pol\u00eamica em Aracaju desde o in\u00edcio da gest\u00e3o do ex-prefeito Jo\u00e3o Alves, quando se cogitou a instala\u00e7\u00e3o. Em 2015, os equipamentos come\u00e7aram a ser instalados aos poucos. Atualmente, h\u00e1 57 equipamentos pela cidade, do tipo radar fixo, misto e lombada eletr\u00f4nica. Eles detectam avan\u00e7o de sinal, velocidade e parada sobre a faixa de pedestres.<\/p>\n<p style=\"text-align: justify;\">Recentemente, a SMTT anunciou o remanejamento de alguns equipamentos. A\u00a0avenida Beira Mar passou a ter mais dois radares no trecho pr\u00f3ximo \u00e0 curva do Iate Clube e outros dois em frente \u00e0 sede da Embrapa. A avenida Tancredo Neves tamb\u00e9m ganhou mais dois equipamentos no trecho que d\u00e1 acesso ao conjunto Beira Rio, no In\u00e1cio Barbosa, e na avenida Adel Nunes (que liga o bairro In\u00e1cio Barbosa ao conjunto Augusto Franco).<\/p>\n<p><strong>Veja como ficou a localiza\u00e7\u00e3o dos radares ap\u00f3s o remanejamento:\u00a0\u00a0<\/strong><\/p>\n<\/div>\n<div><\/div>\n<\/div>\n<div>\n<div id=\"attachment_103763\" style=\"width: 609px\" class=\"wp-caption aligncenter\"><img loading=\"lazy\" decoding=\"async\" aria-describedby=\"caption-attachment-103763\" class=\"size-full wp-image-103763\" src=\"http:\/\/senoticias.com.br\/se\/wp-content\/uploads\/2017\/06\/radar-SENOTICIAS-e1496686583902.jpeg\" alt=\"Foto: SMTT\" width=\"599\" height=\"449\" \/><p id=\"caption-attachment-103763\" class=\"wp-caption-text\">Foto: SMTT<\/p><\/div>\n<\/div>\n<div style=\"text-align: justify;\"><\/div>\n<div><\/div>\n<div><\/div>\n<div><\/div>\n<div><\/div>\n<div><strong><em>EQUIPAMENTOS DE FISCALIZA\u00c7\u00c3O ELETR\u00d4NICA \u2013 RADAR FIXO<\/em><\/strong><\/div>\n<p>1 &#8211;\u00a0 Av. Prefeito Her\u00e1clito Rollemberg, n\u00b0 1430 &#8211; pr\u00f3ximo \u00e0 Casa das Telhas (sul)<br \/>\n2 &#8211;\u00a0 Av. Prefeito Her\u00e1clito Rollemberg, n\u00b0 1430 &#8211; pr\u00f3ximo \u00e0 Casa das Telhas (norte)<br \/>\n3 &#8211; Av. Beira Mar &#8211; pr\u00f3ximo \u00e0 entrada do Parque dos Cajueiros (sul)<br \/>\n4 &#8211; Av. Beira Mar &#8211; pr\u00f3ximo \u00e0 entrada do Parque dos Cajueiros (norte)<br \/>\n5 \u2013 Av. Luiz Lua Gonzaga \u2013 pr\u00f3ximo \u00e0 rua RT9 (oeste)<br \/>\n6 &#8211; Av. Luiz Lua Gonzaga \u2013 pr\u00f3ximo \u00e0 rua RT9 (leste)<br \/>\n7 \u2013 Av. M\u00e1rio Jorge Menezes Vieira \u2013 pr\u00f3ximo ao n\u00famero 278 (sul)<br \/>\n8 \u2013 Av. M\u00e1rio Jorge Menezes Vieira \u2013 pr\u00f3ximo ao n\u00famero 278 (norte)<br \/>\n9 \u2013 Av. Jos\u00e9 da Silva Ribeiro Filho \u2013 pr\u00f3ximo ao n\u00famero 55 (oeste)<br \/>\n10 &#8211; Av. Jos\u00e9 da Silva Ribeiro Filho \u2013 pr\u00f3ximo ao n\u00famero 55 (leste)<\/p>\n<div><strong><em>EQUIPAMENTOS DE FISCALIZA\u00c7\u00c3O ELETR\u00d4NICA \u2013 LOMBADA ELETR\u00d4NICA<\/em><\/strong><\/div>\n<p>11 \u2013 Av. Maranh\u00e3o \u2013 pr\u00f3ximo ao Hospital Nestor Piva (leste)<br \/>\n12 \u2013 Av. Maranh\u00e3o \u2013 pr\u00f3ximo ao Hospital Nestor Piva (oeste)<br \/>\n13 \u2013 Av. Juscelino Kubitscheck \u2013 ao lado da pra\u00e7a Jos\u00e9 Andrade (norte)<br \/>\n14 \u2013 Av. Juscelino Kubitscheck \u2013 ao lado da pra\u00e7a Jos\u00e9 Andrade (sul)<\/p>\n<div><strong><em>EQUIPAMENTOS DE FISCALIZA\u00c7\u00c3O ELETR\u00d4NICA \u2013 TIPO MISTO*<\/em><\/strong><br \/>\n*al\u00e9m da velocidade, detecta avan\u00e7o de sinal e parada sobre a faixa de pedestres<\/div>\n<p>15 \u2013 Av. Prefeito Her\u00e1clito Rollemberg X Rua Paulo H M Pimentel (sul)<br \/>\n16 \u2013 Av. Desembargador Maynard X Av. Hermes Fontes (leste)<br \/>\n17 \u2013 Av. Beira Mar X Av. Francisco Porto (sul)<br \/>\n18 \u2013 Av. Beira Mar X Av. Tancredo Neves (sul)<br \/>\n19 \u2013 Av. Hermes Fontes X Av. Bar\u00e3o de Maruim (norte)<br \/>\n20 \u2013 Av. Ivo do Prado X Tv. Jo\u00e3o Francisco da Silveira (sul)<br \/>\n21 \u2013 Av. Ivo do Prado X Tv. Jo\u00e3o Francisco da Silveira (norte)<br \/>\n22 \u2013 Av. Ant\u00f4nio Alves X Av. Prefeito Her\u00e1clito Rollemberg (norte)<br \/>\n23 \u2013 Av. Coelho e Campos x Av. Dr. Carlos Firpo (leste)<br \/>\n24 \u2013 Av. Tancredo Neves \u2013 pr\u00f3ximo ao HUSE (oeste)<br \/>\n25 \u2013 Av. Tancredo Neves \u2013 pr\u00f3ximo ao HUSE (leste)<br \/>\n26 \u2013 Av. Beira Mar X Av. Murilo Dantas (norte)<br \/>\n27 \u2013 Av. Beira Mar X Av. Murilo Dantas (sul)<br \/>\n28 \u2013 Rua Altamira X Rua M\u00e1rio Matiotti (norte)<br \/>\n29 \u2013 Av. Euclides Fogueiredo X Rua Fortaleza (sul)<br \/>\n30 \u2013 Av. Paulo Figueiredo Barreto (norte)<br \/>\n31 \u2013 Av. Paulo Figueiredo Barreto (sul)<br \/>\n32 \u2013 Av. Francisco Porto X Av. Pedro Paes Azevedo (leste)<br \/>\n33 \u2013 Av. Francisco Porto X Av. Pedro Paes Azevedo (oeste)<br \/>\n34 \u2013 Av. Ad\u00e9lia Franco X Av. Marieta Leite (norte)<br \/>\n35 \u2013 Av. Ad\u00e9lia Franco X Av. Marieta Leite (sul)<br \/>\n36 \u2013 Av. Jo\u00e3o Ribeiro X Av. Sime\u00e3o Sobral (norte)<br \/>\n37 \u2013 Av. Desembargador Maynard X Av. Augusto Franco (oeste)<br \/>\n38 \u2013 Av. Dr. Jos\u00e9 da Silva Ribeiro Filho X Av. Augusto Franco<br \/>\n39 \u2013 Av. Jos\u00e9 da Silva Ribeiro Filho X Rua Acre (leste)<br \/>\n40 \u2013 Av. Dr. Jos\u00e9 da Silva Ribeiro Filho X Rua Acre (oeste)<br \/>\n41 \u2013 Rua Acre X Av. Dr. Jos\u00e9 da Silva Filho (norte)<br \/>\n42 \u2013 Av. Min. Geraldo Barreto Sobral X Av. Jornalista Santos Santana<br \/>\n43 \u2013 Av. Pedro Valadares X Av. Silvio Teixeira (sul)<br \/>\n44 \u2013 Av. Euclides Figueiredo X Av. Matadouro (sul)<br \/>\n45 \u2013 Av. Santa Gleide X Av. Alcides L. Fontes (leste)<br \/>\n46 \u2013 Av. Desembargador Maynard X Av. Gentil Tavares (leste)<br \/>\n47 \u2013 Rua S\u00e3o Crist\u00f3v\u00e3o X Av. Gentil Tavares (oeste)<br \/>\n48 \u2013 Av. Sime\u00e3o Sobral X Av. Gentil Tavares (oeste)<br \/>\n49 \u2013 Av. Bar\u00e3o de Maruim X Rua Itabaiana (leste)<\/p>\n<div><strong><em>EQUIPAMENTOS DE FISCALIZA\u00c7\u00c3O ELETR\u00d4NICA QUE SER\u00c3O DESLOCADOS<\/em><\/strong><\/div>\n<p>50 \u2013 Av. Jo\u00e3o Ribeiro X Coelho e Campos (sul)<br \/>\n51 \u2013 Av. Coelho e Campos X Av. Jo\u00e3o Ribeiro (oeste)<br \/>\n52 \u2013 Rua S\u00e3o Crist\u00f3v\u00e3o X Av. Augusto Franco (oeste)<br \/>\n53 \u2013 Av. Maranh\u00e3o X Av. Euclides Figueiredo (oeste)<br \/>\n54 \u2013 Av. Ant\u00f4nio Alves X Av. Her\u00e1clito Rolemberg (sul)<br \/>\n55 \u2013 Av. Tancredo Neves X Av. Beira Mar (leste)<br \/>\n56 \u2013 Av. M\u00e1rio Jorge X Av. Urbano Neto (sul)<br \/>\n57 \u2013 Rua Urbano Neto X Av. M\u00e1rio Jorge (leste)<\/p>\n<div><strong><em>NOVOS LOCAIS QUE TER\u00c3O EQUIPAMENTOS DE FISCALIZA\u00c7\u00c3O ELETR\u00d4NICA<\/em><\/strong><b><br \/>\n<\/b><\/div>\n<p>1 \u2013 Av. Beira Mar \u2013 pr\u00f3ximo ao Iate Clube (norte)<br \/>\n2 \u2013 Av. Beira Mar \u2013 pr\u00f3ximo ao Iate Clube (sul)<br \/>\n3 \u2013 Av. Vereador Manoel D\u00f3ria \u2013 continua\u00e7\u00e3o da Adel Nunes (norte)<br \/>\n4 \u2013 Av. Vereador Manoel D\u00f3ria \u2013 continua\u00e7\u00e3o da Adel Nunes (sul)<br \/>\n5 \u2013 Av. Tancredo Neves \u2013 pr\u00f3ximo \u00e0 Maracar (oeste)<br \/>\n6 \u2013 Av. Tancredo Neves \u2013 pr\u00f3ximo \u00e0 Maracar (leste)<br \/>\n7 \u2013 Av. Beira Mar \u2013 pr\u00f3ximo \u00e0 Embrapa (norte)<br \/>\n8 \u2013 Av. Beira Mar \u2013 pr\u00f3ximo \u00e0 Embrapa (sul)<\/p>\n<p>&nbsp;<\/p>\n<p><img loading=\"lazy\" decoding=\"async\" class=\"aligncenter size-full wp-image-103836\" src=\"http:\/\/senoticias.com.br\/se\/wp-content\/uploads\/2017\/06\/Logo-fone-1-2-1-2-4-2.jpg\" alt=\"Logo-fone-1-2-1-2-4-2\" width=\"599\" height=\"78\" srcset=\"https:\/\/senoticias.com.br\/se\/wp-content\/uploads\/2017\/06\/Logo-fone-1-2-1-2-4-2.jpg 599w, https:\/\/senoticias.com.br\/se\/wp-content\/uploads\/2017\/06\/Logo-fone-1-2-1-2-4-2-300x39.jpg 300w\" sizes=\"(max-width: 599px) 100vw, 599px\" \/><\/p>\n<p>&nbsp;<\/p>\n<p><em><strong>Acompanhe tamb\u00e9m o SE Not\u00edcias no<\/strong><span class=\"apple-converted-space\"><b>\u00a0<\/b><\/span><a href=\"https:\/\/twitter.com\/Senoticias\" target=\"_blank\"><b>Twitter<\/b><\/a><strong>,<\/strong><span class=\"apple-converted-space\"><b>\u00a0<\/b><\/span><a href=\"https:\/\/www.facebook.com\/senoticias1\" target=\"_blank\"><b>Facebook<\/b><span class=\"apple-converted-space\"><b>\u00a0<\/b><\/span><\/a><strong>e no<\/strong><span class=\"apple-converted-space\"><b>\u00a0<\/b><\/span><a href=\"https:\/\/www.instagram.com\/senoticias\/\" target=\"_blank\"><b>Instagram<\/b><\/a><\/em><\/p>\n<p><em>Com informa\u00e7\u00f5es da SMTT\/Aju<\/em><\/p>\n","protected":false},"excerpt":{"rendered":"<p>Os equipamentos de fiscaliza\u00e7\u00e3o eletr\u00f4nica causam pol\u00eamica em Aracaju desde o in\u00edcio da gest\u00e3o do ex-prefeito Jo\u00e3o Alves, quando se cogitou a instala\u00e7\u00e3o. Em 2015, os equipamentos come\u00e7aram a ser instalados aos poucos. Atualmente, h\u00e1 57 equipamentos pela cidade, do tipo radar fixo, misto e lombada eletr\u00f4nica. Eles detectam avan\u00e7o de sinal, velocidade e parada [&hellip;]<\/p>\n","protected":false},"author":2,"featured_media":103763,"comment_status":"closed","ping_status":"closed","sticky":false,"template":"","format":"standard","meta":{"footnotes":""},"categories":[38],"tags":[339,4160,4161,3636],"class_list":{"0":"post-104043","1":"post","2":"type-post","3":"status-publish","4":"format-standard","5":"has-post-thumbnail","7":"category-municipios","8":"tag-aracaju","9":"tag-lista","10":"tag-locais","11":"tag-radar"},"_links":{"self":[{"href":"https:\/\/senoticias.com.br\/se\/wp-json\/wp\/v2\/posts\/104043"}],"collection":[{"href":"https:\/\/senoticias.com.br\/se\/wp-json\/wp\/v2\/posts"}],"about":[{"href":"https:\/\/senoticias.com.br\/se\/wp-json\/wp\/v2\/types\/post"}],"author":[{"embeddable":true,"href":"https:\/\/senoticias.com.br\/se\/wp-json\/wp\/v2\/users\/2"}],"replies":[{"embeddable":true,"href":"https:\/\/senoticias.com.br\/se\/wp-json\/wp\/v2\/comments?post=104043"}],"version-history":[{"count":0,"href":"https:\/\/senoticias.com.br\/se\/wp-json\/wp\/v2\/posts\/104043\/revisions"}],"wp:featuredmedia":[{"embeddable":true,"href":"https:\/\/senoticias.com.br\/se\/wp-json\/wp\/v2\/media\/103763"}],"wp:attachment":[{"href":"https:\/\/senoticias.com.br\/se\/wp-json\/wp\/v2\/media?parent=104043"}],"wp:term":[{"taxonomy":"category","embeddable":true,"href":"https:\/\/senoticias.com.br\/se\/wp-json\/wp\/v2\/categories?post=104043"},{"taxonomy":"post_tag","embeddable":true,"href":"https:\/\/senoticias.com.br\/se\/wp-json\/wp\/v2\/tags?post=104043"}],"curies":[{"name":"wp","href":"https:\/\/api.w.org\/{rel}","templated":true}]}}