{"id":104040,"date":"2017-06-14T16:46:10","date_gmt":"2017-06-14T19:46:10","guid":{"rendered":"http:\/\/senoticias.com.br\/se\/?p=104040"},"modified":"2017-06-14T19:50:18","modified_gmt":"2017-06-14T22:50:18","slug":"afastado-do-senado-aecio-teve-salario-suspenso-e-perdeu-carro-oficial","status":"publish","type":"post","link":"https:\/\/senoticias.com.br\/se\/afastado-do-senado-aecio-teve-salario-suspenso-e-perdeu-carro-oficial\/","title":{"rendered":"Afastado do Senado, A\u00e9cio teve sal\u00e1rio suspenso e perdeu carro oficial"},"content":{"rendered":"<p style=\"text-align: justify;\">O presidente do Senado, Eun\u00edcio Oliveria (PMDB-CE), enviou hoje (14) ao ministro do Supremo Tribunal Federal (STF) Marco Aur\u00e9lio Melo um of\u00edcio informando que o senador afastado A\u00e9cio Neves (PSDB-MG) teve o sal\u00e1rio suspenso e est\u00e1 sem carro oficial desde o dia 18 de maio, data em que a Corte determinou o afastamento do parlamentar do mandato.<\/p>\n<p style=\"text-align: justify;\">No of\u00edcio, Eun\u00edcio informa que desde a data tamb\u00e9m est\u00e1 suspensa a verba indenizat\u00f3ria. Acrescenta ainda que o registro de presen\u00e7a de A\u00e9cio foi desativado e retirado do painel do plen\u00e1rio e das comiss\u00f5es e que o portal do Senado passou a informar que o parlamentar est\u00e1 afastado por decis\u00e3o judicial.<\/p>\n<p style=\"text-align: justify;\"><img loading=\"lazy\" decoding=\"async\" class=\"aligncenter size-full wp-image-104011\" src=\"http:\/\/senoticias.com.br\/se\/wp-content\/uploads\/2017\/06\/aecio-SENOTICIAS-e1497382641701.jpg\" alt=\"aecio SENOTICIAS\" width=\"599\" height=\"360\" \/><\/p>\n<p style=\"text-align: justify;\">Nos \u00faltimos dias, a diretoria-geral do Senado e Eun\u00edcio Oliveira negaram estar descumprindo a determina\u00e7\u00e3o do ministro do STF Edson Fachin de afastar o senador A\u00e9cio Neves do mandato. As rea\u00e7\u00f5es vieram ap\u00f3s a publica\u00e7\u00e3o de uma reportagem pelo jornal Folha de S.Paulo, que destacou que o nome de A\u00e9cio ainda constava no painel de vota\u00e7\u00e3o e seu gabinete funcionava normalmente, o que configuraria descumprimento da decis\u00e3o do Supremo.<\/p>\n<p style=\"text-align: justify;\">Hoje, ao ser questionado pelo senador Lindbergh Farias (PT-RJ) sobre a aus\u00eancia do nome de A\u00e9cio Neves no painel de vota\u00e7\u00e3o do plen\u00e1rio, Eun\u00edcio disse que ele j\u00e1 estava apagado, mas agora foi retirado para que n\u00e3o restem d\u00favidas de que o Senado cumpre a decis\u00e3o do STF.<\/p>\n<p style=\"text-align: justify;\">\u201c\u00c9 para deixar bem claro que a Mesa Diretora e esta Presid\u00eancia n\u00e3o descumpriram a decis\u00e3o da Suprema Corte. Como gerava d\u00favida o nome ficar ali apagado como estava, ficava branco, agora est\u00e1 retirado para que n\u00e3o gere nenhum tipo de d\u00favida\u201d, disse Eun\u00edcio.<\/p>\n<p style=\"text-align: justify;\">A\u00e9cio Neves n\u00e3o comparece ao Senado desde 18 maio, dia em que seu afastamento foi determinado e uma opera\u00e7\u00e3o da Pol\u00edcia Federal realizou busca e apreens\u00e3o em suas resid\u00eancias de Bras\u00edlia, Rio de Janeiro e Belo Horizonte.<\/p>\n<p style=\"text-align: justify;\"><img loading=\"lazy\" decoding=\"async\" class=\"aligncenter size-full wp-image-103836\" src=\"http:\/\/senoticias.com.br\/se\/wp-content\/uploads\/2017\/06\/Logo-fone-1-2-1-2-4-2.jpg\" alt=\"Logo-fone-1-2-1-2-4-2\" width=\"599\" height=\"78\" srcset=\"https:\/\/senoticias.com.br\/se\/wp-content\/uploads\/2017\/06\/Logo-fone-1-2-1-2-4-2.jpg 599w, https:\/\/senoticias.com.br\/se\/wp-content\/uploads\/2017\/06\/Logo-fone-1-2-1-2-4-2-300x39.jpg 300w\" sizes=\"(max-width: 599px) 100vw, 599px\" \/><\/p>\n<p><em><strong>Acompanhe tamb\u00e9m o SE Not\u00edcias no<\/strong><span class=\"apple-converted-space\"><b>\u00a0<\/b><\/span><a href=\"https:\/\/twitter.com\/Senoticias\" target=\"_blank\"><b>Twitter<\/b><\/a><strong>,<\/strong><span class=\"apple-converted-space\"><b>\u00a0<\/b><\/span><a href=\"https:\/\/www.facebook.com\/senoticias1\" target=\"_blank\"><b>Facebook<\/b><span class=\"apple-converted-space\"><b>\u00a0<\/b><\/span><\/a><strong>e no<\/strong><span class=\"apple-converted-space\"><b>\u00a0<\/b><\/span><a href=\"https:\/\/www.instagram.com\/senoticias\/\" target=\"_blank\"><b>Instagram<\/b><\/a><\/em><\/p>\n<p><em>Por Ag\u00eancia Brasil<\/em><\/p>\n","protected":false},"excerpt":{"rendered":"<p>O presidente do Senado, Eun\u00edcio Oliveria (PMDB-CE), enviou hoje (14) ao ministro do Supremo Tribunal Federal (STF) Marco Aur\u00e9lio Melo um of\u00edcio informando que o senador afastado A\u00e9cio Neves (PSDB-MG) teve o sal\u00e1rio suspenso e est\u00e1 sem carro oficial desde o dia 18 de maio, data em que a Corte determinou o afastamento do parlamentar [&hellip;]<\/p>\n","protected":false},"author":2,"featured_media":0,"comment_status":"closed","ping_status":"closed","sticky":false,"template":"","format":"standard","meta":{"footnotes":""},"categories":[1],"tags":[3660,2168,836],"class_list":{"0":"post-104040","1":"post","2":"type-post","3":"status-publish","4":"format-standard","6":"category-sem-categoria","7":"tag-aecio","8":"tag-politica","9":"tag-stf"},"_links":{"self":[{"href":"https:\/\/senoticias.com.br\/se\/wp-json\/wp\/v2\/posts\/104040"}],"collection":[{"href":"https:\/\/senoticias.com.br\/se\/wp-json\/wp\/v2\/posts"}],"about":[{"href":"https:\/\/senoticias.com.br\/se\/wp-json\/wp\/v2\/types\/post"}],"author":[{"embeddable":true,"href":"https:\/\/senoticias.com.br\/se\/wp-json\/wp\/v2\/users\/2"}],"replies":[{"embeddable":true,"href":"https:\/\/senoticias.com.br\/se\/wp-json\/wp\/v2\/comments?post=104040"}],"version-history":[{"count":0,"href":"https:\/\/senoticias.com.br\/se\/wp-json\/wp\/v2\/posts\/104040\/revisions"}],"wp:attachment":[{"href":"https:\/\/senoticias.com.br\/se\/wp-json\/wp\/v2\/media?parent=104040"}],"wp:term":[{"taxonomy":"category","embeddable":true,"href":"https:\/\/senoticias.com.br\/se\/wp-json\/wp\/v2\/categories?post=104040"},{"taxonomy":"post_tag","embeddable":true,"href":"https:\/\/senoticias.com.br\/se\/wp-json\/wp\/v2\/tags?post=104040"}],"curies":[{"name":"wp","href":"https:\/\/api.w.org\/{rel}","templated":true}]}}