{"id":104038,"date":"2017-06-14T16:34:28","date_gmt":"2017-06-14T19:34:28","guid":{"rendered":"http:\/\/senoticias.com.br\/se\/?p=104038"},"modified":"2017-06-14T16:49:06","modified_gmt":"2017-06-14T19:49:06","slug":"secretaria-de-educacao-divulga-selecionados-do-programa-parlamento-jovem-brasileiro","status":"publish","type":"post","link":"https:\/\/senoticias.com.br\/se\/secretaria-de-educacao-divulga-selecionados-do-programa-parlamento-jovem-brasileiro\/","title":{"rendered":"Secretaria de Educa\u00e7\u00e3o divulga selecionados do Programa Parlamento Jovem Brasileiro"},"content":{"rendered":"<p>A Secretaria de Estado da Educa\u00e7\u00e3o, atrav\u00e9s da Assessoria Internacional, encerrou na \u00faltima sexta-feira, 9, as inscri\u00e7\u00f5es para o programa Parlamento Jovem Brasileiro (PJB\/2017).<\/p>\n<p style=\"text-align: justify;\"><strong>Os estudantes selecionados foram:<\/strong><\/p>\n<div id=\"attachment_104039\" style=\"width: 593px\" class=\"wp-caption aligncenter\"><img loading=\"lazy\" decoding=\"async\" aria-describedby=\"caption-attachment-104039\" class=\"size-full wp-image-104039\" src=\"http:\/\/senoticias.com.br\/se\/wp-content\/uploads\/2017\/06\/tabela-SENOTICIAS.png\" alt=\"Tabela dispon\u00edvel no site da ASN. \" width=\"583\" height=\"489\" srcset=\"https:\/\/senoticias.com.br\/se\/wp-content\/uploads\/2017\/06\/tabela-SENOTICIAS.png 583w, https:\/\/senoticias.com.br\/se\/wp-content\/uploads\/2017\/06\/tabela-SENOTICIAS-300x252.png 300w\" sizes=\"(max-width: 583px) 100vw, 583px\" \/><p id=\"caption-attachment-104039\" class=\"wp-caption-text\">Tabela dispon\u00edvel no site da ASN.<\/p><\/div>\n<p style=\"text-align: justify;\">O programa \u00e9 destinado \u00e0s escolas p\u00fablicas estaduais, federais e particulares, podendo participar alunos de 16 a 22 anos, matriculados na 2\u00aa ou 3\u00aa s\u00e9rie do ensino m\u00e9dio, ou na 2\u00aa, 3\u00aa ou 4\u00aa s\u00e9rie do ensino t\u00e9cnico na modalidade integrada ao ensino m\u00e9dio.<\/p>\n<p style=\"text-align: justify;\">Ap\u00f3s a inscri\u00e7\u00e3o, a C\u00e2mara dos Deputados realizar\u00e1 uma sele\u00e7\u00e3o final dos projetos enviados pelos estados e ser\u00e3o divulgados os nomes dos 78 estudantes que se tornar\u00e3o jovens deputados, representando todas as unidades federativas do pa\u00eds.<\/p>\n<p style=\"text-align: justify;\">No per\u00edodo de 25 a 29 de setembro de 2017, os alunos vencedores ir\u00e3o a Bras\u00edlia para vivenciarem os trabalhos dos deputados federais, com todas as despesas custeadas pela C\u00e2mara dos Deputados. Mais informa\u00e7\u00f5es podem ser obtidas atrav\u00e9s da Assessoria Internacional da Seed (3253-8112) ou pelo site www.camara.leg.br\/pjb.<\/p>\n<p style=\"text-align: justify;\">\n<p style=\"text-align: justify;\"><img loading=\"lazy\" decoding=\"async\" class=\"aligncenter size-full wp-image-103836\" src=\"http:\/\/senoticias.com.br\/se\/wp-content\/uploads\/2017\/06\/Logo-fone-1-2-1-2-4-2.jpg\" alt=\"Logo-fone-1-2-1-2-4-2\" width=\"599\" height=\"78\" srcset=\"https:\/\/senoticias.com.br\/se\/wp-content\/uploads\/2017\/06\/Logo-fone-1-2-1-2-4-2.jpg 599w, https:\/\/senoticias.com.br\/se\/wp-content\/uploads\/2017\/06\/Logo-fone-1-2-1-2-4-2-300x39.jpg 300w\" sizes=\"(max-width: 599px) 100vw, 599px\" \/><\/p>\n<p><em><strong>Acompanhe tamb\u00e9m o SE Not\u00edcias no<\/strong><span class=\"apple-converted-space\"><b>\u00a0<\/b><\/span><a href=\"https:\/\/twitter.com\/Senoticias\" target=\"_blank\"><b>Twitter<\/b><\/a><strong>,<\/strong><span class=\"apple-converted-space\"><b>\u00a0<\/b><\/span><a href=\"https:\/\/www.facebook.com\/senoticias1\" target=\"_blank\"><b>Facebook<\/b><span class=\"apple-converted-space\"><b>\u00a0<\/b><\/span><\/a><strong>e no<\/strong><span class=\"apple-converted-space\"><b>\u00a0<\/b><\/span><a href=\"https:\/\/www.instagram.com\/senoticias\/\" target=\"_blank\"><b>Instagram<\/b><\/a><\/em><\/p>\n<p><em>Por ASN<\/em><\/p>\n","protected":false},"excerpt":{"rendered":"<p>A Secretaria de Estado da Educa\u00e7\u00e3o, atrav\u00e9s da Assessoria Internacional, encerrou na \u00faltima sexta-feira, 9, as inscri\u00e7\u00f5es para o programa Parlamento Jovem Brasileiro (PJB\/2017). Os estudantes selecionados foram: O programa \u00e9 destinado \u00e0s escolas p\u00fablicas estaduais, federais e particulares, podendo participar alunos de 16 a 22 anos, matriculados na 2\u00aa ou 3\u00aa s\u00e9rie do ensino [&hellip;]<\/p>\n","protected":false},"author":2,"featured_media":0,"comment_status":"closed","ping_status":"closed","sticky":false,"template":"","format":"standard","meta":{"footnotes":""},"categories":[8],"tags":[1306,4158,4159],"class_list":{"0":"post-104038","1":"post","2":"type-post","3":"status-publish","4":"format-standard","6":"category-esporte-e-cultura","7":"tag-educacao","8":"tag-parlamentojovem","9":"tag-selecao"},"_links":{"self":[{"href":"https:\/\/senoticias.com.br\/se\/wp-json\/wp\/v2\/posts\/104038"}],"collection":[{"href":"https:\/\/senoticias.com.br\/se\/wp-json\/wp\/v2\/posts"}],"about":[{"href":"https:\/\/senoticias.com.br\/se\/wp-json\/wp\/v2\/types\/post"}],"author":[{"embeddable":true,"href":"https:\/\/senoticias.com.br\/se\/wp-json\/wp\/v2\/users\/2"}],"replies":[{"embeddable":true,"href":"https:\/\/senoticias.com.br\/se\/wp-json\/wp\/v2\/comments?post=104038"}],"version-history":[{"count":0,"href":"https:\/\/senoticias.com.br\/se\/wp-json\/wp\/v2\/posts\/104038\/revisions"}],"wp:attachment":[{"href":"https:\/\/senoticias.com.br\/se\/wp-json\/wp\/v2\/media?parent=104038"}],"wp:term":[{"taxonomy":"category","embeddable":true,"href":"https:\/\/senoticias.com.br\/se\/wp-json\/wp\/v2\/categories?post=104038"},{"taxonomy":"post_tag","embeddable":true,"href":"https:\/\/senoticias.com.br\/se\/wp-json\/wp\/v2\/tags?post=104038"}],"curies":[{"name":"wp","href":"https:\/\/api.w.org\/{rel}","templated":true}]}}