{"id":104036,"date":"2017-06-14T15:11:48","date_gmt":"2017-06-14T18:11:48","guid":{"rendered":"http:\/\/senoticias.com.br\/se\/?p=104036"},"modified":"2017-06-14T15:19:23","modified_gmt":"2017-06-14T18:19:23","slug":"museu-da-gente-sergipana-tera-programacao-especial-de-sao-joao","status":"publish","type":"post","link":"https:\/\/senoticias.com.br\/se\/museu-da-gente-sergipana-tera-programacao-especial-de-sao-joao\/","title":{"rendered":"Museu da Gente Sergipana ter\u00e1 programa\u00e7\u00e3o especial de S\u00e3o Jo\u00e3o"},"content":{"rendered":"<p style=\"text-align: justify;\">A \u00e9poca mais tradicional no ano em Sergipe j\u00e1 chegou e o Museu da Gente Sergipana Gov. Marcelo D\u00e9da se encheu de cores, enfeites, bandeirolas e atividades especiais para junto com o p\u00fablico exaltar e manter viva a cultura nordestina. Em mais um S\u00e3o Jo\u00e3o da Gente Sergipana, a ser realizado nos dias 16 e 18 de junho, o Instituto Banese, atrav\u00e9s do museu, cumpre seu papel de valorizar, promover e difundir a cultura sergipana marcada por manifesta\u00e7\u00f5es art\u00edsticas e culturais t\u00e3o expressivas nesse per\u00edodo de festejos juninos.<\/p>\n<p style=\"text-align: justify;\"><img loading=\"lazy\" decoding=\"async\" class=\"aligncenter size-full wp-image-104037\" src=\"http:\/\/senoticias.com.br\/se\/wp-content\/uploads\/2017\/06\/museu-SENOTICIAS-e1497463348575.jpg\" alt=\"museu SENOTICIAS\" width=\"600\" height=\"398\" \/><\/p>\n<p style=\"text-align: justify;\">\u00c9 um tempo de transmitir a novas gera\u00e7\u00f5es o senso de congra\u00e7amento e alegria de viver uma cultura peculiar e apreciar uma arte popular singular, que inclui musicalidade envolvente e uma culin\u00e1ria toda especial. Inspirado nestes valores e costumes, o Museu da Gente Sergipana oferece uma programa\u00e7\u00e3o especial recheada de m\u00fasica, teatro, dan\u00e7a, gastronomia, artesanato e a\u00e7\u00f5es educativas para crian\u00e7as, jovens, adultos e toda a fam\u00edlia, com entrada gratuita para todas as atividades.<\/p>\n<p style=\"text-align: justify;\"><strong>Quartas-feiras<\/strong><\/p>\n<p style=\"text-align: justify;\">Durante todas as quartas de junho, das 14h \u00e0s 16h, a equipe de a\u00e7\u00e3o educativa do museu realizar\u00e1 atividades l\u00fadicas explorando aspectos da cultura junina para grupos agendados. Atrav\u00e9s da a\u00e7\u00e3o denominada \u2018Quadrilha no Museu\u2019, o p\u00fablico conhecer\u00e1 mais sobre a origem da quadrilha e os passos e ritmos apresentados nessa dan\u00e7a junina. J\u00e1 na \u2018Oficina de No\u00e7\u00f5es B\u00e1sicas de P\u00edfano\u2019, os educadores ir\u00e3o contar a hist\u00f3ria desse tradicional instrumento e transmitir algumas no\u00e7\u00f5es de como toc\u00e1-lo. Para participar, \u00e9 preciso ter mais de oito anos para a quadrilha e 12 para a oficina de p\u00edfano, al\u00e9m de agendar a participa\u00e7\u00e3o atrav\u00e9s do telefone (79) 3218-1551.<\/p>\n<p style=\"text-align: justify;\">A programa\u00e7\u00e3o \u00e9 aberta ao p\u00fablico em geral e totalmente gratuita, basta levar a anima\u00e7\u00e3o e disposi\u00e7\u00e3o para brincar e dan\u00e7ar forr\u00f3. Para mais informa\u00e7\u00f5es sobre a programa\u00e7\u00e3o, entrar em contato com o Instituto Banese pelo telefone (79) 3218-1551. O Museu da Gente Sergipana est\u00e1 localizado na Avenida Ivo do Prado, 398, Centro, em Aracaju.<\/p>\n<p style=\"text-align: justify;\"><strong>16 de junho\u00a0<\/strong><\/p>\n<p style=\"text-align: justify;\">A partir das 17h \u2013 Feirinha da Gente<br \/>\n17h &#8211; Banda de p\u00edfanos Nossa Senhora da Concei\u00e7\u00e3o, de Sim\u00e3o Dias<br \/>\n18h \u2013 Apresenta\u00e7\u00e3o teatral \u2018Talco no Sal\u00e3o, pro forr\u00f3 ficar cheiroso\u2019, do grupo Mamulengo de Cheiroso<br \/>\n19h \u2013 Apresenta\u00e7\u00e3o da quadrilha junina S\u00e9culo XX<br \/>\nLan\u00e7amento do livro \u2018Quadrilha S\u00e9culo XX \u2013 52 anos de vit\u00f3rias<br \/>\n20h \u2013 Apresenta\u00e7\u00e3o musical de Lucas Campelo e convidados<\/p>\n<p style=\"text-align: justify;\"><strong>18 de junho<\/strong><\/p>\n<p style=\"text-align: justify;\">12h &#8211; Transmiss\u00e3o ao vivo do programa \u201cPuxa o Fole, com Sergival e convidados:<\/p>\n<p style=\"text-align: justify;\">&#8211; Grupo S\u00e3o Jo\u00e3o na Ro\u00e7a, do Povoado S\u00e3o Jos\u00e9, em Japaratuba<br \/>\n&#8211; Lucas Campelo, sanfoneiro da nov\u00edssima gera\u00e7\u00e3o<br \/>\n&#8211; Mestre Arar\u00e3o, forrozeiro sergipano tradicional<\/p>\n<p style=\"text-align: justify;\"><img loading=\"lazy\" decoding=\"async\" class=\"aligncenter size-full wp-image-103836\" src=\"http:\/\/senoticias.com.br\/se\/wp-content\/uploads\/2017\/06\/Logo-fone-1-2-1-2-4-2.jpg\" alt=\"Logo-fone-1-2-1-2-4-2\" width=\"599\" height=\"78\" srcset=\"https:\/\/senoticias.com.br\/se\/wp-content\/uploads\/2017\/06\/Logo-fone-1-2-1-2-4-2.jpg 599w, https:\/\/senoticias.com.br\/se\/wp-content\/uploads\/2017\/06\/Logo-fone-1-2-1-2-4-2-300x39.jpg 300w\" sizes=\"(max-width: 599px) 100vw, 599px\" \/><\/p>\n<p style=\"text-align: justify;\"><em><strong>Acompanhe tamb\u00e9m o SE Not\u00edcias no<\/strong><span class=\"apple-converted-space\"><b>\u00a0<\/b><\/span><a href=\"https:\/\/twitter.com\/Senoticias\" target=\"_blank\"><b>Twitter<\/b><\/a><strong>,<\/strong><span class=\"apple-converted-space\"><b>\u00a0<\/b><\/span><a href=\"https:\/\/www.facebook.com\/senoticias1\" target=\"_blank\"><b>Facebook<\/b><span class=\"apple-converted-space\"><b>\u00a0<\/b><\/span><\/a><strong>e no<\/strong><span class=\"apple-converted-space\"><b>\u00a0<\/b><\/span><a href=\"https:\/\/www.instagram.com\/senoticias\/\" target=\"_blank\"><b>Instagram<\/b><\/a><\/em><\/p>\n<p><em>Fonte: Ascom\/Instituto Banese<\/em><\/p>\n","protected":false},"excerpt":{"rendered":"<p>A \u00e9poca mais tradicional no ano em Sergipe j\u00e1 chegou e o Museu da Gente Sergipana Gov. Marcelo D\u00e9da se encheu de cores, enfeites, bandeirolas e atividades especiais para junto com o p\u00fablico exaltar e manter viva a cultura nordestina. Em mais um S\u00e3o Jo\u00e3o da Gente Sergipana, a ser realizado nos dias 16 e [&hellip;]<\/p>\n","protected":false},"author":2,"featured_media":0,"comment_status":"closed","ping_status":"closed","sticky":false,"template":"","format":"standard","meta":{"footnotes":""},"categories":[21],"tags":[761,3368,3404],"class_list":{"0":"post-104036","1":"post","2":"type-post","3":"status-publish","4":"format-standard","6":"category-entretenimento","7":"tag-banese","8":"tag-museudagente","9":"tag-saojoao"},"_links":{"self":[{"href":"https:\/\/senoticias.com.br\/se\/wp-json\/wp\/v2\/posts\/104036"}],"collection":[{"href":"https:\/\/senoticias.com.br\/se\/wp-json\/wp\/v2\/posts"}],"about":[{"href":"https:\/\/senoticias.com.br\/se\/wp-json\/wp\/v2\/types\/post"}],"author":[{"embeddable":true,"href":"https:\/\/senoticias.com.br\/se\/wp-json\/wp\/v2\/users\/2"}],"replies":[{"embeddable":true,"href":"https:\/\/senoticias.com.br\/se\/wp-json\/wp\/v2\/comments?post=104036"}],"version-history":[{"count":0,"href":"https:\/\/senoticias.com.br\/se\/wp-json\/wp\/v2\/posts\/104036\/revisions"}],"wp:attachment":[{"href":"https:\/\/senoticias.com.br\/se\/wp-json\/wp\/v2\/media?parent=104036"}],"wp:term":[{"taxonomy":"category","embeddable":true,"href":"https:\/\/senoticias.com.br\/se\/wp-json\/wp\/v2\/categories?post=104036"},{"taxonomy":"post_tag","embeddable":true,"href":"https:\/\/senoticias.com.br\/se\/wp-json\/wp\/v2\/tags?post=104036"}],"curies":[{"name":"wp","href":"https:\/\/api.w.org\/{rel}","templated":true}]}}