{"id":103991,"date":"2017-06-13T11:47:59","date_gmt":"2017-06-13T14:47:59","guid":{"rendered":"http:\/\/senoticias.com.br\/se\/?p=103991"},"modified":"2017-06-13T11:47:59","modified_gmt":"2017-06-13T14:47:59","slug":"programacao-do-forro-caju-pode-ser-anunciada-na-sexta-feira","status":"publish","type":"post","link":"https:\/\/senoticias.com.br\/se\/programacao-do-forro-caju-pode-ser-anunciada-na-sexta-feira\/","title":{"rendered":"Programa\u00e7\u00e3o do Forr\u00f3 Caju pode ser anunciada na sexta-feira"},"content":{"rendered":"<p style=\"text-align: justify;\">Ainda n\u00e3o\u00a0acabou a \u2018novela\u2019 sobre a realiza\u00e7\u00e3o do Forr\u00f3 Caju 2017. Foi liberada\u00a0uma emenda de R$ 1,4 milh\u00e3o pelo Governo Federal e o planejamento \u00e9 de que a <strong>festa dever\u00e1\u00a0ocorrer nos dias 23, 24 e 25 de junho.\u00a0<\/strong><\/p>\n<div id=\"attachment_103992\" style=\"width: 610px\" class=\"wp-caption aligncenter\"><img loading=\"lazy\" decoding=\"async\" aria-describedby=\"caption-attachment-103992\" class=\"size-full wp-image-103992\" src=\"http:\/\/senoticias.com.br\/se\/wp-content\/uploads\/2017\/06\/Forro-Caju-SENOTICIAS.jpg\" alt=\"Para que o evento aconte\u00e7a, recursos federais precisam ser depositados at\u00e9 amanh\u00e3\" width=\"600\" height=\"399\" srcset=\"https:\/\/senoticias.com.br\/se\/wp-content\/uploads\/2017\/06\/Forro-Caju-SENOTICIAS.jpg 600w, https:\/\/senoticias.com.br\/se\/wp-content\/uploads\/2017\/06\/Forro-Caju-SENOTICIAS-300x200.jpg 300w, https:\/\/senoticias.com.br\/se\/wp-content\/uploads\/2017\/06\/Forro-Caju-SENOTICIAS-90x60.jpg 90w, https:\/\/senoticias.com.br\/se\/wp-content\/uploads\/2017\/06\/Forro-Caju-SENOTICIAS-180x120.jpg 180w, https:\/\/senoticias.com.br\/se\/wp-content\/uploads\/2017\/06\/Forro-Caju-SENOTICIAS-95x64.jpg 95w\" sizes=\"(max-width: 600px) 100vw, 600px\" \/><p id=\"caption-attachment-103992\" class=\"wp-caption-text\">Para que o evento aconte\u00e7a, recursos federais precisam ser depositados at\u00e9 amanh\u00e3. (Foto: Ana L\u00edcia Menezes\/AAN)<\/p><\/div>\n<p style=\"text-align: justify;\">\nDe acordo com o secret\u00e1rio adjunto de Comunica\u00e7\u00e3o da Prefeitura de Aracaju, Elton Coelho, <strong>se a emenda for liberada amanh\u00e3, dia 14,<\/strong> na sexta-feira, 16, <strong>a programa\u00e7\u00e3o ser\u00e1 anunciada &#8211; e ter\u00e1 cerca de 30% de artistas regionais.<\/strong><\/p>\n<p style=\"text-align: justify;\">\n<p style=\"text-align: justify;\">\u201cO prefeito solicitou ao deputado Andr\u00e9 Moura ajuda na libera\u00e7\u00e3o dessa emenda e ele foi muito sol\u00edcito. <strong>J\u00e1 a Caixa Econ\u00f4mica nos ajudou com R$ 100 mil<\/strong> e vamos procurar ainda outros patrocinadores\u201d, disse Elton.<\/p>\n<p style=\"text-align: justify;\">\nAinda segundo Coelho, <strong>os recursos ser\u00e3o depositados na conta da Secretaria de Estado da Cultura<\/strong>, pois a prefeitura n\u00e3o pode receber os recursos diretamente, por falta de algumas certid\u00f5es negativas.<\/p>\n<p style=\"text-align: justify;\">\n<strong>\u201cMas as contrata\u00e7\u00f5es v\u00e3o ser feitas pela Funcaju<\/strong>\u201d, informou Coelho.<\/p>\n<p style=\"text-align: justify;\">\nAs informa\u00e7\u00f5es foram transmitidas\u00a0hoje pela manh\u00e3, durante entrevista ao radialista Gilmar Carvalho, da r\u00e1dio Mix FM.<\/p>\n<p style=\"text-align: justify;\"><img loading=\"lazy\" decoding=\"async\" class=\"aligncenter size-full wp-image-103836\" src=\"http:\/\/senoticias.com.br\/se\/wp-content\/uploads\/2017\/06\/Logo-fone-1-2-1-2-4-2.jpg\" alt=\"Logo-fone-1-2-1-2-4-2\" width=\"599\" height=\"78\" srcset=\"https:\/\/senoticias.com.br\/se\/wp-content\/uploads\/2017\/06\/Logo-fone-1-2-1-2-4-2.jpg 599w, https:\/\/senoticias.com.br\/se\/wp-content\/uploads\/2017\/06\/Logo-fone-1-2-1-2-4-2-300x39.jpg 300w\" sizes=\"(max-width: 599px) 100vw, 599px\" \/><\/p>\n<p style=\"text-align: justify;\"><strong>Acompanhe tamb\u00e9m o SE Not\u00edcias no<\/strong><span class=\"apple-converted-space\"><b>\u00a0<\/b><\/span><a href=\"https:\/\/twitter.com\/Senoticias\" target=\"_blank\"><b>Twitter<\/b><\/a><strong>,<\/strong><span class=\"apple-converted-space\"><b>\u00a0<\/b><\/span><a href=\"https:\/\/www.facebook.com\/senoticias1\" target=\"_blank\"><b>Facebook<\/b><span class=\"apple-converted-space\"><b>\u00a0<\/b><\/span><\/a><strong>e no<\/strong><span class=\"apple-converted-space\"><b>\u00a0<\/b><\/span><b><a href=\"https:\/\/www.instagram.com\/senoticias\/\" target=\"_blank\">Instagram<\/a>\u00a0<\/b><\/p>\n<p style=\"text-align: justify;\"><em>Por Max Augusto\/Blog do Max<\/em><\/p>\n","protected":false},"excerpt":{"rendered":"<p>Ainda n\u00e3o\u00a0acabou a \u2018novela\u2019 sobre a realiza\u00e7\u00e3o do Forr\u00f3 Caju 2017. Foi liberada\u00a0uma emenda de R$ 1,4 milh\u00e3o pelo Governo Federal e o planejamento \u00e9 de que a festa dever\u00e1\u00a0ocorrer nos dias 23, 24 e 25 de junho.\u00a0 De acordo com o secret\u00e1rio adjunto de Comunica\u00e7\u00e3o da Prefeitura de Aracaju, Elton Coelho, se a emenda [&hellip;]<\/p>\n","protected":false},"author":2,"featured_media":103992,"comment_status":"closed","ping_status":"closed","sticky":false,"template":"","format":"standard","meta":{"footnotes":""},"categories":[15,21],"tags":[4138,3026],"class_list":{"0":"post-103991","1":"post","2":"type-post","3":"status-publish","4":"format-standard","5":"has-post-thumbnail","7":"category-destaques","8":"category-entretenimento","9":"tag-forro-caju","10":"tag-programacao"},"_links":{"self":[{"href":"https:\/\/senoticias.com.br\/se\/wp-json\/wp\/v2\/posts\/103991"}],"collection":[{"href":"https:\/\/senoticias.com.br\/se\/wp-json\/wp\/v2\/posts"}],"about":[{"href":"https:\/\/senoticias.com.br\/se\/wp-json\/wp\/v2\/types\/post"}],"author":[{"embeddable":true,"href":"https:\/\/senoticias.com.br\/se\/wp-json\/wp\/v2\/users\/2"}],"replies":[{"embeddable":true,"href":"https:\/\/senoticias.com.br\/se\/wp-json\/wp\/v2\/comments?post=103991"}],"version-history":[{"count":0,"href":"https:\/\/senoticias.com.br\/se\/wp-json\/wp\/v2\/posts\/103991\/revisions"}],"wp:featuredmedia":[{"embeddable":true,"href":"https:\/\/senoticias.com.br\/se\/wp-json\/wp\/v2\/media\/103992"}],"wp:attachment":[{"href":"https:\/\/senoticias.com.br\/se\/wp-json\/wp\/v2\/media?parent=103991"}],"wp:term":[{"taxonomy":"category","embeddable":true,"href":"https:\/\/senoticias.com.br\/se\/wp-json\/wp\/v2\/categories?post=103991"},{"taxonomy":"post_tag","embeddable":true,"href":"https:\/\/senoticias.com.br\/se\/wp-json\/wp\/v2\/tags?post=103991"}],"curies":[{"name":"wp","href":"https:\/\/api.w.org\/{rel}","templated":true}]}}